{"id":8800,"date":"2018-08-02T09:14:20","date_gmt":"2018-08-02T07:14:20","guid":{"rendered":"http:\/\/www.ladislavjakl.cz\/?p=8800"},"modified":"2018-08-02T09:14:20","modified_gmt":"2018-08-02T07:14:20","slug":"komentar-kdo-ma-dlouhy-vlas-nesmi-mezi-nas-a-toho-s-konskym-ohonem-vykopnete-z-ct-ven","status":"publish","type":"post","link":"https:\/\/www.ladislavjakl.cz\/?p=8800","title":{"rendered":"KOMENT\u00c1\u0158: Kdo m\u00e1 dlouh\u00fd vlas, nesm\u00ed mezi n\u00e1s a toho s ko\u0148sk\u00fdm ohonem vykopn\u011bte z \u010cT ven!"},"content":{"rendered":"<p>\u010cesk\u00fd profesor Igor Luke\u0161 z&nbsp;Bostonsk\u00e9 univerzity se d\u00edlem necht\u011bn\u00e9ho (ne)mile odkopal a zrcadlil n\u00e1m elit\u00e1\u0159sk\u00e9 a neobol\u0161evick\u00e9 tendence \u0159ady tzv. \u201eliber\u00e1ln\u00edch demokrat\u016f\u201c. Luke\u0161 v&nbsp;po\u0159adu \u010cesk\u00e9 televize neunesl argumentaci Ladislava Jakla a bez jak\u00fdchkoliv v\u011bcn\u00fdch protiargument\u016f ozna\u010dil oponentovy n\u00e1zory za l\u017ei a nesmysly, slovn\u011b za\u00fato\u010dil na jeho vzhled de facto s t\u00edm, \u017ee nech\u00e1pe, jak m\u016f\u017ee takov\u00fdto \u010dlov\u011bk dost\u00e1vat prostor. Bude se pan profesor uch\u00e1zet o m\u00edsto dramaturga v&nbsp;\u010cT, aby to m\u011bl na p\u0159\u00ed\u0161t\u011b pod palcem? Nebo by r\u00e1d vlastn\u00ed one man show \u201eJ\u00e1, seri\u00f3zn\u00ed pravda Luke\u0161\u201c?<\/p>\n<p><!--more--><\/p>\n<p><a href=\"https:\/\/www.ceskatelevize.cz\/ivysilani\/1096898594-udalosti-komentare\/218411000370719\" target=\"_blank\" rel=\"noopener\">Ud\u00e1losti, koment\u00e1\u0159e<\/a>&nbsp;na \u010cesk\u00e9 televizi&nbsp;nab\u00eddly minul\u00fd \u010dtvrtek v&nbsp;r\u00e1mci programu k&nbsp;summitu Trump \u2013 Putin nev\u00eddanou show. V&nbsp;hlavn\u00ed roli \u00fa\u010dinkoval \u010ceskou televiz\u00ed \u010dasto zvan\u00fd profesor Igor Luke\u0161, kter\u00fd dlouhodob\u011b \u017eije v USA a u\u010d\u00ed na Bostonsk\u00e9 univerzit\u011b. Nejzaj\u00edmav\u011bj\u0161\u00ed a z\u00e1rove\u0148 nejbizarn\u011bj\u0161\u00ed okam\u017eiky vnesl do po\u0159adu pr\u00e1v\u011b akademik, kter\u00fd neudr\u017eel nervy na uzd\u011b pot\u00e9, co b\u00fdval\u00fd \u0159editel politick\u00e9ho odboru Kancel\u00e1\u0159e prezidenta republiky Ladislav Jakl pochv\u00e1lil posledn\u00ed m\u011bs\u00edc \u00fa\u0159adov\u00e1n\u00ed prezidenta Donalda Trumpa a nazna\u010dil, \u017ee USA vedou vnitropolitick\u00fd boj.<\/p>\n<p>Podle Ladislava Jakla Donald Trump p\u0159edvedl za posledn\u00ed m\u011bs\u00edc nejlep\u0161\u00ed periodu sv\u00e9ho prezidentov\u00e1n\u00ed. Jakl nap\u0159\u00edklad \u0159ekl, \u017ee Trumpov\u00fdm&nbsp;\u00fasp\u011bchem byl summit se severokorejsk\u00fdm prezidentem, velmi spr\u00e1vn\u011b americk\u00fd prezident po\u0161\u0165ouchl Velkou Brit\u00e1nii v&nbsp;jedn\u00e1n\u00ed o Brexitu, velmi dob\u0159e zafungoval na summitu G7, m\u011bl opr\u00e1vn\u011bn\u00e9 v\u00fdhrady na summitu NATO a kone\u010dn\u011b byl schopen se sej\u00edt s&nbsp;jedn\u00edm z&nbsp;d\u016fle\u017eit\u00fdch hr\u00e1\u010d\u016f&nbsp;Vladimirem Putinem.<\/p>\n<h3>Sv\u011bt nen\u00ed ned\u011bln\u00ed \u0161kola&#8230; Ml\u010d, ko\u0148sk\u00fd ohone!<\/h3>\n<p>\u201eTen sv\u011bt nen\u00ed ned\u011bln\u00ed \u0161kola. To, \u017ee Ameri\u010dani jsou schopni sk\u00e1cet sto re\u017eim\u016f po cel\u00e9m sv\u011bt\u011b za posledn\u00edch n\u011bkolik des\u00edtek let a instalovat vl\u00e1dy, to je nepochybn\u011b pravda a ostatn\u00ed velk\u00e9 zem\u011b h\u00e1j\u00ed svoje z\u00e1jmy v\u0161ude mo\u017en\u011b po sv\u011bt\u011b a nepochybn\u011b se p\u0159itom pou\u017e\u00edvaj\u00ed r\u016fzn\u00e9 metody, ale fakt \u017ee tato hra nem\u00e1 s&nbsp;Ruskem nebo s&nbsp;n\u011bk\u00fdm jin\u00fdm v\u016fbec nic spole\u010dn\u00e9ho\u2026 To je americko-americk\u00e1 v\u011bc a naprost\u00e9 nesm\u00ed\u0159en\u00ed se establishmentu s&nbsp;Trumpem\u2026,\u201c doplnil Jakl, na\u010de\u017e se profesor Luke\u0161 projevil zp\u016fsobem, za kter\u00fd by se nemusel styd\u011bt ani sv\u00e9ho \u010dasu Milou\u0161 Jake\u0161.<\/p>\n<p>\u201eV\u00edte j\u00e1, ne\u017e v\u00e1m odpov\u00edm, tak v\u00e1m mus\u00edm \u0159\u00edct, \u017ee v\u016fbec nev\u00edm, jak na tuhle situaci reagovat, proto\u017ee vy jste m\u011b pozval do tady toho programu a nakonec j\u00e1 tady jsem nucen poslouchat otev\u0159en\u00e9 l\u017ei, nesmysly a v\u00fdmysly, kdy na jedn\u00e9 stran\u011b m\u00e1me n\u00e1zory seri\u00f3zn\u00edch americk\u00fdch profesion\u00e1l\u016f, vlastenc\u016f, kte\u0159\u00ed cel\u00fd \u017eivot pracuj\u00ed pro dobro Spojen\u00fdch st\u00e1t\u016f. Lid\u00ed jako John Brennon, James Clapper, Dan Coates. To je \u010dlov\u011bk, kter\u00fd state\u010dn\u011b sv\u00e9mu prezidentovi \u0159\u00edk\u00e1 do tv\u00e1\u0159e pravdu. Tyhle lidi d\u00e1me \u00fapln\u011b stranou a d\u00e1me hlas tady tomu p\u00e1novi, kter\u00e9ho sice nevid\u00edm, ale v\u00edm z&nbsp;n\u011bjak\u00e9 star\u00e9 fotografie, \u017ee m\u00e1 ko\u0148sk\u00fd ohon na hlav\u011b, a z&nbsp;toho snad m\u00e1m uzav\u0159\u00edt, \u017ee m\u00e1 autoritu mluvit o tom, co je dobr\u00e9 pro Spojen\u00e9 st\u00e1ty, nebo co je dokonce dobr\u00e9 pro celou z\u00e1padn\u00ed alianci.<\/p>\n<h3>Absurdn\u00ed l\u017ei vyp\u016fj\u010den\u00e9 ze slovn\u00edku Kremlu! To v\u00edte, typick\u00e1 m\u00e1ni\u010dka<\/h3>\n<p>Na pozn\u00e1mku moder\u00e1tora, \u017ee p\u0159ece nez\u00e1le\u017e\u00ed na tom, jak kdo vypad\u00e1, a\u0165 se bav\u00ed o tom, jak\u00e9 argumenty zazn\u00edvaj\u00ed, profesor dodal: \u201eNo, j\u00e1 reaguji pr\u00e1v\u011b na ty argumenty a ten ko\u0148sk\u00fd ohon nevid\u00edm a nikdy bych ho nezm\u00ednil neb\u00fdt toho, \u017ee jsem pr\u00e1v\u011b sly\u0161el tyhlety absurdn\u00ed l\u017ei, kter\u00e9 jsou vyp\u016fj\u010den\u00e9 ze slovn\u00edku Kremlu, kter\u00fd dezinformuje div\u00e1ky pr\u00e1v\u011b t\u00edmhle zp\u016fsobem, \u017ee d\u00e1me \u010dty\u0159i minuty pravd\u011b, \u010dty\u0159i minuty l\u017e\u00edm a div\u00e1k potom pokr\u010d\u00ed rameny a \u0159\u00edk\u00e1: Tak vid\u00edte, ono je to slo\u017eit\u00e9, poj\u010fme se rad\u011bji d\u00edvat na fotbal.\u201c<\/p>\n<p>J\u00e1 tam (a ani pozd\u011bji) \u017e\u00e1dn\u00e9 protiargumenty nezaznamenal. Co je v\u016fbec nejd\u011bsiv\u011bj\u0161\u00ed, nebo jde minim\u00e1ln\u011b o m\u016fj dojem, je ona&nbsp;nebezpe\u010dn\u00e1 totalitn\u00ed tendence: Jak je mo\u017en\u00e9, \u017ee takov\u00fdto \u201eneseri\u00f3zn\u00ed ko\u0148sk\u00fd ohon\u201c dost\u00e1v\u00e1 prostor ve ve\u0159ejnopr\u00e1vn\u00ed&nbsp;televizi, nota bene po boku m\u011b, velk\u00e9ho profesora z&nbsp;USA, jemu\u017e se neodporuje, ale p\u0159itak\u00e1v\u00e1! Zkuste si ostatn\u011b odmyslet, kdo co \u0159ekl, a polo\u017ete si ot\u00e1zku, kterou z&nbsp;citac\u00ed byste p\u0159i\u0159adili&nbsp;demokratovi a univerzitn\u00edmu profesorovi, slovy Luke\u0161e \u201eseri\u00f3zn\u00edmu\u201c \u010dlov\u011bku, a kterou byste tipovali na \u201eneseri\u00f3zn\u00edho\u201c \u010dlov\u011bka.&nbsp; Paradoxn\u00ed, \u017ee? Stejn\u011b jako v&nbsp;sou\u010dasn\u00e9m sv\u011btle Luke\u0161ova slova z&nbsp;rozhovoru pro&nbsp;<a href=\"https:\/\/zpravy.idnes.cz\/igor-lukes-rozhovor-0l1-\/zpr_archiv.aspx?c=A111205_153528_fotografove-mfdnes_chu\" target=\"_blank\" rel=\"noopener\">server&nbsp;<\/a>IDnes z&nbsp;roku 2011: \u201eKe ka\u017ed\u00e9mu se sna\u017e\u00edm chovat stejn\u011b rovn\u011b a \u010destn\u011b. Nekomentuji, jak \u017eeny vypadaj\u00ed, komentuji jejich pracovn\u00ed v\u00fdsledky.&nbsp; Neobt\u011b\u017euji studenty vlastn\u00edmi n\u00e1zory, nab\u00edz\u00edm fakta a jejich anal\u00fdzu.\u201c<\/p>\n<h3>Kdy\u017e se obraz profesora t\u0159\u00ed\u0161t\u00ed podobn\u011b jako renom\u00e9 ve\u0159ejnopr\u00e1vn\u00ed televize<\/h3>\n<p>Vypad\u00e1 to, \u017ee obraz uzn\u00e1van\u00e9ho historika, profesora z&nbsp;Bostonsk\u00e9 univerzity a odborn\u00edka \u010dasto zvan\u00e9ho do \u010cesk\u00e9 televize utrp\u011bl zna\u010dn\u00e9 \u0161r\u00e1my. D\u00edky za to i Ladislavu Jaklovi, by\u0165 bylo podle m\u011b jen ot\u00e1zkou \u010dasu, ne\u017e se tento profesor vybarv\u00ed v&nbsp;cel\u00e9 sv\u00e9 \u201ekr\u00e1se\u201c. Doposud v\u0161ak nem\u011bl tu \u010dest \u010delit \u0159\u00e1dn\u00e9mu n\u00e1zorov\u00e9mu oponentovi. Za pozv\u00e1n\u00ed \u010dlov\u011bka s&nbsp;jin\u00fdm \u00fahlem pohledu ne\u017e je \u017e\u00e1douc\u00ed (L. Jakla), pak mus\u00edm v\u00fdjime\u010dn\u011b pochv\u00e1lit i \u010ceskou televizi. Ob\u00e1v\u00e1m se v\u0161ak, \u017ee ji \u201ekauza\u201c Luke\u0161 natolik vyd\u011bsila (kdo v\u00ed, zda nep\u0159i\u0161el i varovn\u00fd ukazov\u00e1\u010dek, a\u0165 u\u017e odkudkoliv), \u017ee si na dal\u0161\u00ed pozv\u00e1nku pro n\u011bkoho \u201enesp\u0159\u00edzn\u011bn\u00e9ho\u201c mo\u017en\u00e1 po\u010dk\u00e1me.<\/p>\n<p>Ostatn\u011b nebezpe\u010dn\u00e9 tendence vykl\u00e1dat lidem tu jedinou spr\u00e1vnou pravdu maj\u00ed \u010dasto nejen host\u00e9 ve\u0159ejnopr\u00e1vn\u00ed \u010cesk\u00e9 televize, ale i \u0159ada jej\u00edch redaktor\u016f. Vlajkovou lod\u00ed tohoto trendu je po\u0159ad Newsroom \u010cT24 zam\u011b\u0159uj\u00edc\u00ed se nez\u0159\u00eddka na \u201efake news\u201c a \u201edezinformace\u201c (samoz\u0159ejm\u011b jen ty \u201eprorusk\u00e9\u201c), kter\u00fd se aktu\u00e1ln\u011b pustil do \u201en\u00e1c\u00ed\u010dk\u016f\u201c z&nbsp;Primy, kte\u0159\u00ed si dovolili v&nbsp;souvislosti s bruselskou \u010dtvrt\u00ed Molenbeek malinko nabourat jejich pravdu a l\u00e1sku multikulturn\u00edho sou\u017eit\u00ed.<\/p>\n<p>Skon\u010d\u00edm, jak jsem za\u010dal. Kdo m\u00e1 dlouh\u00fd vlas, nesm\u00ed mezi n\u00e1s&nbsp;a toho s&nbsp;ko\u0148sk\u00fdm ohonem vykopn\u011bte z&nbsp;\u010cT ven! Chra\u0148 B\u016fh studenty, kter\u00e9 u\u010d\u00ed podobn\u00ed demokrat\u00e9 jako profesor Luke\u0161!<\/p>\n<p><a href=\"https:\/\/prima.iprima.cz\/zpravodajstvi\/komentar-kdo-ma-dlouhy-vlas-nesmi-mezi-nas-toho-s-konskym-ohonem-vykopnete-z-ct-ven\">Zdroj<\/a><\/p>\n","protected":false},"excerpt":{"rendered":"<p>\u010cesk\u00fd profesor Igor Luke\u0161 z&nbsp;Bostonsk\u00e9 univerzity se d\u00edlem necht\u011bn\u00e9ho (ne)mile odkopal a zrcadlil n\u00e1m elit\u00e1\u0159sk\u00e9 a neobol\u0161evick\u00e9 tendence \u0159ady tzv. \u201eliber\u00e1ln\u00edch demokrat\u016f\u201c. Luke\u0161 v&nbsp;po\u0159adu \u010cesk\u00e9 televize neunesl argumentaci Ladislava Jakla a bez jak\u00fdchkoliv v\u011bcn\u00fdch protiargument\u016f ozna\u010dil oponentovy n\u00e1zory za l\u017ei a nesmysly, slovn\u011b za\u00fato\u010dil na jeho vzhled de facto s t\u00edm, \u017ee nech\u00e1pe, jak m\u016f\u017ee [&hellip;]<\/p>\n","protected":false},"author":1,"featured_media":0,"comment_status":"open","ping_status":"open","sticky":false,"template":"","format":"standard","meta":{"ngg_post_thumbnail":0,"footnotes":""},"categories":[11],"tags":[],"class_list":["post-8800","post","type-post","status-publish","format-standard","hentry","category-ozvena"],"_links":{"self":[{"href":"https:\/\/www.ladislavjakl.cz\/index.php?rest_route=\/wp\/v2\/posts\/8800","targetHints":{"allow":["GET"]}}],"collection":[{"href":"https:\/\/www.ladislavjakl.cz\/index.php?rest_route=\/wp\/v2\/posts"}],"about":[{"href":"https:\/\/www.ladislavjakl.cz\/index.php?rest_route=\/wp\/v2\/types\/post"}],"author":[{"embeddable":true,"href":"https:\/\/www.ladislavjakl.cz\/index.php?rest_route=\/wp\/v2\/users\/1"}],"replies":[{"embeddable":true,"href":"https:\/\/www.ladislavjakl.cz\/index.php?rest_route=%2Fwp%2Fv2%2Fcomments&post=8800"}],"version-history":[{"count":1,"href":"https:\/\/www.ladislavjakl.cz\/index.php?rest_route=\/wp\/v2\/posts\/8800\/revisions"}],"predecessor-version":[{"id":8801,"href":"https:\/\/www.ladislavjakl.cz\/index.php?rest_route=\/wp\/v2\/posts\/8800\/revisions\/8801"}],"wp:attachment":[{"href":"https:\/\/www.ladislavjakl.cz\/index.php?rest_route=%2Fwp%2Fv2%2Fmedia&parent=8800"}],"wp:term":[{"taxonomy":"category","embeddable":true,"href":"https:\/\/www.ladislavjakl.cz\/index.php?rest_route=%2Fwp%2Fv2%2Fcategories&post=8800"},{"taxonomy":"post_tag","embeddable":true,"href":"https:\/\/www.ladislavjakl.cz\/index.php?rest_route=%2Fwp%2Fv2%2Ftags&post=8800"}],"curies":[{"name":"wp","href":"https:\/\/api.w.org\/{rel}","templated":true}]}}