{"id":8806,"date":"2018-08-02T09:19:20","date_gmt":"2018-08-02T07:19:20","guid":{"rendered":"http:\/\/www.ladislavjakl.cz\/?p=8806"},"modified":"2018-08-02T09:19:20","modified_gmt":"2018-08-02T07:19:20","slug":"idiot-idiot-porad-na-ct-ma-mozek-kauza-jakl-s-ohonem-neztraci-rychlost","status":"publish","type":"post","link":"https:\/\/www.ladislavjakl.cz\/?p=8806","title":{"rendered":"Idiot, idiot, po\u0159\u00e1d na \u010cT. M\u00e1 mozek? Kauza \u201eJakl s ohonem\u201c neztr\u00e1c\u00ed rychlost"},"content":{"rendered":"<p>N\u00e1vrat ke komunismu a k bol\u0161evismu t\u0159icet let po p\u00e1du \u017eelezn\u00e9 opony \u2013 tak se mluv\u00ed o st\u0159etnut\u00ed Ladislava Jakla, n\u011bkdej\u0161\u00edho spolupracovn\u00edka exprezidenta V\u00e1clava Klause, a profesora mezin\u00e1rodn\u00edch vztah\u016f Bostonsk\u00e9 univerzity Igora Luke\u0161e v po\u0159adu Ud\u00e1losti, koment\u00e1\u0159e \u010cesk\u00e9 televize. B\u011bhem n\u00ed do\u0161lo ve \u010dtvrtek k n\u00e1zorov\u00e9mu st\u0159etu ohledn\u011b politiky americk\u00e9ho prezidenta Donalda Trumpa.<\/p>\n<p><!--more--><\/p>\n<p>Kritika sm\u011brem k&nbsp;Igoru Luke\u0161ovi se strhla p\u0159edev\u0161\u00edm kv\u016fli napad\u00e1n\u00ed fyzick\u00e9ho vzhledu oponenta a jeho ozna\u010den\u00ed za lh\u00e1\u0159e. Politologa Luk\u00e1\u0161e Jel\u00ednka tak expresivn\u00ed zp\u016fsob reakce zarazil: \u201eNev\u00edm, zda to byla z&nbsp;jeho strany p\u00f3za, nebo se nechal vyv\u00e9st z&nbsp;form\u00e1tu, tak\u0159\u00edkaj\u00edc vyto\u010dit, ale n\u00e1lepkovat protistranu ozna\u010den\u00edm lh\u00e1\u0159e nen\u00ed vhodn\u00e9 v&nbsp;\u017e\u00e1dn\u00e9 debat\u011b, ani kdybychom se v&nbsp;debat\u011b se skute\u010dn\u00fdm lh\u00e1\u0159em potkali. Nep\u0159i\u0161lo mi d\u016fstojn\u00e9 argumentovat zjevem, vzez\u0159en\u00edm Ladislava Jakla, proto\u017ee to je \u00fapln\u011b mimo t\u00e9ma.\u201c<\/p>\n<h4>\u0160t\u011bp\u00e1nek: M\u00e1\u0161-li dlouh\u00fd vlas, necho\u010f mezi n\u00e1s<\/h4>\n<p>Vyj\u00e1d\u0159en\u00ed k&nbsp;cel\u00e9mu incidentu vydal tak\u00e9 Institut V\u00e1clava Klause: \u201eLadislav Jakl, kter\u00fd deset let zast\u00e1val funkci \u0159editele Politick\u00e9ho odboru Kancel\u00e1\u0159e prezidenta republiky, b\u00fdval poslancem a novin\u00e1\u0159em Lidov\u00fdch novin, nem\u00e1 podle pokrok\u00e1\u0159\u016f pr\u00e1vo hovo\u0159it o americk\u00e9 politice. Bez jak\u00fdchkoliv argument\u016f je nen\u00e1vistn\u011b ur\u00e1\u017een, naz\u00fdv\u00e1n lh\u00e1\u0159em a uml\u010dov\u00e1n. A to jenom proto, \u017ee se odv\u00e1\u017eil zastat se sou\u010dasn\u00e9ho americk\u00e9ho prezidenta. Tak daleko jsme se dostali za necel\u00fdch t\u0159icet let od p\u00e1du komunismu,\u201c uv\u00e1d\u00ed IVK ve sv\u00e9m stanovisku. D\u00e1le p\u0159ipomn\u011bl, \u017ee n\u00e1stup totality m\u00e1 v\u017edy podobn\u00e9 rysy \u2013&nbsp; potla\u010dov\u00e1n\u00ed svobody slova, uml\u010dov\u00e1n\u00ed nepohodln\u00fdch n\u00e1zor\u016f, snaha o perzekuci jejich nositel\u016f, cenzura, n\u00e1zorov\u00fd monopol a manipulace ve\u0159ejnost\u00ed. IVK rovn\u011b\u017e varoval, \u017ee boj o svobodu slova za\u010dal a demokracie je ve v\u00e1\u017en\u00e9m ohro\u017een\u00ed. Hudebn\u00edk a spisovatel Petr \u0160t\u011bp\u00e1nek byl ost\u0159ej\u0161\u00ed: \u201eNic nov\u00e9ho pod sluncem. Vzpom\u00edn\u00e1te? M\u00e1\u0161-li dlouh\u00fd vlas, necho\u010f mezi n\u00e1s. To u\u017e jsme tu m\u011bli. Z&nbsp;\u010deho\u017e vypl\u00fdv\u00e1, \u017ee Luke\u0161 je stejn\u00e9ho rodu, jako byli komunist\u00e9 v&nbsp;minul\u00e9m re\u017eimu. On je idiot. Regul\u00e9rn\u00ed idiot, a proto si ho tak \u010dasto zvou do \u010cesk\u00e9 televize. A maj\u00ed tam cel\u00fd takov\u00fd v\u011bj\u00ed\u0159 podobn\u00fdch t\u00fdpk\u016f,\u201c \u0159ekl \u0160t\u011bp\u00e1nek s&nbsp;t\u00edm, \u017ee lze libovoln\u011b dopl\u0148ovat dal\u0161\u00ed jm\u00e9na.&nbsp;<\/p>\n<p>https:\/\/www.youtube.com\/watch?v=UJySRifE9kU<\/p>\n<p>\u0160t\u011bp\u00e1nek i Jel\u00ednek se shoduj\u00ed, \u017ee setk\u00e1n\u00ed r\u016fzn\u00fdch n\u00e1zor\u016f ve ve\u0159ejnopr\u00e1vn\u00ed televizi je v&nbsp;po\u0159\u00e1dku a je dob\u0159e, \u017ee dostalo v&nbsp;\u010cesk\u00e9 televizi prostor. \u201eM\u00e9dia ve\u0159ejn\u00e9 slu\u017eby t\u00edmto p\u0159\u00edkladem uk\u00e1zala, \u017ee d\u00e1vaj\u00ed prostor r\u016fzn\u00fdm stran\u00e1m, by\u0165 se to n\u00e1zorov\u00fdm oponent\u016fm nemus\u00ed l\u00edbit, a t\u00edm pln\u00ed svoji roli. Kdy\u017e se pod\u00edv\u00e1m na zbytek medi\u00e1ln\u00edho trhu, \u010dlov\u011bk si dok\u00e1\u017ee p\u0159e\u010d\u00edst rozd\u00edln\u00e9 koment\u00e1\u0159e o americk\u00e9 politice \u010di rusko-americk\u00fdch vztaz\u00edch a je to spr\u00e1vn\u011b,\u201c uvedl politolog Jel\u00ednek s&nbsp;t\u00edm, \u017ee odborn\u00edci k&nbsp;t\u00e9matu se ne v\u017edy daj\u00ed snadno naj\u00edt, obzvl\u00e1\u0161t\u011b v&nbsp;letn\u00edch m\u011bs\u00edc\u00edch.<\/p>\n<div><strong>Politolog: V&nbsp;\u010cesk\u00e9 televizi mus\u00ed zazn\u00edvat alternativn\u00ed n\u00e1zory<\/strong><\/div>\n<p>Podle Jel\u00ednka je d\u016fle\u017eit\u00e9, aby v&nbsp;takov\u00fdch debatn\u00edch form\u00e1tech, jako jsou Ud\u00e1losti, koment\u00e1\u0159e, zazn\u00edvaly alternativn\u00ed n\u00e1zory. \u201eAby zazn\u00edvaly n\u00e1zory pro a proti. Zat\u00edmco t\u0159eba v&nbsp;Ud\u00e1lostech, co\u017e je zpravodajsk\u00fd form\u00e1t, by si \u010cesk\u00e1 televize m\u011bla d\u00e1t z\u00e1le\u017eet na tom, aby p\u0159in\u00e1\u0161ela informace pokud mo\u017eno ov\u011b\u0159en\u00e9 a objektivn\u00ed, tak v&nbsp;p\u0159\u00edpad\u011b Ud\u00e1lost\u00ed, koment\u00e1\u0159\u016f m\u016f\u017ee d\u00e1t prostor jin\u00fdm \u00fahl\u016fm pohledu. U\u017e jen proto, \u017ee takov\u00e9 kategorie jako pravda, le\u017e, dobro a zlo se nikdy neobejdou bez druh\u00e9ho p\u00f3lu. Je t\u0159eba mezi nimi hledat obsah, a proto je pot\u0159ebn\u00e9, aby zazn\u00edvaly v&nbsp;\u010cesk\u00e9 televizi n\u00e1zory, kter\u00e9 skupinu ob\u010dan\u016f nadzvednou ze \u017eidl\u00ed.\u201c<\/p>\n<p>Petr \u0160t\u011bp\u00e1nek se domn\u00edv\u00e1, \u017ee se v&nbsp;\u010cesk\u00e9 televizi n\u011bkdo chytil za hlavu: \u201eAbychom byli k&nbsp;\u010cesk\u00e9 televizi spravedliv\u00ed, je to \u010dist\u011b m\u016fj subjektivn\u00ed pocit, ale m\u00e1m pocit, \u017ee se tam n\u011bkdo p\u0159eci jenom chytil za hlavu a \u017ee ta tot\u00e1ln\u00ed jednostrannost \u010cesk\u00e9 televize je nyn\u00ed o n\u011bco men\u0161\u00ed, ne\u017e byla t\u0159eba p\u0159ed rokem. Ale nic to nem\u011bn\u00ed na tom, \u017ee to st\u00e1le nen\u00ed vyv\u00e1\u017een\u00e9 zpravodajstv\u00ed a publicistika. Oni jsou st\u00e1le v&nbsp;z\u00e1v\u011bsu t\u00e9 p\u0159\u00ed\u0161ern\u00e9 liber\u00e1ln\u00ed demokracie, kter\u00e1 se zvrhla v&nbsp;eurobol\u0161evismus, nebo jak to pojmenovat.\u201c Spolu s&nbsp;politologem se nav\u00edc shodl, \u017ee hodnotit u n\u011bkter\u00fdch t\u00e9mat, co je le\u017e a co je pravda, je obt\u00ed\u017en\u00e9. Jel\u00ednek ozna\u010dil mezin\u00e1rodn\u00ed vztahy za kolbi\u0161t\u011b, kde se \u010dasto absolutn\u00ed pravdu nedozv\u00edme nikdy a od nikoho.<\/p>\n<h4>Jakl m\u00e1 Klausovu \u0161kolu<\/h4>\n<p>\u201eV&nbsp;tom p\u0159\u00edpad\u011b se otev\u00edr\u00e1 prostor po nejr\u016fzn\u011bj\u0161\u00ed spekulace a interpretace. Jakl je \u010dlov\u011bk, kter\u00fd v\u017edy chod\u00ed s nejr\u016fzn\u011bj\u0161\u00edmi spekulacemi a interpretacemi, a\u0165 u\u017e v zahrani\u010dn\u00ed, \u010di dom\u00e1c\u00ed t\u00e9matice, a um\u00ed \u0161ikovn\u011b \u0161ermovat. Zkr\u00e1tka m\u00e1 dobrou Klausovu \u0161kolu, na to jsme v&nbsp;\u010cesk\u00e9 republice zvykl\u00ed a mo\u017en\u00e1 by to ani jin\u00e9ho jeho spoludebat\u00e9ra ve studiu nep\u0159ekvapilo tolik jako Luke\u0161e, kter\u00fd \u017eije ve Spojen\u00fdch st\u00e1tech a je zvykl\u00fd na jin\u00fd styl, jinou \u00farove\u0148 a jinou kulturu politick\u00e9ho dialogu, co se t\u00fdk\u00e1 t\u00e9 obsahov\u00e9 str\u00e1nky,\u201c vysv\u011btlil politolog.<\/p>\n<p>Ladislav Jakl b\u011bhem zm\u00edn\u011bn\u00e9 diskuze prohl\u00e1sil, \u017ee sv\u011bt nen\u00ed ned\u011bln\u00ed \u0161kola a \u017ee Ameri\u010dan\u00e9 jsou schopni sk\u00e1cet sto re\u017eim\u016f po cel\u00e9m sv\u011bt\u011b za posledn\u00edch n\u011bkolik des\u00edtek let a instalovat vl\u00e1dy. Podle \u0160t\u011bp\u00e1nka je to pravda. \u201eKa\u017ed\u00fd \u010dlov\u011bk, kter\u00fd m\u00e1 v&nbsp;hlav\u011b mozek, mus\u00ed uznat, \u017ee na tom, co Jakl \u0159ekl, n\u011bco je. Ba dokonce, \u017ee je to cel\u00e9 pravda. Po t\u011bch m\u011bs\u00edc\u00edch, co je Trump ve funkci, je zcela jasn\u00e9, jak\u00fd je jeho zp\u016fsob d\u011bl\u00e1n\u00ed politiky. On nap\u0159ed ud\u011bl\u00e1 \u0161okuj\u00edc\u00ed prohl\u00e1\u0161en\u00ed, \u010d\u00edm\u017e na sebe upozorn\u00ed, v\u0161echny postav\u00ed p\u0159ed \u0161\u00edlen\u00e1 o\u010dek\u00e1v\u00e1n\u00ed a jeho vlastn\u00ed v\u00fdkon pak nen\u00ed tak razantn\u00ed,\u201c tvrdil \u0160t\u011bp\u00e1nek. Pak pr\u00fd p\u0159ich\u00e1z\u00ed Trumpova vst\u0159\u00edcn\u011bj\u0161\u00ed tv\u00e1\u0159. Odpov\u00edd\u00e1 to pr\u00fd jeho zp\u016fsobu d\u011bl\u00e1n\u00ed politiky, kter\u00fd souvis\u00ed s&nbsp;jeho podnik\u00e1n\u00edm. \u201eNebo to pojmenujeme jako \u010desk\u00e1 m\u00e9dia, \u017ee n\u011bco jin\u00e9ho \u0159\u00edk\u00e1 na za\u010d\u00e1tku a n\u011bco jin\u00e9ho ud\u011bl\u00e1. Spr\u00e1vn\u00fd v\u00fdklad je ten prvn\u00ed, je to jeho zp\u016fsob d\u011bl\u00e1n\u00ed politiky, nikoliv rozpory. M\u00e9dia postupuj\u00ed druh\u00fdm zp\u016fsobem. Nehodnot\u00ed jeho \u00fasp\u011b\u0161nost,\u201c uzav\u0159el \u0160t\u011bp\u00e1nek.<\/p>\n<p>Luk\u00e1\u0161 Jel\u00ednek naopak tvrd\u00ed, \u017ee Donald Trump se stal symbolem nep\u0159edv\u00eddateln\u00e9 politiky, politiky povrchn\u00ed, kde jeden den \u0159\u00edk\u00e1 A a druh\u00fd den B, mo\u017en\u00e1 i C. \u201eM\u011bn\u00ed svoje n\u00e1zory velmi rychle a hezk\u00e1 uk\u00e1zka toho je, kdy\u017e Trump v&nbsp;Helsink\u00e1ch hovo\u0159il o tom, \u017ee Rusko nem\u011blo d\u016fvod do americk\u00fdch voleb zasahovat, a pak se opravil, \u017ee cht\u011bl \u0159\u00edci: M\u011blo. Ukazuje, jak\u00e9 chov\u00e1n\u00ed mu p\u0159inese body, z\u00e1le\u017e\u00ed mu nejv\u00edce na vnitropolitick\u00e9m americk\u00e9m prost\u0159ed\u00ed a sv\u00e9 v\u00fdroky tomu p\u0159izp\u016fsobuje.\u201c To, \u017ee tento p\u0159\u00edstup h\u00e1j\u00ed zrovna Ladislav Jakl, Jel\u00ednka pr\u00fd a\u017e tolik nep\u0159ekvapuje. Sv\u00fdm zp\u016fsobem prost\u0159ed\u00ed okolo V\u00e1clava Klause bud\u00ed dojem, \u017ee jsou pr\u016fkopn\u00edci politick\u00e9ho chov\u00e1n\u00ed v&nbsp;\u010cesk\u00e9 republice.<\/p>\n<p><a href=\"https:\/\/www.parlamentnilisty.cz\/arena\/politologove\/Idiot-idiot-porad-na-CT-Ma-mozek-Kauza-Jakl-s-ohonem-neztraci-rychlost-545156\">Zdroj<\/a><\/p>\n","protected":false},"excerpt":{"rendered":"<p>N\u00e1vrat ke komunismu a k bol\u0161evismu t\u0159icet let po p\u00e1du \u017eelezn\u00e9 opony \u2013 tak se mluv\u00ed o st\u0159etnut\u00ed Ladislava Jakla, n\u011bkdej\u0161\u00edho spolupracovn\u00edka exprezidenta V\u00e1clava Klause, a profesora mezin\u00e1rodn\u00edch vztah\u016f Bostonsk\u00e9 univerzity Igora Luke\u0161e v po\u0159adu Ud\u00e1losti, koment\u00e1\u0159e \u010cesk\u00e9 televize. B\u011bhem n\u00ed do\u0161lo ve \u010dtvrtek k n\u00e1zorov\u00e9mu st\u0159etu ohledn\u011b politiky americk\u00e9ho prezidenta Donalda Trumpa.<\/p>\n","protected":false},"author":1,"featured_media":0,"comment_status":"open","ping_status":"open","sticky":false,"template":"","format":"standard","meta":{"ngg_post_thumbnail":0,"footnotes":""},"categories":[11],"tags":[],"class_list":["post-8806","post","type-post","status-publish","format-standard","hentry","category-ozvena"],"_links":{"self":[{"href":"https:\/\/www.ladislavjakl.cz\/index.php?rest_route=\/wp\/v2\/posts\/8806","targetHints":{"allow":["GET"]}}],"collection":[{"href":"https:\/\/www.ladislavjakl.cz\/index.php?rest_route=\/wp\/v2\/posts"}],"about":[{"href":"https:\/\/www.ladislavjakl.cz\/index.php?rest_route=\/wp\/v2\/types\/post"}],"author":[{"embeddable":true,"href":"https:\/\/www.ladislavjakl.cz\/index.php?rest_route=\/wp\/v2\/users\/1"}],"replies":[{"embeddable":true,"href":"https:\/\/www.ladislavjakl.cz\/index.php?rest_route=%2Fwp%2Fv2%2Fcomments&post=8806"}],"version-history":[{"count":1,"href":"https:\/\/www.ladislavjakl.cz\/index.php?rest_route=\/wp\/v2\/posts\/8806\/revisions"}],"predecessor-version":[{"id":8807,"href":"https:\/\/www.ladislavjakl.cz\/index.php?rest_route=\/wp\/v2\/posts\/8806\/revisions\/8807"}],"wp:attachment":[{"href":"https:\/\/www.ladislavjakl.cz\/index.php?rest_route=%2Fwp%2Fv2%2Fmedia&parent=8806"}],"wp:term":[{"taxonomy":"category","embeddable":true,"href":"https:\/\/www.ladislavjakl.cz\/index.php?rest_route=%2Fwp%2Fv2%2Fcategories&post=8806"},{"taxonomy":"post_tag","embeddable":true,"href":"https:\/\/www.ladislavjakl.cz\/index.php?rest_route=%2Fwp%2Fv2%2Ftags&post=8806"}],"curies":[{"name":"wp","href":"https:\/\/api.w.org\/{rel}","templated":true}]}}