{"id":8808,"date":"2018-08-02T09:21:23","date_gmt":"2018-08-02T07:21:23","guid":{"rendered":"http:\/\/www.ladislavjakl.cz\/?p=8808"},"modified":"2018-08-02T09:21:23","modified_gmt":"2018-08-02T07:21:23","slug":"pan-s-konskym-ohonem-na-hlave-a-slovnikem-kremlu-utok-profesora-lukese-na-jakla-v-ct-ma-pokracovani","status":"publish","type":"post","link":"https:\/\/www.ladislavjakl.cz\/?p=8808","title":{"rendered":"P\u00e1n s ko\u0148sk\u00fdm ohonem na hlav\u011b a slovn\u00edkem Kremlu? \u00datok profesora Luke\u0161e na Jakla v \u010cT m\u00e1 pokra\u010dov\u00e1n\u00ed"},"content":{"rendered":"<p>Praha \u2013 P\u0159ed necel\u00fdm t\u00fddnem se v po\u0159adu \u010cesk\u00e9 televize Ud\u00e1losti, koment\u00e1\u0159e st\u0159etli n\u011bkdej\u0161\u00ed poradce prezidenta V\u00e1clava Klause Ladislav Jakl a profesor Bostonsk\u00e9 univerzity Igor Luke\u0161. Jejich debata o americk\u00e9m prezidentovo Donaldu Trumpovi se ale pon\u011bkud zvrtla. A po n\u011bkolika dnech se k n\u00ed vyj\u00e1d\u0159il tak\u00e9 Institut V\u00e1clava Klause (IVK), na kter\u00e9m Jakl p\u016fsob\u00ed.<\/p>\n<p><!--more--><\/p>\n<p>Zat\u00edmco Jakl \u010diny Trumpa v diskuzi vychvaloval, Luke\u0161ovi, kter\u00fd byl se studiem spojen pomoc\u00ed webkamery na jeho po\u010d\u00edta\u010di, ale byla jeho slova proti srsti. Profesor historie a&nbsp;mezin\u00e1rodn\u00edch vztah\u016f z&nbsp;Bostonsk\u00e9 univerzity si proto neodpustil v\u00fdpad proti v\u00fdb\u011bru hosta ve studiu \u010cT.<\/p>\n<p>\u201eJ\u00e1 tady jsem nucen poslouchat otev\u0159en\u00e9 l\u017ei, nesmysly a&nbsp;v\u00fdmysly,\u201c post\u011b\u017eoval si Luke\u0161. \u201eNa jedn\u00e9 stran\u011b m\u00e1me n\u00e1zory seri\u00f3zn\u00edch americk\u00fdch profesion\u00e1l\u016f. A&nbsp;pak d\u00e1me hlas tomu p\u00e1novi, kter\u00e9ho sice nevid\u00edm, ale v\u00edm z&nbsp;n\u011bjak\u00e9 star\u00e9 fotografie, \u017ee m\u00e1 ko\u0148sk\u00fd ohon na hlav\u011b, a&nbsp;z&nbsp;toho snad m\u00e1m uzav\u0159\u00edt, \u017ee m\u00e1 autoritu mluvit o&nbsp;tom, co je dobr\u00e9 pro Spojen\u00e9 st\u00e1ty?\u201c ne\u0161et\u0159il sv\u00e9ho oponenta Luke\u0161.<\/p>\n<p>Jakl p\u0159ijal tato slova o sv\u00e9 osob\u011b s ur\u010ditou&nbsp;nads\u00e1zkou, Luke\u0161 ale d\u00e1l pokra\u010doval.&nbsp;\u201eTen ko\u0148sk\u00fd ohon nevid\u00edm a&nbsp;nikdy bych ho nezm\u00ednil neb\u00fdt toho, \u017ee jsem pr\u00e1v\u011b sly\u0161el tyhle absurdn\u00ed l\u017ei, kter\u00e9 jsou vyp\u016fj\u010den\u00e9 ze slovn\u00edku Kremlu, kter\u00fd dezinformuje div\u00e1ky pr\u00e1v\u011b t\u00edmhle zp\u016fsobem \u2013&nbsp;\u017ee d\u00e1me \u010dty\u0159i minuty pravd\u011b, \u010dty\u0159i minuty l\u017e\u00edm a&nbsp;div\u00e1k potom pokr\u010d\u00ed rameny a&nbsp;\u0159\u00edk\u00e1: ,Tak vid\u00edte, ono je to slo\u017eit\u00e9, poj\u010fme se rad\u011bji d\u00edvat na fotbal,\u2018,\u201c dodal profesor.<\/p>\n<p>Na po\u0159ad zareagoval na soci\u00e1ln\u00edch s\u00edt\u00edch nap\u0159\u00edklad tak\u00e9 mluv\u010d\u00ed prezidenta Milo\u0161e Zemana Ji\u0159\u00ed Ov\u010d\u00e1\u010dek. \u201eLuke\u0161 jen uk\u00e1zal v pln\u00e9 nahot\u011b totalitarismus \u201aliber\u00e1l\u016f\u2018. Odli\u0161n\u00fd n\u00e1zor ozna\u010duj\u00ed bez d\u016fkaz\u016f za le\u017e a ruskou propagandu. \u201aLiber\u00e1lov\u00e9\u2018 jsou extremist\u00e9 ohro\u017euj\u00edc\u00ed svobodu a demokracii. A proto je t\u0159eba s nimi bojovat. Tvrd\u011b bojovat!\u201c napsal Ov\u010d\u00e1\u010dek na soci\u00e1ln\u00ed s\u00edti twitter.<\/p>\n<p>A o n\u011bkolik dn\u00ed pozd\u011bji p\u0159idal vyj\u00e1d\u0159en\u00ed i Institut V\u00e1clava Klause. \u201eVe \u010dtvrtek 19.7.2018 v&nbsp;diskusn\u00edm po\u0159adu \u010cesk\u00e9 televize \u201eUd\u00e1losti, koment\u00e1\u0159e\u201c m\u011bli o Trumpov\u011b politice diskutovat Ladislav Jakl a pokrok\u00e1\u0159sk\u00fd akademik z&nbsp;Bostonu Igor Luke\u0161. Ten na Jaklovy argumenty ve prosp\u011bch Trumpovy politiky nebyl schopen v\u011bcn\u011b reagovat, na m\u00edsto polemiky jej za\u010dal osobn\u011b hrub\u011b ur\u00e1\u017eet a po\u017eadoval, aby lid\u00e9 Jaklova zjevu a n\u00e1zor\u016f&nbsp; nemohli sv\u00e9 n\u00e1zory ve\u0159ejn\u011b \u0159\u00edkat,\u201c tvrd\u00ed institut.<\/p>\n<p>Zmi\u0148uje i to, jak\u00e9 reakce kauza vyvolala. \u201eCel\u00fd incident vyvolal ve ve\u0159ejn\u00e9m prostoru v\u00e1\u0161nivou diskusi, kter\u00e1 v\u011bt\u0161inov\u011b odsoudila Luke\u0161ovo jedn\u00e1n\u00ed, ale zazn\u011blo v&nbsp;n\u00ed i n\u011bco velmi nebezpe\u010dn\u00e9ho. A kv\u016fli tomu protestujeme. Nejde toti\u017e ani tak o konkr\u00e9tn\u00ed arogantn\u00ed namy\u0161len\u00e9 hulv\u00e1tstv\u00ed Igora Luke\u0161e, ale o celkov\u00fd postoj hlasatel\u016f dne\u0161n\u00ed liber\u00e1ln\u00ed demokracie ke svobod\u011b slova, spole\u010densk\u00e9 diskusi a v\u016fbec k&nbsp;demokracii. Z&nbsp;\u0159ad jej\u00edch p\u0159edn\u00edch hlasatel\u016f se na internetu v&nbsp;kontextu duelu Jakl \u2013 Luke\u0161 za\u010dalo oz\u00fdvat, aby lid\u00e9 jin\u00fdch n\u00e1zor\u016f ne\u017e liber\u00e1ln\u011b mainstreamov\u00fdch nem\u011bli p\u0159\u00edstup do ve\u0159ejn\u00e9ho prostoru,\u201c p\u00ed\u0161e se na str\u00e1nk\u00e1ch institutu.<\/p>\n<p>Institut tak\u00e9 pouk\u00e1zal na to, \u017ee Jakl deset let zast\u00e1val funkci \u0159editele Politick\u00e9ho odboru Kancel\u00e1\u0159e prezidenta republiky, b\u00fdval poslancem a novin\u00e1\u0159em Lidov\u00fdch novin. A ani p\u0159esto pr\u00fd nem\u00e1 podle pokrok\u00e1\u0159\u016f pr\u00e1vo hovo\u0159it o americk\u00e9 politice.<\/p>\n<p>\u201eBez jak\u00fdchkoliv argument\u016f je nen\u00e1vistn\u011b ur\u00e1\u017een, naz\u00fdv\u00e1n lh\u00e1\u0159em a uml\u010dov\u00e1n. A to jenom proto, \u017ee se odv\u00e1\u017eil zastat se sou\u010dasn\u00e9ho americk\u00e9ho prezidenta. Tak daleko jsme se dostali za necel\u00fdch t\u0159icet let od p\u00e1du komunismu. N\u00e1stup totality m\u00e1 v\u017edy podobn\u00e9 rysy \u2013&nbsp; potla\u010dov\u00e1n\u00ed svobody slova, uml\u010dov\u00e1n\u00ed nepohodln\u00fdch n\u00e1zor\u016f, snaha o perzekuci jejich nositel\u016f, cenzura, n\u00e1zorov\u00fd monopol a manipulace ve\u0159ejnost\u00ed. Boj o svobodu slova za\u010dal, demokracie je ve v\u00e1\u017en\u00e9m ohro\u017een\u00ed,\u201c varuje Klaus\u016fv institut.<\/p>\n<p><a href=\"https:\/\/domaci.eurozpravy.cz\/politika\/230517-pan-s-konskym-ohonem-na-hlave-a-slovnikem-kremlu-utok-profesora-lukese-na-jakla-v-ct-ma-pokracovani\/\">Zdroj<\/a><\/p>\n","protected":false},"excerpt":{"rendered":"<p>Praha \u2013 P\u0159ed necel\u00fdm t\u00fddnem se v po\u0159adu \u010cesk\u00e9 televize Ud\u00e1losti, koment\u00e1\u0159e st\u0159etli n\u011bkdej\u0161\u00ed poradce prezidenta V\u00e1clava Klause Ladislav Jakl a profesor Bostonsk\u00e9 univerzity Igor Luke\u0161. Jejich debata o americk\u00e9m prezidentovo Donaldu Trumpovi se ale pon\u011bkud zvrtla. A po n\u011bkolika dnech se k n\u00ed vyj\u00e1d\u0159il tak\u00e9 Institut V\u00e1clava Klause (IVK), na kter\u00e9m Jakl p\u016fsob\u00ed.<\/p>\n","protected":false},"author":1,"featured_media":0,"comment_status":"open","ping_status":"open","sticky":false,"template":"","format":"standard","meta":{"ngg_post_thumbnail":0,"footnotes":""},"categories":[11],"tags":[],"class_list":["post-8808","post","type-post","status-publish","format-standard","hentry","category-ozvena"],"_links":{"self":[{"href":"https:\/\/www.ladislavjakl.cz\/index.php?rest_route=\/wp\/v2\/posts\/8808","targetHints":{"allow":["GET"]}}],"collection":[{"href":"https:\/\/www.ladislavjakl.cz\/index.php?rest_route=\/wp\/v2\/posts"}],"about":[{"href":"https:\/\/www.ladislavjakl.cz\/index.php?rest_route=\/wp\/v2\/types\/post"}],"author":[{"embeddable":true,"href":"https:\/\/www.ladislavjakl.cz\/index.php?rest_route=\/wp\/v2\/users\/1"}],"replies":[{"embeddable":true,"href":"https:\/\/www.ladislavjakl.cz\/index.php?rest_route=%2Fwp%2Fv2%2Fcomments&post=8808"}],"version-history":[{"count":1,"href":"https:\/\/www.ladislavjakl.cz\/index.php?rest_route=\/wp\/v2\/posts\/8808\/revisions"}],"predecessor-version":[{"id":8809,"href":"https:\/\/www.ladislavjakl.cz\/index.php?rest_route=\/wp\/v2\/posts\/8808\/revisions\/8809"}],"wp:attachment":[{"href":"https:\/\/www.ladislavjakl.cz\/index.php?rest_route=%2Fwp%2Fv2%2Fmedia&parent=8808"}],"wp:term":[{"taxonomy":"category","embeddable":true,"href":"https:\/\/www.ladislavjakl.cz\/index.php?rest_route=%2Fwp%2Fv2%2Fcategories&post=8808"},{"taxonomy":"post_tag","embeddable":true,"href":"https:\/\/www.ladislavjakl.cz\/index.php?rest_route=%2Fwp%2Fv2%2Ftags&post=8808"}],"curies":[{"name":"wp","href":"https:\/\/api.w.org\/{rel}","templated":true}]}}