{"id":881,"date":"2011-03-31T10:59:43","date_gmt":"2011-03-31T09:59:43","guid":{"rendered":"http:\/\/www.ladislavjakl.cz\/?p=881"},"modified":"2011-03-31T10:59:43","modified_gmt":"2011-03-31T09:59:43","slug":"trapas-reportera-jakl-ho-utrel-pred-plnym-salem","status":"publish","type":"post","link":"https:\/\/www.ladislavjakl.cz\/?p=881","title":{"rendered":"Trapas report\u00e9ra: Jakl ho ut\u0159el p\u0159ed pln\u00fdm s\u00e1lem"},"content":{"rendered":"<p>Novin\u00e1\u0159 MF DNES \u0160\u0165astn\u00fd si po\u0159\u00e1dn\u011b nab\u011bhl. Na setk\u00e1n\u00ed konzervativc\u016f se nav\u00e1\u017eel do Ladislava B\u00e1tory. Dokud ho neuzemnil Ladislav <span>Jakl<\/span>.<\/p>\n<p><!--more--><\/p>\n<p>Ob\u010dansk\u00e9 sdru\u017een\u00ed Akce D.O.S.T. po\u0159\u00e1dalo v pond\u011bl\u00ed druh\u00fd debatn\u00ed ve\u010der  Hovory na pravici. Pozvan\u00ed \u0159e\u010dn\u00edci hledali odpov\u011b\u010f na ot\u00e1zku, co o \u010desk\u00e9  spole\u010dnosti vypov\u011bd\u011bla tzv. b\u00e1tori\u00e1da, neboli medi\u00e1ln\u00ed \u0161tvanice na  p\u0159edsedu sdru\u017een\u00ed Ladislava B\u00e1toru.<\/p>\n<p>Ten m\u011bl b\u00fdt n\u00e1m\u011bstkem  ministra \u0161kolstv\u00ed Josefa Dobe\u0161e, ale po dehonesta\u010dn\u00ed kampani v m\u00e9di\u00edch,  kter\u00e9 podlehl i premi\u00e9r a p\u0159edseda ODS Petr Ne\u010das, se j\u00edm nestal.<\/p>\n<p>V  prvn\u00ed p\u016fli ve\u010dera vystoupili panelist\u00e9 se sv\u00fdmi p\u0159\u00edsp\u011bvky &#8211; z r\u016fzn\u00fdch  \u00fahl\u016f pohledu &#8222;kauzu&#8220; hodnotili p\u0159edsedkyn\u011b Suverenity Jana Bobo\u0161\u00edkov\u00e1,  europoslanec ODS Hynek Fajmon, \u010dlen st\u0159edo\u010desk\u00e9ho krajsk\u00e9ho v\u00fdboru TOP  09 Ji\u0159\u00ed Hejlek, p\u0159edseda Mlad\u00fdch k\u0159es\u0165ansk\u00fdch demokrat\u016f Petr Jur\u010d\u00edk a na  z\u00e1v\u011br tajemn\u00edk prezidenta republiky Ladislav <span>Jakl<\/span>. Diskuzi moderoval \u0159editel Institutu sv. Josefa Michal Sem\u00edn<\/p>\n<p>Podle  Jany Bobo\u0161\u00edkov\u00e9 vl\u00e1dne v \u010cesk\u00e9 republice ohromn\u00e9 pokrytectv\u00ed a  potla\u010dov\u00e1n\u00ed n\u00e1zoru, kter\u00e9ho jsme byli sv\u011bdky, m\u011blo za c\u00edl vyvolat ve  ve\u0159ejnosti strach samostatn\u011b myslet a m\u00edt sv\u016fj n\u00e1zor.<\/p>\n<p>Bobo\u0161\u00edkov\u00e1  kritizovala krom\u011b m\u00e9di\u00ed i \u010d\u00e1st akademick\u00e9 obce, kter\u00e1 \u00fasty d\u011bkana  filosofick\u00e9 fakulty UK Michala Stehl\u00edka ozna\u010dila B\u00e1toru za xenofobn\u00edho  extr\u00e9mistu a po Dobe\u0161ovi po\u017eadovala, aby ho nep\u0159ij\u00edmal ani jako sv\u00e9ho  poradce. Pr\u00e1v\u011b v\u00fdk\u0159ik v\u011bdeck\u00e9 rady fakulty pova\u017euje Bobo\u0161\u00edkov\u00e1 za  nejv\u00edce alarmuj\u00edc\u00ed aspekt v cel\u00e9 &#8222;b\u00e1tori\u00e1d\u011b&#8220;.<\/p>\n<p>Prezident republiky  i ministr \u0161kolstv\u00ed by podle n\u00ed m\u011bli v\u00edce db\u00e1t na to, komu prop\u016fj\u010duj\u00ed  titul profesor, \u0159ekla na Stehl\u00edkovu adresu. Pr\u00e1v\u011b Stehl\u00edk byl  organiz\u00e1tory ve\u010dera pozv\u00e1n, aby sv\u00e9 stanovisko obh\u00e1jil, ale nena\u0161el  odvahu p\u0159ij\u00edt. Nep\u0159i\u0161el ani dal\u0161\u00ed pozvan\u00fd oponent, kter\u00fd v m\u00e9di\u00edch  B\u00e1toru halasn\u011b napadal &#8211; kn\u011bz Tom\u00e1\u0161 Hal\u00edk.<\/p>\n<p>Bobo\u0161\u00edkov\u00e1 v z\u00e1v\u011bru vyzvala ke sjednocen\u00ed proti pravdol\u00e1sce. &#8222;Jedin\u011b sjednocen\u00edm m\u016f\u017eeme pravdu a l\u00e1sku porazit,&#8220; \u0159ekla.<\/p>\n<p>Poslanec  Evropsk\u00e9ho parlamentu Hynek Fajmon se v\u011bnoval fenom\u00e9nu politick\u00e9  korektnosti obecn\u011b. Podle n\u011bho jde o jev, kter\u00fd postihl cel\u00fd z\u00e1padn\u00ed  sv\u011bt a nem\u016f\u017eeme proto b\u00fdt p\u0159ekvapeni, \u017ee se projevuje i v \u010desk\u00e9m  politick\u00e9m a medi\u00e1ln\u00edm prost\u0159ed\u00ed.<\/p>\n<p>Ji\u0159\u00ed Hejlek jeho slova rozvedl a  zab\u00fdval se politickou korektnost\u00ed z filosofick\u00e9ho pohledu. Podle n\u011bj  do\u0161lo k p\u0159ekroucen\u00ed hodnot, kdy to, co bylo d\u0159\u00edve extr\u00e9mn\u00ed, je dnes  b\u011b\u017en\u011b p\u0159ij\u00edmanou normou. Naopak tradi\u010dn\u00ed hodnoty jsou ozna\u010dov\u00e1ny za  extr\u00e9mismus. Jde o psychologick\u00fd trik, kter\u00fd m\u00e1 v \u010dlov\u011bku vzbudit odpor,  strach a obavy.<\/p>\n<p>P\u0159edseda mlad\u00fdch lidovc\u016f, nejsiln\u011bj\u0161\u00ed  ml\u00e1de\u017enick\u00e9 politick\u00e9 organizace, vysv\u011btlil, pro\u010d se Mlad\u00ed k\u0159es\u0165an\u0161t\u00ed  demokrat\u00e9 rozhodli Ladislava B\u00e1toru ve\u0159ejn\u011b sv\u00fdm usnesen\u00edm podpo\u0159it.<\/p>\n<p>Blok p\u0159\u00edsp\u011bvk\u016f uzav\u0159el tajemn\u00edk prezidenta Ladislav <span>Jakl<\/span>,  kter\u00fd p\u0159i\u0161el netradi\u010dn\u011b v &#8222;rockersk\u00e9m&#8220; &#8211; v \u010dern\u00e9m svetru a s  rozpu\u0161t\u011bn\u00fdmi vlasy. &#8222;Takhle\u00a0 vypad\u00e1m norm\u00e1ln\u011b,&#8220; \u0159ekl s t\u00edm, \u017ee se pr\u00e1v\u011b  vr\u00e1til z nahr\u00e1vac\u00edho studia, kde dokon\u010duje svoji novou desku.<\/p>\n<p><span>Jakl<\/span> ocenil dlouhodob\u00fd p\u0159\u00ednos Akce D.O.S.T. i n\u00e1pad zorganizovat debatu na  t\u00e9ma b\u00e1tori\u00e1dy. Podle n\u011bj jsou Hovory na pravici p\u0159\u00edjemnou kompenzac\u00ed za  &#8222;horory na krabici&#8220;, jak \u0159\u00edk\u00e1 \u0161tvav\u00fdm \u010dl\u00e1nk\u016fm v hromad\u011b novin, kter\u00e9  mus\u00ed ka\u017ed\u00fd den pro\u010d\u00edst a kter\u00e9 se mu pak hromad\u00ed vedle pracovn\u00edho stolu v  krabici na star\u00fd pap\u00edr.<\/p>\n<p>Zd\u016fraznil pot\u0159ebu obrany proti teroru politick\u00e9 korektnosti.<\/p>\n<p>&#8222;V\u00edme, \u017ee jsme v defenziv\u011b, ale pr\u00e1v\u011b proto je t\u0159eba sebrat s\u00edly a nedat se,&#8220; \u0159ekl <span>Jakl<\/span>.  Teror politick\u00e9 korektnosti m\u00e1 za c\u00edl nejen ostrakizovat ur\u010dit\u00e9 n\u00e1zory a  jejich nositele, ale prim\u00e1rn\u011b mu jde o vyvol\u00e1n\u00ed strachu ve spole\u010dnosti,  jak nazna\u010dila Bobo\u0161\u00edkov\u00e1.<\/p>\n<p>&#8222;Politick\u00e1 korektnost nen\u00ed jen projev  sankce potom, co n\u011bkdo n\u011bco \u0159ekne, ale politick\u00e1 korektnost se sna\u017e\u00ed  vyvolat strach, aby lid\u00e9 v\u016fbec promluvili. Pr\u00e1v\u011b to je smyslem  exempl\u00e1rn\u00edch p\u0159\u00edpad\u016f typu \u00b4b\u00e1tori\u00e1dy\u00b4. P\u0159\u00ed\u0161t\u011b bys mohl b\u00fdt na \u0159ad\u011b ty,&#8220;  vysv\u011btlil <span>Jakl<\/span>.<\/p>\n<p><span>Jakl<\/span> je ale optimista, kdy\u017e porovn\u00e1v\u00e1 vliv pravdol\u00e1sky na za\u010d\u00e1tku  devades\u00e1t\u00fdch let a nyn\u00ed. V roce 1990 ovl\u00e1dala pravdol\u00e1ska mnohem v\u00edce  funkc\u00ed, kontrolovala a\u017e 90 procent v\u0161ech v\u00fdznamn\u00fdch pozic. Dnes je jej\u00ed  vliv mnohem slab\u0161\u00ed a podobn\u00e9 aktivity a iniciativy typu D.O.S.T. ji  znervoz\u0148uj\u00ed.<\/p>\n<p>Na z\u00e1v\u011br pak vysv\u011btlil, co pod pojmem pravda a l\u00e1ska, kter\u00fd b\u011bhem ve\u010dera n\u011bkolikr\u00e1t zazn\u011bl, mysl\u00ed.<\/p>\n<p>\u201eJ\u00e1,  ani nikdo v tomto s\u00e1le nechce por\u00e1\u017eet pravdu a nikdo z n\u00e1s nechce  por\u00e1\u017eet l\u00e1sku. My chceme por\u00e1\u017eet elit\u00e1\u0159e a manipul\u00e1tory, kte\u0159\u00ed si tyto  pojmy ukradli a monopolizovali. Cht\u011bj\u00ed toti\u017e dok\u00e1zat, \u017ee ten, kdo s nimi  nesouhlas\u00ed a je proti nim kritick\u00fd, \u017ee je proti pravd\u011b a \u017ee je proti  l\u00e1sce. A\u017e si tito manipul\u00e1to\u0159i vezmou do sv\u00e9ho jm\u00e9na Vltavu, budeme  \u0159\u00edkat v nads\u00e1zce, \u017ee je pot\u0159eba porazit Vltavu, ale nikdo t\u00edm nebude  myslet tu kr\u00e1snou \u0159eku, kter\u00e1 n\u00e1m \u0161um\u00ed pod oknem. Medi\u00e1ln\u011b-spole\u010densk\u00e1  levi\u010d\u00e1cko-intelektu\u00e1ln\u011b kav\u00e1rensk\u00e1 fronta pova\u017euje na\u0161e n\u00e1zory za n\u011bco  nep\u0159ijateln\u00e9ho. Oni n\u00e1s cht\u011bj\u00ed u\u017e na za\u010d\u00e1tku hry diskvalifikovat, to  nen\u00ed polemika s n\u00e1mi, ale vylou\u010dit na\u0161e n\u00e1zory z diskuse. To si nesm\u00edme  nechat l\u00edbit,&#8220; \u0159ekl <span>Jakl<\/span>.<\/p>\n<p><strong><span>Jakl<\/span> zpra\u017eil novin\u00e1\u0159e, kter\u00fd provokoval<\/strong><\/p>\n<p>V  druh\u00e9 \u010d\u00e1sti ve\u010dera se debatovalo. P\u0159ihl\u00e1sili se lid\u00e9, kte\u0159\u00ed Ladislava  B\u00e1toru znaj\u00ed dlouh\u00e1 l\u00e9ta a oce\u0148ovali jeho tehdej\u0161\u00ed i sou\u010dasn\u00e9 state\u010dn\u00e9  postoje. Na b\u00fdval\u00e9ho kamar\u00e1da z gymn\u00e1sia se tak p\u0159i\u0161el pod\u00edvat nap\u0159\u00edklad  zn\u00e1m\u00fd spisovatel a &#8222;mu\u017esk\u00fd \u0161ovinista&#8220;, jak se r\u00e1d naz\u00fdv\u00e1, Josef  Hausmann.<\/p>\n<p>Vystoupil i s\u00e1m B\u00e1tora, kter\u00fd vy\u0159\u00eddil pozdrav od  ministra \u0161kolstv\u00ed Josefa Dobe\u0161e a p\u0159e\u010detl i uk\u00e1zku z odpov\u011bdi Michala  Stehl\u00edka na sv\u016fj otev\u0159en\u00fd dopis fakult\u011b.<\/p>\n<p>B\u00e1tora p\u0159iznal, \u017ee  obdob\u00ed medi\u00e1ln\u00edho lyn\u010de, kter\u00e9 pro\u017eil, a p\u0159i kter\u00e9m z n\u011bj &#8222;novin\u00e1\u0159sk\u00e9  hyeny trhaly maso za\u017eiva&#8220;, bylo nejhor\u0161\u00edm obdob\u00edm jeho \u017eivota. &#8222;Ale  st\u00e1lo to za to a ud\u011blal bych to znovu,&#8220; \u0159ekl za mohutn\u00e9ho potlesku.<\/p>\n<p>Nejemotivn\u011bj\u0161\u00ed \u010d\u00e1st\u00ed ve\u010dera byla odpov\u011b\u010f Ladislava <span>Jakl<\/span>a  na dotaz novin\u00e1\u0159e MF DNES Ond\u0159eje \u0160\u0165astn\u00e9ho. \u0160\u0165astn\u00fd napsal n\u011bkolik  \u00fato\u010dn\u00fdch \u010dl\u00e1nk\u016f proti Ladislavu B\u00e1torovi a p\u0159i debat\u011b cht\u011bl vysv\u011btlen\u00ed  od z\u00e1stupce Hradu, co \u0159\u00edk\u00e1 na B\u00e1torovu kandidaturu za N\u00e1rodn\u00ed stranu.<\/p>\n<p><span>Jakl<\/span> odpov\u011bd\u011bl protiot\u00e1zkou. Napsal byste n\u011bco v p\u0159\u00edpad\u011b, kdyby se n\u00e1m\u011bstkem  ministra \u0161kolstv\u00ed stal \u010dlov\u011bk, kter\u00fd \u00fasp\u011b\u0161n\u011b kandidoval za stranu  nep\u0159ijatelnou pro drtivou \u010d\u00e1st ve\u0159ejnosti? cht\u011bl v\u011bd\u011bt.<\/p>\n<p>Novin\u00e1\u0159 tvrdil, \u017ee ano. &#8222;Pro\u010d jste to neud\u011blal?&#8220; obo\u0159il se <span>Jakl<\/span> a report\u00e9ra zahnal do kouta. P\u0159ipomn\u011bl p\u0159\u00edpad n\u00e1m\u011bstka ministra  \u0161kolstv\u00ed Jaroslava Sourala, kter\u00fd kandidoval za KS\u010cM v roce 1990 v  severomoravsk\u00e9m kraji.<\/p>\n<p>\u201eKandidoval za stranu, kter\u00e1 schvalovala  gulagy, pod jej\u00edm\u017e veden\u00ed um\u0159ely u n\u00e1s stovky politick\u00fdch v\u011bz\u0148\u016f a za  stranu, kter\u00e1 m\u011bla v programu t\u0159\u00eddn\u00ed nesn\u00e1\u0161enlivost. Co jste proti tomu  ud\u011blal? J\u00e1 se pt\u00e1m na tu symetrii, kolik jste napsal \u010dl\u00e1nk\u016f, \u0159\u00e1dk\u016f a  p\u00edsmenek o kandidatu\u0159e pana B\u00e1tory a kolik jste napsal p\u00edsmenek v  p\u0159\u00edpad\u011b Jaroslava Sourala?&#8220; ptal se <span>Jakl<\/span>.<\/p>\n<p>Na to \u0160\u0165astn\u00fd nedok\u00e1zal odpov\u011bd\u011bt.<\/p>\n<p>Znejist\u011bl\u00e9mu  report\u00e9rovi odpov\u011bd\u011bl i dal\u0161\u00ed z panelist\u016f Ji\u0159\u00ed Hejlek. P\u0159ipomn\u011bl svoji  osobn\u00ed zku\u0161enost z doby komunismu, kdy mu pro jeho n\u00e1zory nebylo  umo\u017en\u011bno vykon\u00e1vat pr\u00e1ci, kterou m\u011bl r\u00e1d a pro kterou m\u011bl p\u0159edpoklady.  To se nyn\u00ed stalo Ladislavu B\u00e1torovi. P\u0159\u00edpad B\u00e1tora n\u00e1s tak vrac\u00ed do doby  normalizace, \u0159ekl \u0160\u0165astn\u00e9mu a doporu\u010dil mu, aby si jako mlad\u00fd \u010dlov\u011bk  tyto souvislosti dostudoval.<\/p>\n<p>\u0160\u0165astn\u00fd se druh\u00fd den pomstil \u010dl\u00e1nkem v MF DNES, kde B\u00e1toru n\u011bkolikr\u00e1t bez skrupul\u00ed op\u011bt ozna\u010dil za extr\u00e9mistu.<\/p>\n<p><a href=\"http:\/\/www.prvnizpravy.cz\/zpravy\/zpravy\/z-domova\/trapas-reportera-jakl-ho-utrel-pred-plnym-salem\/\" target=\"_blank\">Zdroj<\/a><\/p>\n","protected":false},"excerpt":{"rendered":"<p>Novin\u00e1\u0159 MF DNES \u0160\u0165astn\u00fd si po\u0159\u00e1dn\u011b nab\u011bhl. Na setk\u00e1n\u00ed konzervativc\u016f se nav\u00e1\u017eel do Ladislava B\u00e1tory. Dokud ho neuzemnil Ladislav Jakl.<\/p>\n","protected":false},"author":1,"featured_media":0,"comment_status":"open","ping_status":"open","sticky":false,"template":"","format":"standard","meta":{"ngg_post_thumbnail":0,"footnotes":""},"categories":[11],"tags":[],"class_list":["post-881","post","type-post","status-publish","format-standard","hentry","category-ozvena"],"_links":{"self":[{"href":"https:\/\/www.ladislavjakl.cz\/index.php?rest_route=\/wp\/v2\/posts\/881","targetHints":{"allow":["GET"]}}],"collection":[{"href":"https:\/\/www.ladislavjakl.cz\/index.php?rest_route=\/wp\/v2\/posts"}],"about":[{"href":"https:\/\/www.ladislavjakl.cz\/index.php?rest_route=\/wp\/v2\/types\/post"}],"author":[{"embeddable":true,"href":"https:\/\/www.ladislavjakl.cz\/index.php?rest_route=\/wp\/v2\/users\/1"}],"replies":[{"embeddable":true,"href":"https:\/\/www.ladislavjakl.cz\/index.php?rest_route=%2Fwp%2Fv2%2Fcomments&post=881"}],"version-history":[{"count":1,"href":"https:\/\/www.ladislavjakl.cz\/index.php?rest_route=\/wp\/v2\/posts\/881\/revisions"}],"predecessor-version":[{"id":882,"href":"https:\/\/www.ladislavjakl.cz\/index.php?rest_route=\/wp\/v2\/posts\/881\/revisions\/882"}],"wp:attachment":[{"href":"https:\/\/www.ladislavjakl.cz\/index.php?rest_route=%2Fwp%2Fv2%2Fmedia&parent=881"}],"wp:term":[{"taxonomy":"category","embeddable":true,"href":"https:\/\/www.ladislavjakl.cz\/index.php?rest_route=%2Fwp%2Fv2%2Fcategories&post=881"},{"taxonomy":"post_tag","embeddable":true,"href":"https:\/\/www.ladislavjakl.cz\/index.php?rest_route=%2Fwp%2Fv2%2Ftags&post=881"}],"curies":[{"name":"wp","href":"https:\/\/api.w.org\/{rel}","templated":true}]}}