{"id":8810,"date":"2018-08-02T09:22:45","date_gmt":"2018-08-02T07:22:45","guid":{"rendered":"http:\/\/www.ladislavjakl.cz\/?p=8810"},"modified":"2018-08-02T09:22:45","modified_gmt":"2018-08-02T07:22:45","slug":"bakaluv-sefreporter-se-zastal-ladislava-jakla","status":"publish","type":"post","link":"https:\/\/www.ladislavjakl.cz\/?p=8810","title":{"rendered":"Bakal\u016fv \u0161\u00e9freport\u00e9r se zastal Ladislava Jakla"},"content":{"rendered":"<p>\u010cesk\u00e1 televize ve \u010dtvrtek pozvala do jednoho z po\u0159ad\u016f n\u011bkdej\u0161\u00edho spolupracovn\u00edka exprezidenta V\u00e1clava Klause Ladislava Jakla. A strhla se mela. Mnoz\u00ed lid\u00e9 \u010cT vy\u010detli, \u017ee nem\u011bla zv\u00e1t do debaty \u010dlov\u011bka, kter\u00fd \u0161\u00ed\u0159\u00ed \u201ekremelsk\u00e9 nesmysly\u201c. Jako prvn\u00ed se v tomto duchu vyj\u00e1d\u0159il profesor mezin\u00e1rodn\u00edch vztah\u016f z Bostonsk\u00e9 univerzity Igor Luke\u0161. \u0160\u00e9freport\u00e9r serveru Aktu\u00e1ln\u011b.cz Martin Nov\u00e1k se v\u0161ak Jakla zastal. Lid\u00e9 jako je spolupracovn\u00edk V\u00e1clava Klause pr\u00fd na obrazovky \u010cT pat\u0159\u00ed.<\/p>\n<p><!--more--><\/p>\n<p>Profesor Igor Luke\u0161 a n\u011bkdej\u0161\u00ed spolupracovn\u00edk V\u00e1clava Klause Ladislav Jakl zav\u00edtali do \u010cT, kde hodnotili politiku 45. prezidenta USA Donalda Trumpa. Zat\u00edmco Luke\u0161 nenechal na st\u00e1vaj\u00edc\u00edm p\u00e1novi B\u00edl\u00e9ho domu nit suchou, Jakl ho d\u016frazn\u011b h\u00e1jil. Kdy\u017e to Luke\u0161 sly\u0161el, roz\u010d\u00edlil se, jak m\u016f\u017ee ve ve\u0159ejnopr\u00e1vn\u00ed televizi dostat prostor \u010dlov\u011bk s dlouh\u00fdmi vlasy, kter\u00fd \u0161\u00ed\u0159\u00ed \u201eprokremelsk\u00e9 nesmysly\u201c. Na soci\u00e1ln\u00edch s\u00edt\u00edch dali mnoz\u00ed lid\u00e9 Luke\u0161ovi za pravdu. V diskus\u00edch na toto t\u00e9ma nechyb\u011bl ani argument, \u017ee je nesmysl d\u011blat debaty tak, \u201e\u017ee d\u00e1te p\u011bt minut Hitlerovi a p\u011bt minut \u017did\u016fm\u201c.<\/p>\n<p>Sv\u00e9 zast\u00e1nce v\u0161ak na\u0161el i Jakl. Jedn\u00edm &nbsp;z nich byl i Martin Nov\u00e1k. Podle jeho n\u00e1zoru lid\u00e9 jako Jakl do debaty na p\u016fd\u011b ve\u0159ejnopr\u00e1vn\u00ed televize pat\u0159\u00ed.<\/p>\n<div>\n<div id=\"adform-outstream\">\u201eA t\u011bch p\u011bt minut pro \u017didy a p\u011bt minut pro Hitlera? D\u00e1my a p\u00e1nov\u00e9, zachovejme si smysl pro proporce. Hitler je nadu\u017e\u00edvan\u00fd a lacin\u00fd argument. Pop\u00edra\u010di holocaustu, rasist\u00e9 \u010di zkr\u00e1tka ti, jejich\u017e n\u00e1zory jsou za hranou z\u00e1kona, na ve\u0159ejnopr\u00e1vn\u00ed televizi opravdu nepat\u0159\u00ed. Ale to p\u0159ece nen\u00ed p\u0159\u00edpad Ladislava Jakla, Jaroslava Ba\u0161ty, Jana Schneidera a dal\u0161\u00edch. Kdo je chce vyt\u011bsnit z \u010cesk\u00e9 televize nebo z \u010cesk\u00e9ho rozhlasu, d\u011bl\u00e1 ve\u0159ejnopr\u00e1vn\u00edm m\u00e9di\u00edm medv\u011bd\u00ed slu\u017ebu,\u201c varoval Nov\u00e1k.<\/div>\n<\/div>\n<div>&nbsp;<\/div>\n<div><a href=\"https:\/\/www.parlamentnilisty.cz\/arena\/monitor\/Bakaluv-sefreporter-se-zastal-Ladislava-Jakla-544932\">Zdroj<\/a><\/div>\n","protected":false},"excerpt":{"rendered":"<p>\u010cesk\u00e1 televize ve \u010dtvrtek pozvala do jednoho z po\u0159ad\u016f n\u011bkdej\u0161\u00edho spolupracovn\u00edka exprezidenta V\u00e1clava Klause Ladislava Jakla. A strhla se mela. Mnoz\u00ed lid\u00e9 \u010cT vy\u010detli, \u017ee nem\u011bla zv\u00e1t do debaty \u010dlov\u011bka, kter\u00fd \u0161\u00ed\u0159\u00ed \u201ekremelsk\u00e9 nesmysly\u201c. Jako prvn\u00ed se v tomto duchu vyj\u00e1d\u0159il profesor mezin\u00e1rodn\u00edch vztah\u016f z Bostonsk\u00e9 univerzity Igor Luke\u0161. \u0160\u00e9freport\u00e9r serveru Aktu\u00e1ln\u011b.cz Martin Nov\u00e1k se [&hellip;]<\/p>\n","protected":false},"author":1,"featured_media":0,"comment_status":"open","ping_status":"open","sticky":false,"template":"","format":"standard","meta":{"ngg_post_thumbnail":0,"footnotes":""},"categories":[11],"tags":[],"class_list":["post-8810","post","type-post","status-publish","format-standard","hentry","category-ozvena"],"_links":{"self":[{"href":"https:\/\/www.ladislavjakl.cz\/index.php?rest_route=\/wp\/v2\/posts\/8810","targetHints":{"allow":["GET"]}}],"collection":[{"href":"https:\/\/www.ladislavjakl.cz\/index.php?rest_route=\/wp\/v2\/posts"}],"about":[{"href":"https:\/\/www.ladislavjakl.cz\/index.php?rest_route=\/wp\/v2\/types\/post"}],"author":[{"embeddable":true,"href":"https:\/\/www.ladislavjakl.cz\/index.php?rest_route=\/wp\/v2\/users\/1"}],"replies":[{"embeddable":true,"href":"https:\/\/www.ladislavjakl.cz\/index.php?rest_route=%2Fwp%2Fv2%2Fcomments&post=8810"}],"version-history":[{"count":1,"href":"https:\/\/www.ladislavjakl.cz\/index.php?rest_route=\/wp\/v2\/posts\/8810\/revisions"}],"predecessor-version":[{"id":8811,"href":"https:\/\/www.ladislavjakl.cz\/index.php?rest_route=\/wp\/v2\/posts\/8810\/revisions\/8811"}],"wp:attachment":[{"href":"https:\/\/www.ladislavjakl.cz\/index.php?rest_route=%2Fwp%2Fv2%2Fmedia&parent=8810"}],"wp:term":[{"taxonomy":"category","embeddable":true,"href":"https:\/\/www.ladislavjakl.cz\/index.php?rest_route=%2Fwp%2Fv2%2Fcategories&post=8810"},{"taxonomy":"post_tag","embeddable":true,"href":"https:\/\/www.ladislavjakl.cz\/index.php?rest_route=%2Fwp%2Fv2%2Ftags&post=8810"}],"curies":[{"name":"wp","href":"https:\/\/api.w.org\/{rel}","templated":true}]}}