{"id":8812,"date":"2018-08-02T09:24:13","date_gmt":"2018-08-02T07:24:13","guid":{"rendered":"http:\/\/www.ladislavjakl.cz\/?p=8812"},"modified":"2018-08-02T09:24:28","modified_gmt":"2018-08-02T07:24:28","slug":"radim-fiala-ladislav-jakl-si-dovolil-rict-svuj-nazor-v-ct-a-tim-prekrocil-meze-elitarske-demo-demokracie","status":"publish","type":"post","link":"https:\/\/www.ladislavjakl.cz\/?p=8812","title":{"rendered":"Radim Fiala: Ladislav Jakl si dovolil \u0159\u00edct sv\u016fj n\u00e1zor v \u010cT a t\u00edm p\u0159ekro\u010dil meze elit\u00e1\u0159sk\u00e9 demo-demokracie."},"content":{"rendered":"<p>Medi\u00e1ln\u00ed politruci, kte\u0159\u00ed n\u00e1s ohlupuj\u00ed, se do n\u011bho pustili zp\u016fsobem typick\u00fdm tak pro sedmdes\u00e1t\u00e1 l\u00e9ta. Neomarxist\u016fm se za\u010d\u00ednaj\u00ed jejich l\u017ei hroutit, tak hrubnou a p\u0159id\u00e1vaj\u00ed na sprostot\u011b<\/p>\n<p><!--more-->&nbsp;<\/p>\n<div class=\"item detail\">\n<p><iframe loading=\"lazy\" src=\"https:\/\/www.facebook.com\/plugins\/post.php?href=https%3A%2F%2Fwww.facebook.com%2Fradimfiala.cz%2Fposts%2F1992256460793151&amp;width=500\" width=\"500\" height=\"480\" frameborder=\"0\" scrolling=\"no\" data-mce-fragment=\"1\"><\/iframe><\/p>\n<\/div>\n<div>&nbsp;&nbsp;<a href=\"https:\/\/www.spd.cz\/novinky\/3265-radim-fiala-ladislav-jakl-si-dovolil-rict-svuj-nazor-v-ct-a-tim-prekrocil-meze-elitarske-demo-demokracie\">Zdroj<\/a><\/div>\n","protected":false},"excerpt":{"rendered":"<p>Medi\u00e1ln\u00ed politruci, kte\u0159\u00ed n\u00e1s ohlupuj\u00ed, se do n\u011bho pustili zp\u016fsobem typick\u00fdm tak pro sedmdes\u00e1t\u00e1 l\u00e9ta. Neomarxist\u016fm se za\u010d\u00ednaj\u00ed jejich l\u017ei hroutit, tak hrubnou a p\u0159id\u00e1vaj\u00ed na sprostot\u011b<\/p>\n","protected":false},"author":1,"featured_media":0,"comment_status":"open","ping_status":"open","sticky":false,"template":"","format":"standard","meta":{"ngg_post_thumbnail":0,"footnotes":""},"categories":[11],"tags":[],"class_list":["post-8812","post","type-post","status-publish","format-standard","hentry","category-ozvena"],"_links":{"self":[{"href":"https:\/\/www.ladislavjakl.cz\/index.php?rest_route=\/wp\/v2\/posts\/8812","targetHints":{"allow":["GET"]}}],"collection":[{"href":"https:\/\/www.ladislavjakl.cz\/index.php?rest_route=\/wp\/v2\/posts"}],"about":[{"href":"https:\/\/www.ladislavjakl.cz\/index.php?rest_route=\/wp\/v2\/types\/post"}],"author":[{"embeddable":true,"href":"https:\/\/www.ladislavjakl.cz\/index.php?rest_route=\/wp\/v2\/users\/1"}],"replies":[{"embeddable":true,"href":"https:\/\/www.ladislavjakl.cz\/index.php?rest_route=%2Fwp%2Fv2%2Fcomments&post=8812"}],"version-history":[{"count":2,"href":"https:\/\/www.ladislavjakl.cz\/index.php?rest_route=\/wp\/v2\/posts\/8812\/revisions"}],"predecessor-version":[{"id":8814,"href":"https:\/\/www.ladislavjakl.cz\/index.php?rest_route=\/wp\/v2\/posts\/8812\/revisions\/8814"}],"wp:attachment":[{"href":"https:\/\/www.ladislavjakl.cz\/index.php?rest_route=%2Fwp%2Fv2%2Fmedia&parent=8812"}],"wp:term":[{"taxonomy":"category","embeddable":true,"href":"https:\/\/www.ladislavjakl.cz\/index.php?rest_route=%2Fwp%2Fv2%2Fcategories&post=8812"},{"taxonomy":"post_tag","embeddable":true,"href":"https:\/\/www.ladislavjakl.cz\/index.php?rest_route=%2Fwp%2Fv2%2Ftags&post=8812"}],"curies":[{"name":"wp","href":"https:\/\/api.w.org\/{rel}","templated":true}]}}