{"id":8815,"date":"2018-08-02T09:27:05","date_gmt":"2018-08-02T07:27:05","guid":{"rendered":"http:\/\/www.ladislavjakl.cz\/?p=8815"},"modified":"2018-08-02T09:27:05","modified_gmt":"2018-08-02T07:27:05","slug":"to-uz-jsem-nekde-slysel-zdenek-zboril-bez-milosti-o-ct-s-jaklem-bosakovi-a-nadavkach-trumpovi-a-o-kalouskovi","status":"publish","type":"post","link":"https:\/\/www.ladislavjakl.cz\/?p=8815","title":{"rendered":"To u\u017e jsem n\u011bkde sly\u0161el&#8230; Zden\u011bk Zbo\u0159il bez milosti o \u010cT s Jaklem, Bos\u00e1kovi a nad\u00e1vk\u00e1ch Trumpovi. A o Kalouskovi"},"content":{"rendered":"<p>ROZJEZD ZDE\u0147KA ZBO\u0158ILA \u201eOpravdu se mi nezd\u00e1lo, \u017ee by se pan Jakl pokou\u0161el o n\u011bjakou v\u011bdomou nepravdu,\u201c reagoval na rozho\u0159\u010den\u00ed profesora Igora Luke\u0161e p\u0159ed televizn\u00edmi kamerami \u010cT politolog Zden\u011bk Zbo\u0159il. V dne\u0161n\u00edm rozjezdu analyzuje tak\u00e9 smr\u0161\u0165 kritiky, kter\u00e1 dopad\u00e1 na americk\u00e9ho prezidenta za summit v Helsink\u00e1ch. \u201eT\u00e9m\u011b\u0159 v\u0161echny americk\u00e9 zpravodajsk\u00e9 slu\u017eby, v\u010detn\u011b sv\u00fdch britsk\u00fdch a evropsk\u00fdch vazal\u016f, tomuto summitu nep\u0159\u00e1ly a d\u011blaly v\u0161echno pro to, aby k n\u011bmu nedo\u0161lo.\u201c Upozornil na osudy n\u011bkter\u00fdch americk\u00fdch prezident\u016f. \u201eTak pro\u010d by to tentokr\u00e1t m\u011blo b\u00fdt jinak?\u201c V z\u00e1v\u011bru reagoval na vyj\u00e1d\u0159en\u00ed sportovn\u00edho koment\u00e1tora k \u0161ampion\u00e1tu v Rusku. \u201eAsi to tak maj\u00ed v \u010cT rozd\u011blen\u00e9. Pan Bos\u00e1k pomlouv\u00e1, st\u00e1l\u00fd koment\u00e1tor v Moskv\u011b Karas RF chv\u00e1l\u00ed.\u201c<\/p>\n<p><!--more--><\/p>\n<p>\u201ePokud pak Luke\u0161 nechce nebo neum\u00ed argumentovat jinak, ne\u017e t\u00edm, \u017ee ozna\u010duje sv\u00e9ho partnera v diskusi za lh\u00e1\u0159e, pak nejde o vyv\u00e1\u017eenost \u010di nevyv\u00e1\u017eenost, ale o oby\u010dejnou slu\u0161nost,\u201c komentuje doktor Zden\u011bk Zbo\u0159il \u010dtvrte\u010dn\u00ed debatu v Ud\u00e1lostech, koment\u00e1\u0159\u00edch \u010cesk\u00e9 televize, kter\u00e1 rozv\u00ed\u0159ila medi\u00e1ln\u00ed vody. P\u0159ed kamerami se st\u0159etli profesor mezin\u00e1rodn\u00edch vztah\u016f z Bostonsk\u00e9 univerzity Igor Luke\u0161 a n\u011bkdej\u0161\u00ed spolupracovn\u00edk exprezidenta V\u00e1clava Klause Ladislav Jakl. V \u010cT Jakl ocenil, \u017ee si Trump r\u00fdpl do britsk\u00e9 premi\u00e9rky Theresy Mayov\u00e9 kv\u016fli brexitu, \u017ee tvrd\u011b postupoval proti sv\u00fdm koleg\u016fm ve skupin\u011b G7 a \u017ee vypeskoval sv\u00e9 partnery v NATO. \u201eSv\u011bt nen\u00ed ned\u011bln\u00ed \u0161kola. \u017de jsou Ameri\u010dan\u00e9 schopn\u00ed sk\u00e1cet sto re\u017eim\u016f po cel\u00e9m sv\u011bt\u011b za posledn\u00edch n\u011bkolik des\u00edtek let a instalovat vl\u00e1dy, to je pravda. A ostatn\u00ed velk\u00e9 zem\u011b h\u00e1j\u00ed svoje z\u00e1jmy v\u0161ude po sv\u011bt\u011b a nepochybn\u011b k tomu pou\u017e\u00edvaj\u00ed r\u016fzn\u00e9 metody. Fakt je, \u017ee tato hra nem\u00e1 s Ruskem nebo s n\u011bk\u00fdm jin\u00fdm v\u016fbec nic spole\u010dn\u00e9ho, Rusko je v tom nezaj\u00edmav\u00e1 v\u011bc,\u201c uvedl tak\u00e9 Jakl s t\u00edm, \u017ee establishment p\u016fjde Trumpovi po krku.<\/p>\n<p>Po t\u011bchto slovech u\u017e na ot\u00e1zku, zda budou listopadov\u00e9 volby referendem o Trumpovi, Luke\u0161 s odpov\u011bdi po\u010dkal a nejd\u0159\u00edv vy\u010detl moder\u00e1torovi situaci, do kter\u00e9 ho dostal. \u201eV\u016fbec nev\u00edm, jak na tuhle situaci reagovat, proto\u017ee vy jste m\u011b pozval do tady toho programu a nakonec j\u00e1 tady jsem nucen poslouchat otev\u0159en\u00e9 l\u017ei, nesmysly a v\u00fdmysly,\u201c zlobil se profesor. \u201eOpravdu se mi nezd\u00e1lo, \u017ee by se pan Jakl pokou\u0161el o n\u011bjakou v\u011bdomou nepravdu. Jestli\u017ee se pana prof. Luke\u0161e dotkl \u0159ekn\u011bme trochu neakademick\u00fd slovn\u00edk b\u00fdval\u00e9ho prezidentova mu\u017ee v \u010cR, pak bychom si mohli p\u0159ipomenout, \u017ee pan Jakl nestudoval na Karlov\u011b univerzit\u011b jako pan Luke\u0161. A to dokonce ani jako on v dob\u011b normalizace, kdy podle sv\u00e9ho CV tam promoval na oboru historie,\u201c reagoval Zbo\u0159il.<\/p>\n<p>Luke\u0161 upozornil na to, \u017ee jsou n\u00e1zory vlastenc\u016f, kte\u0159\u00ed cel\u00fd \u017eivot pracovali ve prosp\u011bch Spojen\u00fdch st\u00e1t\u016f a kte\u0159\u00ed te\u010f maj\u00ed obavy z toho, co Trump p\u0159edv\u00e1d\u00ed. \u201eTyhle lidi d\u00e1me \u00fapln\u011b stranou a d\u00e1me hlas tady tomu p\u00e1novi, kter\u00e9ho sice nevid\u00edm, ale v\u00edm z n\u011bjak\u00e9 star\u00e9 fotografie, \u017ee m\u00e1 ko\u0148sk\u00fd ohon na hlav\u011b a z toho snad m\u00e1m uzav\u0159\u00edt, \u017ee m\u00e1 autoritu mluvit o tom, co je dobr\u00e9 pro USA\u2026?\u201c poznamenal Luke\u0161 sm\u011brem k Jaklovi. Ten si v tu chv\u00edli provokativn\u011b pohladil p\u0159ed kamerami sv\u00e9 dlouh\u00e9 vlasy. S profesorem byli ve studiu spojeni p\u0159es telemost. \u201eJe to jenom hloupost, kter\u00e9 by se mohl vyvarovat nejen absolvent Karlovy univerzity, ale i nositel asi p\u011bti titul\u016f, kter\u00e9 pan Luke\u0161 r\u00e1d uv\u00e1d\u00ed p\u0159ed sv\u00fdm a za sv\u00fdm jm\u00e9nem. Pokud je\u0161t\u011b zased\u00e1 ve v\u011bdeck\u00e9 rad\u011b \u00daSTR, mohl by se tam pod\u00edvat do n\u011bjak\u00e9ho archivu, jak\u00e9 vlasy provokativn\u011b nosila cel\u00e1 jedna generace. Ale mo\u017en\u00e1 si ze sv\u00e9ho \u017eivota v normaliza\u010dn\u00ed \u010cSSR pamatuje heslo \u201aKdo m\u00e1\u0161 dlouh\u00fd vlas, necho\u010f mezi n\u00e1s!\u2018 Snad by si tak\u00e9 vzpomn\u011bl, \u017ee si ho zrovna disidenti nevymysleli. Sp\u00ed\u0161e to byli ti druz\u00ed, kte\u0159\u00ed je nem\u011bli r\u00e1di,\u201c uvedl Zbo\u0159il.<\/p>\n<p>Jakub Kalensk\u00fd, novin\u00e1\u0159, kter\u00fd psal pro HN, LN a tak\u00e9 T\u00fdden, nyn\u00ed p\u016fsob\u00edc\u00ed v Bruselu v t\u00fdmu, kter\u00fd bojuje s ruskou propagandou, na soci\u00e1ln\u00ed s\u00edti napsal: Je neuv\u011b\u0159iteln\u00e9, \u017ee po letech zku\u0161enost\u00ed s kremelskou dezinforma\u010dn\u00ed kampan\u00ed m\u00e1 \u010cT pot\u0159ebu jej\u00ed lh\u00e1\u0159e a podvodn\u00edky zv\u00e1t jako \u201elegitimn\u00ed n\u00e1zor\u201c. \u201eLe\u017e nen\u00ed n\u00e1zor \u2013 le\u017e je le\u017e.\u201c Jakub Janda z Evropsk\u00fdch hodnot reagoval na facebooku takto: \u201eAutor z Protiproudu je pro \u010ceskou televizi odpov\u00eddaj\u00edc\u00edm expertn\u00edm diskutuj\u00edc\u00edm o americk\u00e9 bezpe\u010dnostn\u00ed politice. Na druh\u00e9 stran\u011b sed\u011bl profesor z Bostonsk\u00e9 univerzity. P\u011bt minut diskuse o obsahu \u2013 p\u011bt minut rusk\u00e9 l\u017ei \u010desk\u00fdch u\u017eite\u010dn\u00fdch idiot\u016f.\u201c Zbo\u0159il na to reagoval: \u201eSamoz\u0159ejm\u011b, oba p\u00e1nov\u00e9 si mysl\u00ed, \u017ee jsou cenzo\u0159i a maj\u00ed patent na pravdu. A proto se tak chovaj\u00ed. Tentokr\u00e1t cht\u011bli mentorovat jen \u010cT, ale p\u0159edpokl\u00e1d\u00e1m, \u017ee cht\u011bj\u00ed na\u0159izovat i v\u0161em ostatn\u00edm. Ale \u201ased\u011bt v Bruselu\u2018 a bojovat s ruskou propagandou mluv\u00ed samo za sebe. Jen doufejme, \u017ee nebude jeden, ale ani druh\u00fd jednou \u201ased\u011bt v Praze\u2018. V Bruselu zat\u00edm tolik nevad\u00ed. Ned\u011blaj\u00ed to oba jist\u011b z dobr\u00e9 v\u016fle a zadarmo a budou se podobn\u011b chovat, i kdyby je platil kdokoli jin\u00fd.\u201c<\/p>\n<h4>\u201e\u017dasnu nad odvahou nejen \u010desk\u00fdch, ale i evropsk\u00fdch a americk\u00fdch \u017eurnalist\u016f\u2026\u201c<\/h4>\n<p>V pond\u011bl\u00ed se uskute\u010dnila kl\u00ed\u010dov\u00e1 sch\u016fzka prezidenta Donalda Trumpa s jeho rusk\u00fdm prot\u011bj\u0161kem Vladimirem Putinem. S odstupem, jak by toto setk\u00e1n\u00ed hodnotil Zden\u011bk Zbo\u0159il? \u201eZat\u00edm v\u00edme jen to, \u017ee oba prezidenti spolu mluvili dv\u011b hodiny za zav\u0159en\u00fdmi dve\u0159mi a potom m\u011bli spole\u010dnou tiskovku, kter\u00e1 trvala asi 45 min. Mus\u00edm se p\u0159iznat, \u017ee \u017easnu nad odvahou nejen \u010desk\u00fdch, ale i evropsk\u00fdch a americk\u00fdch \u017eurnalist\u016f tvrdit, \u017ee v\u011bd\u00ed, k \u010demu v Helsink\u00e1ch do\u0161lo. Zat\u00edm nev\u00edme nic jin\u00e9ho, ne\u017e tady uv\u00e1d\u00edm, a v\u0161echno ostatn\u00ed jsou spekulace a hled\u00e1n\u00ed ideologie tam, kde mo\u017en\u00e1 ani nebyla. To, \u017ee se rozpoutala anti-trumpovsk\u00e1 kampa\u0148 nejen ve Spojen\u00fdch st\u00e1tech, ale i v \u010cR, \u017ee jsou zde novin\u00e1\u0159i, kte\u0159\u00ed ve vys\u00edl\u00e1n\u00ed \u010cT ur\u00e1\u017eej\u00ed prezidenta sp\u0159\u00e1telen\u00e9ho st\u00e1tu, nesv\u011bd\u010d\u00ed o ni\u010dem jin\u00e9m ne\u017e o uboh\u00e9 \u00farovni t\u011bchto osob, kter\u00e9 si mysl\u00ed, \u017ee maj\u00ed pr\u00e1vo americk\u00e9ho prezidenta soudit a odsuzovat. Divit se tomu ale nemohu. \u017dijeme v zemi, kde zn\u00e1m\u00fd c\u00edrkevn\u00ed hodnost\u00e1\u0159 mluvil na ve\u0159ejnosti o prezidentovi Trumpovi jako o \u201ahub\u011b plechov\u00e9\u2018, tak pro\u010d by si n\u011bco podobn\u00e9ho nemohl dovolit t\u0159eba Michael Romancov nebo n\u011bkdo jin\u00fd jemu podobn\u00fd.\u201c Zbo\u0159il je\u0161t\u011b dod\u00e1v\u00e1: \u201eNa rozd\u00edl od t\u011bchto medi\u00e1ln\u00edch extremist\u016f si mysl\u00edm, \u017ee na sch\u016fzce Trump versus Putin bylo d\u016fle\u017eit\u00e9 to, \u017ee se konala, a v\u0161\u00edm\u00e1m si ale tak\u00e9 toho, \u017ee zde do\u0161lo k osobn\u00edmu kontaktu dvou v\u00fdznamn\u00fdch politik\u016f, kte\u0159\u00ed se, zd\u00e1 se, nedohodli na ni\u010dem jin\u00e9m ne\u017e na tom, \u017ee by se mo\u017en\u00e1, n\u011bkdy v budoucnosti, mohli dohodnout. Nic nepodepsali, dokonce ani pam\u011btn\u00ed z\u00e1pis, jako po\u0159\u00eddili v Singapuru p\u0159i setk\u00e1n\u00ed Donalda Trumpa s Kim \u010cong-unem.\u201c<\/p>\n<p>Americk\u00fd prezident Donald Trump podle velk\u00e9 \u010d\u00e1sti politik\u016f z \u0159ad demokrat\u016f i republik\u00e1n\u016f a tak\u00e9 m\u00e9di\u00ed pr\u00fd selhal, proto\u017ee nedok\u00e1zal h\u00e1jit americk\u00e9 z\u00e1jmy, sly\u0161eli jsme mimo jin\u00e9, \u017ee vystupoval slab\u011b a \u017ee je zr\u00e1dce. \u201eN\u011bkte\u0159\u00ed ameri\u010dt\u00ed sen\u00e1to\u0159i a Trumpovi kritici mu st\u00e1le nemohou zapomenout, \u017ee v posledn\u00edch prezidentsk\u00fdch volb\u00e1ch p\u0159\u00e1li v\u00edt\u011bzstv\u00ed n\u011bkomu jin\u00e9mu ne\u017e Donaldu Trumpovi. Anebo \u017ee se m\u00fdlili, kdy\u017e jej podporovali a z\u0159ejm\u011b nerozum\u011bli tomu, co ve sv\u00e9 volebn\u00ed kampani d\u011blal a \u0159\u00edkal. V\u011bt\u0161inou jsou to ov\u0161em ti bojechtiv\u00ed, kte\u0159\u00ed si podobn\u011b jako Madeleine Albrightov\u00e1. Nav\u00edc, t\u00e9m\u011b\u0159 v\u0161echny americk\u00e9 zpravodajsk\u00e9 slu\u017eby, v\u010detn\u011b sv\u00fdch britsk\u00fdch a evropsk\u00fdch vazal\u016f, ti tomuto summitu nep\u0159\u00e1li a d\u011blali v\u0161echno pro to, aby k n\u011bmu nedo\u0161lo. To pat\u0159\u00ed k jejich zp\u016fsobu jedn\u00e1n\u00ed od nepam\u011bti, a kdo si pamatuje, pro\u010d a jak bylo kdysi sest\u0159eleno&nbsp; americk\u00e9&nbsp; U2 (p\u0159ed sch\u016fzkou Chru\u0161\u010dov\u2013Eisenhower v Pa\u0159\u00ed\u017ei), v\u00ed, \u017ee tomu tak nebylo poprv\u00e9 a \u017ee tomu ani tentokr\u00e1t nebylo naposled,\u201c uvedl Zbo\u0159il. \u201eA zda to povede k p\u00e1du prezidenta Trumpa \u2013 nev\u00edm. Spojen\u00e9 st\u00e1ty jsou divn\u00e1 zem\u011b. Za m\u00e9ho \u017eivota si jednoho prezidenta zast\u0159elili, druh\u00e9ho se skoro zbavili impeachmentem, t\u0159et\u00edho post\u0159elili a jednoho se pokusili zdiskreditovat jako sukni\u010dk\u00e1\u0159e. A v\u017edy to vych\u00e1zelo z n\u011bjak\u00e9ho \u201adeep throat\u2018. Tak pro\u010d by to tentokr\u00e1t m\u011blo b\u00fdt jinak?\u201c dodal.<\/p>\n<p>Po summitu v Helsink\u00e1ch je\u0161t\u011b ve Finsku poskytl Trump rozhovor americk\u00e9 televizn\u00ed stanici FOX News. A padla i tato ot\u00e1zka: \u201eKdy\u017e jste se potkal s Angelou Merkelovou, s Vladimirem Putinem, sledoval jste je a mluvil jste s nimi. Kdo z nich podle v\u00e1s d\u011bl\u00e1 z perspektivy jejich ob\u010dan\u016f lep\u0161\u00ed pr\u00e1ci pro svou zemi?\u201c zeptal se report\u00e9r Tucker Carlson. \u201eAngela byla superhv\u011bzda, ne\u017e umo\u017enila milion\u016fm lid\u00ed p\u0159ij\u00edt do N\u011bmecka, to j\u00ed velmi ubl\u00ed\u017eilo. Jak v\u00edte, v ka\u017ed\u00fdch volb\u00e1ch byla neporaziteln\u00e1. Kdy\u017e ty miliony lid\u00ed pro\u0161ly N\u011bmeckem, mnohdy \u0161ly i do dal\u0161\u00edch zem\u00ed. Ma\u010farsko je nep\u0159ij\u00edm\u00e1 a mnoho lid\u00ed by je nep\u0159ijalo. \u0160lo o velkou migraci. Nechci \u0159\u00edkat, kdo je lep\u0161\u00ed a kdo hor\u0161\u00ed, ale \u0159eknu toto, imigrace j\u00ed velmi, velmi ubl\u00ed\u017eila,\u201c \u0159ekl Trump. \u201eDonald Trump se o n\u011bmeck\u00e9 kancl\u00e9\u0159ce vyjad\u0159oval kriticky u\u017e n\u011bkolikr\u00e1t. Stejn\u011b jako jeho pracovn\u00ed okol\u00ed. Ale nev\u011b\u0159\u00edm, \u017ee u tak zku\u0161en\u00e9ho politika jde o osobn\u00ed sympatie nebo antipatie. Donald Trump um\u00ed se sv\u00fdmi ur\u00e1\u017ekami r\u016fzn\u00fdch politik\u016f aktivn\u011b pracovat a sp\u00ed\u0161e mu jde o obchodn\u00ed v\u00e1lku Spojen\u00fdch st\u00e1t\u016f s EU nebo o n\u011bco podobn\u00e9ho. Ne\u0159\u00edzen\u00e9 (nebo snad \u0159\u00edzen\u00e9?) p\u0159ist\u011bhovalectv\u00ed do EU je dob\u0159e viditeln\u00fd ter\u010d a pro\u010d by se ho ve sv\u00e9m uva\u017eov\u00e1n\u00ed byznysmena v B\u00edl\u00e9m dom\u011b m\u011bl tak snadno vzd\u00e1vat. Zvl\u00e1\u0161t\u011b kdy\u017e v\u00edme, \u017ee prvn\u00ed term\u00edn americk\u00e9ho prezidenta je vlastn\u011b n\u011bkolikaletou p\u0159edvolebn\u00ed kampan\u00ed, jej\u00edm\u017e posl\u00e1n\u00edm je dob\u00fdt tr\u016fnu i napodruh\u00e9,\u201c reagoval Zbo\u0159il.<\/p>\n<h4>\u017de by v Praze migranty zbili? \u201eNen\u00ed na \u00farovni sv\u00e9ho \u00fa\u0159adu\u2026\u201c<\/h4>\n<p>Kdyby migranti jin\u00e9 barvy pleti p\u0159i\u0161li do Prahy \u010di do Var\u0161avy, pravd\u011bpodobn\u011b by je tam zbili. Na ned\u00e1vn\u00e9m uzav\u0159en\u00e9m setk\u00e1n\u00ed, jeho\u017e z\u00e1znam unikl do m\u00e9di\u00ed, to \u0159ekl nizozemsk\u00fd ministr zahrani\u010d\u00ed Stef Blok. Zpr\u00e1vu p\u0159inesla \u010cTK. \u201eProjd\u011bte se ulic\u00ed ve Var\u0161av\u011b nebo v Praze. Tam nechod\u00ed v\u016fbec \u017e\u00e1dn\u00ed barevn\u00ed lid\u00e9. Ti lid\u00e9 (migranti) jsou b\u011bhem t\u00fddne pry\u010d. Byli by pravd\u011bpodobn\u011b zbiti,\u201c uvedl \u0161\u00e9f nizozemsk\u00e9 diplomacie a dodal, \u017ee cizinci jin\u00e9 barvy pleti nemaj\u00ed ve v\u00fdchodn\u00ed Evrop\u011b \u017e\u00e1dn\u00e9 vyhl\u00eddky na norm\u00e1ln\u00ed \u017eivot. \u201eDovolte mi, abych konstatoval, \u017ee \u201a\u0161\u00e9f nizozemsk\u00e9 diplomacie\u2018 nen\u00ed na \u00farovni sv\u00e9ho \u00fa\u0159adu. Mohl by v\u011bd\u011bt, \u017ee \u010cesk\u00e9 kr\u00e1lovstv\u00ed a \u010cSR nebyly koloni\u00e1ln\u00edmi velmocemi jako jeho rodn\u00e9 Nizozemsko, kter\u00e9 obchodovalo s otroky a vyko\u0159is\u0165ovalo obyvatele sv\u00fdch koloni\u00ed v\u00edc ne\u017e \u010dty\u0159i stalet\u00ed. Kdy\u017e se mu jeho koloni\u00e1ln\u00ed sen zhroutil, muselo p\u0159ijmout tis\u00edce sv\u00fdch v\u011brn\u00fdch z koloni\u00ed a stali se zd\u00e1nliv\u011b multikulturn\u00ed zem\u00ed,\u201c uvedl politolog. \u201eKdyby si ale nechal poradit, poslal bych ho pod\u00edvat se na n\u011bkolik z\u00e1pas\u016f \u010desk\u00e9 prvn\u00ed ligy v kopan\u00e9, aby se p\u0159esv\u011bd\u010dil, \u017ee multi-kulti se nepozn\u00e1 jen podle barvy pleti, ale i podle toho, z kter\u00e9 \u010d\u00e1sti sv\u011bta p\u0159ich\u00e1zej\u00ed. Ale ob\u00e1v\u00e1m se, \u017ee nem\u00e1 ani dob\u0159e spo\u010d\u00edt\u00e1no, kolik \u017eije v Holandsku lid\u00ed ze st\u0159edn\u00ed a v\u00fdchodn\u00ed Evropy, kte\u0159\u00ed se ne v\u017edy c\u00edt\u00ed, pokud jim nejde o snadn\u00fd p\u0159\u00edstup k jinde zak\u00e1zan\u00fdm l\u00e1tk\u00e1m, v jeho zemi dob\u0159e. A pokud nezapomn\u011bl na svou ned\u00e1vnou omluvu, m\u011bl by si sp\u00ed\u0161e p\u0159ipomenout, \u017ee do \u010cR se jezd\u00ed z Holandska ml\u00e1tit \u010d\u00ed\u0161n\u00edky, i kdy\u017e je n\u011bkdy vina na obou stran\u00e1ch,\u201c dodal.<\/p>\n<p>Pavel \u0160afr k tomu v koment\u00e1\u0159i na serveru Forum24.cz poznamenal, \u017ee pro slova nizozemsk\u00e9ho ministra m\u00e1 pochopen\u00ed, proto\u017ee sv\u00e9 krajany zn\u00e1. \u201eO tom, \u017ee se u n\u00e1s lid\u00e9 jin\u00e9 barvy pleti boj\u00ed v\u00edce ne\u017e v z\u00e1padn\u00edch zem\u00edch, nelze ov\u0161em v\u016fbec pochybovat. N\u00e1\u0161 server publikoval p\u0159ed \u010dasem p\u0159\u00edb\u011bh arabsk\u00e9ho taxik\u00e1\u0159e z Tunisu, kter\u00fd b\u011b\u017en\u011b nar\u00e1\u017e\u00ed na ostr\u00e9 projevy nen\u00e1visti a kv\u016fli jeho p\u016fvodu mu nikdo nechce v Praze pronajmout byt. Je ov\u011b\u0159enou realitou, \u017ee m\u00edra rasismu se v \u010cesk\u00e9 republice za posledn\u00edch dvacet let a zejm\u00e9na v dob\u011b vl\u00e1dy Milo\u0161e Zemana nebezpe\u010dn\u011b zv\u00fd\u0161ila,\u201c napsal \u0160afr. \u0160afr sv\u00e9 tvrzen\u00ed op\u00edr\u00e1 o v\u00fdzkum sociolog\u016f z Masarykovy univerzity v Brn\u011b. \u201eJe t\u0159eba se zamyslet nad t\u00edm, kam sm\u011b\u0159ujeme, jestli\u017ee je u n\u00e1s atmosf\u00e9ra rasov\u00e9 nen\u00e1visti zcela re\u00e1ln\u00fdm a velk\u00fdm probl\u00e9m na\u0161\u00ed zem\u011b,\u201c napsal tak\u00e9. \u201eNem\u00e1m k dispozici takov\u00e1 data jako pan \u0160afr, ale z vlastn\u00ed zku\u0161enosti v\u00edm, \u017ee ne v\u0161echny v\u00fdsledky zkoum\u00e1n\u00ed na MU jsou nekritizovateln\u00e9. Ale mo\u017en\u00e1 bych mu mohl i uv\u011b\u0159it, kdyby to zase, jak je u n\u011bho obvykl\u00e9, v\u0161echno nesv\u00e1d\u011bl na prezidenta Zemana. Rasismus, antisemitismus a nen\u00e1vist v\u016f\u010di cizinc\u016fm nevznikaj\u00ed p\u0159es noc a zejm\u00e9na tehdy, kdy\u017e Karel Schwarzenberg nebo Ji\u0159\u00ed Draho\u0161 prohraj\u00ed ve volb\u00e1ch. Pokud ale tak tomu je, pak bychom se m\u011bli zamyslet, pro\u010d po skoro t\u0159iceti letech od v\u00edt\u011bzstv\u00ed prorok\u016f pravdy a l\u00e1sky um\u00edme tolik&nbsp; nen\u00e1vid\u011bt. A ob\u010das tak\u00e9 trochu lh\u00e1t,\u201c \u0159\u00edk\u00e1 Zbo\u0159il.<\/p>\n<h4>Posp\u00ed\u0161il je m\u00e9n\u011b v\u00fdrazn\u00fd ne\u017e jeho p\u0159edch\u016fdci<\/h4>\n<p>B\u00fdval\u00fd \u0161\u00e9f TOP 09 se na twitteru vyjad\u0159oval k p\u0159ij\u00edm\u00e1n\u00ed uprchl\u00edk\u016f. \u201eJ. Posp\u00ed\u0161il pochv\u00e1lil A. Babi\u0161e za postoj k \u017e\u00e1dosti italsk\u00e9 vl\u00e1dy. Respektuji sv\u00e9ho p\u0159edsedu, nemohu ale s t\u00edmto n\u00e1zorem souhlasit. Ochota prov\u011b\u0159it na na\u0161em \u00fazem\u00ed 20 \u017eadatel\u016f by n\u00e1s neohrozila a zajistila by n\u00e1m respekt spojenc\u016f. Takhle jsme sobci. Trapn\u00e9 a mimo program TOP 09.\u201c A tak\u00e9 p\u0159idal pochvalu pro Karla Schwarzenberga. \u201eKarel m\u011b v\u017edy u\u010dil, \u017ee pro n\u00e1s jsou d\u016fle\u017eit\u00e9 z\u00e1sady, ne v\u00fdsady. Je (bohu\u017eel) st\u00e1le jedin\u00fdm st\u00e1tn\u00edkem mezin\u00e1rodn\u00edho form\u00e1tu v na\u0161\u00ed zemi.\u201c Zbo\u0159il k tomu dod\u00e1v\u00e1: \u201eAsi jde jen o tradi\u010dn\u00ed \u010deskou stranickou \u0159evnivost. Ji\u0159\u00ed Posp\u00ed\u0161il je sice mnohomluvn\u00fd politik, ale, m\u00e1lo platn\u00e9, m\u00e9n\u011b v\u00fdrazn\u00fd ne\u017e oba jeho p\u0159edch\u016fdci \u2013 p\u0159edseda a m\u00edstop\u0159edseda. Ale tvrdit o nich, \u017ee jsou jeden nebo druh\u00fd \u201ajedin\u00fdmi st\u00e1tn\u00edky mezin\u00e1rodn\u00edho form\u00e1tu\u2018 je v\u00edce ne\u017e odv\u00e1\u017en\u00e9. Zejm\u00e9na kdy\u017e to jeden z nich \u0159\u00edk\u00e1 o tom, kter\u00e9mu oddan\u011b slou\u017eil jako ministr financ\u00ed a nazna\u010duje, \u017ee je on ten druh\u00fd.\u201c<\/p>\n<p>Kalousek se vyj\u00e1d\u0159il i takto: \u201eEvropa dnes \u010del\u00ed star\u00e9mu bol\u0161evick\u00e9mu heslu \u201aNem\u016f\u017eeme to porazit, mus\u00edme to obsadit\u201c. Spoustu evropsk\u00fdch st\u00e1tn\u00edk\u016f tohle heslo bohu\u017eel minulo. Vladim\u00edr Vladim\u00edrovi\u010d ho m\u00e1 v KGB\u00e1ck\u00fdch genech. A tak nastupuj\u00ed Le Penov\u00e9, Okamurov\u00e9, Klausov\u00e9, AfD, atd&#8230; \u0158\u00edd\u00edc\u00ed org\u00e1n je centr\u00e1ln\u00ed.\u201c Politolog na jeho slova reagoval: \u201eTrochu to zn\u00ed jako hlas ze z\u00e1hrob\u00ed. Kdy\u017e zapom\u00ednaj\u00ed evrop\u0161t\u00ed politici na geneticky podm\u00edn\u011bn\u00e1 hesla, snad by jim mohl pomoci jeden americk\u00fd prezident, George W.Bush st., kter\u00fd byl p\u011bt let dokonce hlavou CIA. Snad i v jeho genech by se n\u011bco podobn\u00e9ho na\u0161lo.\u201c<\/p>\n<p>Premi\u00e9r Andrej Babi\u0161 se stal p\u0159edsedou Rady vl\u00e1dy pro koordinaci boje s korupc\u00ed. Jen\u017ee s\u00e1m je trestn\u011b st\u00edhan\u00fd. \u201eTo, \u017ee se premi\u00e9r Andrej Babi\u0161 stal p\u0159edsedou Rady vl\u00e1dy (pro koordinaci boje s korupc\u00ed), tedy nen\u00ed jeho rozhodnut\u00ed, ale jde o d\u016fsledek pravidla, kter\u00e9 bylo zavedeno ji\u017e usnesen\u00edm Sobotkovy vl\u00e1dy. Vyvrac\u00ed to dezinformace n\u011bkter\u00fdch m\u00e9di\u00ed, kter\u00e1 zve\u0159ejnila zpr\u00e1vu o samojmenov\u00e1n\u00ed premi\u00e9ra p\u0159edsedou protikorup\u010dn\u00ed rady,\u201c uvedla mluv\u010d\u00ed vl\u00e1dy Petra Dole\u017ealov\u00e1 v tiskov\u00e9 zpr\u00e1v\u011b. \u201ePravda, pan Babi\u0161 dosud nen\u00ed ani odsouzen\u00fd, ale snad to jeho jmenov\u00e1n\u00ed nemuselo tak sp\u011bchat. Ale hlavn\u011b m\u00e1me parlament, a tak se o tom mohlo tak\u00e9 trochu jednat, kdy\u017e u\u017e se tam nepat\u0159i\u010dn\u011b projedn\u00e1v\u00e1 kdeco. Ale z\u0159ejm\u011b museli v\u0161ichni \u201ana dovolenou\u2018, jak se uv\u00e1d\u011blo ve dnech kvap\u00edkov\u00e9ho schvalov\u00e1n\u00ed d\u016fv\u011bry vl\u00e1d\u011b. Kone\u010dn\u011b, do p\u0159\u00ed\u0161t\u00edch voleb daleko, tak pro\u010d se roz\u010dilovat?\u201c \u0159\u00edk\u00e1 Zbo\u0159il.<\/p>\n<p>A kon\u010d\u00edme sportem. Obl\u00edben\u00fd sportovn\u00ed koment\u00e1tor Jarom\u00edr Bos\u00e1k byl s \u010ceskou televiz\u00ed v Rusku, kde komentoval p\u0159enosy z pr\u00e1v\u011b skon\u010den\u00e9ho fotbalov\u00e9ho \u0161ampion\u00e1tu. O n\u011bkter\u00e9 post\u0159ehy se cht\u011bl prost\u0159ednictv\u00edm s\u00edt\u011b facebook pod\u011blit i s dal\u0161\u00edmi \u010cechy. \u201eZastavil jsem se u b\u00e1\u0165u\u0161ky cara. Teda vlastn\u011b prezidenta. Ale v Rusku to kap\u00e1nek spl\u00fdv\u00e1 :-). A on prej Vladim\u00edr nen\u00ed doma&#8230;\u201c psal nap\u0159\u00edklad Bos\u00e1k. Jeho pohled na Rusko vzbudil vlnu reakc\u00ed. Nakonec v\u011bnoval sv\u00fdm \u201efanou\u0161k\u016fm\u201c ironickou a posm\u011b\u0161nou reakci, kter\u00e1 mnoh\u00e9 z nich vyprovokovala k rozto\u010den\u00ed dal\u0161\u00edho kola nad\u00e1vek. \u201eJsem nad\u0161en\u00fd z toho, \u017ee vyd\u011bl\u00e1v\u00e1m v\u00edc ne\u017e vy, na rozd\u00edl od v\u00e1s jezd\u00edm po sv\u011bt\u011b, u\u017e\u00edv\u00e1m si \u017eivota, prakticky se v\u016fbec nenad\u0159u, hraju tady jenom golf \u2013 to je v Moskv\u011b naprosto b\u011b\u017en\u00e9, chod\u00edm si zadarmo na fotbal, hodn\u011b tady chlast\u00e1me za va\u0161e pen\u00edze a v\u0161ichni se v\u00e1m, zjevn\u011b intelektu\u00e1ln\u011b pon\u011bkud chud\u0161\u00edmu jedinci, sm\u011bjeme na pln\u00e9 kolo. P\u011bkn\u00fd den,\u201c napsal Bos\u00e1k. \u201eJak kdysi napsal Franti\u0161ek N\u011bmec v jedn\u00e9 sv\u00e9 soudni\u010dce: \u201e\u2026 \u010deho je srdce pln\u00e9, t\u00edm \u00fasta p\u0159et\u00e9kaj\u00ed!\u201c A kdy\u017e k tomu p\u0159id\u00e1me trochu rusk\u00e9 vodky nebo gruz\u00ednsk\u00e9ho ko\u0148aku, pak je mal\u00e9r na sv\u011bt\u011b. Poslouchal jsem asi dv\u011b komentov\u00e1n\u00ed pana Bos\u00e1ka a p\u0159ekvapilo mne, \u017ee mluvil o v\u0161em mo\u017en\u00e9m, jen ne o MS v Rusku. Asi to tak maj\u00ed v \u010cT rozd\u011blen\u00e9. Pan Bos\u00e1k pomlouv\u00e1, st\u00e1l\u00fd koment\u00e1tor v Moskv\u011b Karas RF chv\u00e1l\u00ed. Je\u0161t\u011b doned\u00e1vna byla sportovn\u00ed redakce \u010cT asi nejlep\u0161\u00ed redakc\u00ed, pokud \u0161lo o kvalitu jej\u00edho zpravodajstv\u00ed a komentov\u00e1n\u00ed v\u0161ech mo\u017en\u00fdch druh\u016f sportu. V posledn\u00ed dob\u011b se mi zd\u00e1, \u017ee sice upad\u00e1 (zat\u00edm jen trochu) jejich \u010de\u0161tina, ale z\u0159ejm\u011b v\u00edce se tam vytr\u00e1cej\u00ed dobr\u00e9 mravy,\u201c uzav\u00edr\u00e1 dne\u0161n\u00ed Rozjezd Zden\u011bk Zbo\u0159il.<\/p>\n<p><a href=\"https:\/\/www.parlamentnilisty.cz\/arena\/politologove\/To-uz-jsem-nekde-slysel-Zdenek-Zboril-bez-milosti-o-CT-s-Jaklem-Bosakovi-a-nadavkach-Trumpovi-A-o-Kalouskovi-544961\">Zdroj<\/a><\/p>\n","protected":false},"excerpt":{"rendered":"<p>ROZJEZD ZDE\u0147KA ZBO\u0158ILA \u201eOpravdu se mi nezd\u00e1lo, \u017ee by se pan Jakl pokou\u0161el o n\u011bjakou v\u011bdomou nepravdu,\u201c reagoval na rozho\u0159\u010den\u00ed profesora Igora Luke\u0161e p\u0159ed televizn\u00edmi kamerami \u010cT politolog Zden\u011bk Zbo\u0159il. V dne\u0161n\u00edm rozjezdu analyzuje tak\u00e9 smr\u0161\u0165 kritiky, kter\u00e1 dopad\u00e1 na americk\u00e9ho prezidenta za summit v Helsink\u00e1ch. \u201eT\u00e9m\u011b\u0159 v\u0161echny americk\u00e9 zpravodajsk\u00e9 slu\u017eby, v\u010detn\u011b sv\u00fdch britsk\u00fdch a [&hellip;]<\/p>\n","protected":false},"author":1,"featured_media":0,"comment_status":"open","ping_status":"open","sticky":false,"template":"","format":"standard","meta":{"ngg_post_thumbnail":0,"footnotes":""},"categories":[11],"tags":[],"class_list":["post-8815","post","type-post","status-publish","format-standard","hentry","category-ozvena"],"_links":{"self":[{"href":"https:\/\/www.ladislavjakl.cz\/index.php?rest_route=\/wp\/v2\/posts\/8815","targetHints":{"allow":["GET"]}}],"collection":[{"href":"https:\/\/www.ladislavjakl.cz\/index.php?rest_route=\/wp\/v2\/posts"}],"about":[{"href":"https:\/\/www.ladislavjakl.cz\/index.php?rest_route=\/wp\/v2\/types\/post"}],"author":[{"embeddable":true,"href":"https:\/\/www.ladislavjakl.cz\/index.php?rest_route=\/wp\/v2\/users\/1"}],"replies":[{"embeddable":true,"href":"https:\/\/www.ladislavjakl.cz\/index.php?rest_route=%2Fwp%2Fv2%2Fcomments&post=8815"}],"version-history":[{"count":1,"href":"https:\/\/www.ladislavjakl.cz\/index.php?rest_route=\/wp\/v2\/posts\/8815\/revisions"}],"predecessor-version":[{"id":8816,"href":"https:\/\/www.ladislavjakl.cz\/index.php?rest_route=\/wp\/v2\/posts\/8815\/revisions\/8816"}],"wp:attachment":[{"href":"https:\/\/www.ladislavjakl.cz\/index.php?rest_route=%2Fwp%2Fv2%2Fmedia&parent=8815"}],"wp:term":[{"taxonomy":"category","embeddable":true,"href":"https:\/\/www.ladislavjakl.cz\/index.php?rest_route=%2Fwp%2Fv2%2Fcategories&post=8815"},{"taxonomy":"post_tag","embeddable":true,"href":"https:\/\/www.ladislavjakl.cz\/index.php?rest_route=%2Fwp%2Fv2%2Ftags&post=8815"}],"curies":[{"name":"wp","href":"https:\/\/api.w.org\/{rel}","templated":true}]}}