{"id":8817,"date":"2018-08-02T16:46:16","date_gmt":"2018-08-02T14:46:16","guid":{"rendered":"http:\/\/www.ladislavjakl.cz\/?p=8817"},"modified":"2018-08-31T12:10:16","modified_gmt":"2018-08-31T10:10:16","slug":"rozhovor-s-l-jaklem-bez-redakcnich-uprav-pro-hn-a-aktualne","status":"publish","type":"post","link":"https:\/\/www.ladislavjakl.cz\/?p=8817","title":{"rendered":"Rozhovor s\u00a0L. Jaklem bez redak\u010dn\u00edch \u00faprav pro HN a Aktu\u00e1ln\u011b"},"content":{"rendered":"<p>V\u00e1\u017een\u00fd pane Jakle,<\/p>\n<p>v\u00e1\u017e\u00edm si toho, \u017ee si ud\u011bl\u00e1te \u010das a odpov\u00edte na n\u011bkolik ot\u00e1zek, kter\u00e9 se vztahuj\u00ed k va\u0161\u00ed kandidatu\u0159e do Sen\u00e1tu a va\u0161im dlouholet\u00fdm politick\u00fdm postoj\u016fm. Sna\u017eila jsem se mno\u017estv\u00ed dotat\u016f omezit, aby v\u00e1m reakce nezabrala \u010das, kter\u00e9ho nyn\u00ed z\u0159ejm\u011b m\u00e1te m\u00e1lo.<\/p>\n<p>Je\u0161t\u011b jednou moc d\u011bkuji.<br \/>\nZdrav\u00ed<br \/>\nKate\u0159ina Frouzov\u00e1, HN a aktu\u00e1ln\u011b<\/p>\n<p><!--more--><br \/>\nOt\u00e1zky:<\/p>\n<p><strong>Podpo\u0159\u00ed va\u0161i kandidaturu b\u00fdval\u00fd prezident V\u00e1clav Klaus? Jak?<\/strong><\/p>\n<p>To nev\u00edm. Zeptejte se rad\u011bji jeho.<\/p>\n<p><strong>Pro\u010d jste se rozhodl kandidovat pr\u00e1v\u011b za SPD?<\/strong><\/p>\n<p>Proto\u017ee je to jedin\u00e1 funguj\u00edc\u00ed strana, kter\u00e1 se d\u016fsledn\u011b ohrazuje v\u016f\u010di bruselsk\u00e9 centralizaci a organizovan\u00e9 masov\u00e9 migraci. Ti, jejich\u017e c\u00edlem je zni\u010den\u00ed zbytku na\u0161\u00ed suverenity a p\u0159ipojen\u00ed se k&nbsp;ob\u0159\u00ed migra\u010dn\u00ed operaci, by si tuze p\u0159\u00e1li, kdyby jejich odp\u016frci nebyli spolu schopn\u00ed vz\u00e1jemn\u011b spolupracovat kv\u016fli odli\u0161nostem v&nbsp;jin\u00fdch t\u00e9matech. Tady jde o na\u0161i existenci, k&nbsp;rozd\u00edl\u016fm se vra\u0165me, a\u017e uh\u00e1j\u00edme h\u0159i\u0161t\u011b, na kter\u00e9m si to pak rozd\u00e1me. SPD po mn\u011b ne\u017e\u00e1d\u00e1, abych se jakkoli m\u011bnil a p\u0159ijal celou jej\u00ed politiku. Chce podporu v&nbsp;hlavn\u00edch dvou bodech, ve kter\u00fdch s&nbsp;n\u00ed zcela souhlas\u00edm.<\/p>\n<p><strong>B\u00fdval\u00fd tajemn\u00edk tohoto hnut\u00ed byl potrestan\u00fd podm\u00ednkou a pokutou za rasistick\u00e9 v\u00fdroky, jeden z poslanc\u016f i p\u0159edseda SPD zleh\u010dovali utrpen\u00ed ob\u011bt\u00ed romsk\u00e9ho koncentra\u010dn\u00edho t\u00e1bora v Letech. Ovlivnily n\u011bjak tyto incidenty va\u0161e rozhodov\u00e1n\u00ed kandidovat za SPD?<\/strong><\/p>\n<p>Neovlivnily, proto\u017ee o nich nev\u00edm. Ale neovlivnily by ani v&nbsp;p\u0159\u00edpad\u011b, pokud bych o nich v\u011bd\u011bl, proto\u017ee o skandalizaci a kriminalizaci medi\u00e1ln\u00edch neobl\u00edbenc\u016f si mysl\u00edm sv\u00e9.<\/p>\n<p><strong>Tak\u00e9 Akce D.O.S.T. sdru\u017eovala podle n\u011bkter\u00fdch zdroj\u016f i p\u0159edstavitele krajn\u00ed pravice. M\u016f\u017eete popsat sv\u016fj vztah ke krajn\u00ed pravici?<\/strong><\/p>\n<p>Akce D.O.S.T. nikdy nikoho nesdru\u017eovala, tvo\u0159\u00ed ji, pokud v\u00edm, n\u011bkolik jednotlivc\u016f. A pak existuje asi tis\u00edc signat\u00e1\u0159\u016f z\u00e1kladn\u00edho manifestu D.O.S.T., kte\u0159\u00ed se vz\u00e1jemn\u011b v\u011bt\u0161inou ani nikdy nevid\u011bli. Nev\u00edm, kdo v\u0161echno to podepsal a je mi to jedno. A m\u016fj vztah ke krajn\u00ed pravici? J\u00e1 jsem krajn\u00ed pravice. Pokud je levice etatistick\u00e1, podporuje vysokou m\u00edru p\u0159erozd\u011blov\u00e1n\u00ed a preferuje kolektivn\u00ed rozhodov\u00e1n\u00ed, zat\u00edmco pravice je individualistick\u00e1, h\u00e1j\u00ed svobodu jednotlivce a bojuje proti rozp\u00ednavosti st\u00e1tu, pak jsem j\u00e1 ur\u010dit\u011b ten pravicov\u00fd extr\u00e9m.<\/p>\n<p><strong>A mohl byste vysv\u011btlit sv\u016fj vztah t\u0159eba k men\u0161in\u00e1m?<\/strong><\/p>\n<p>M\u016fj vztah k&nbsp;men\u0161in\u00e1m? Je ide\u00e1ln\u00ed, s\u00e1m se k&nbsp;n\u011bkolika men\u0161in\u00e1m po\u010d\u00edt\u00e1m.<\/p>\n<p><strong>Plat\u00ed v\u00e1\u0161 program, kter\u00fd jste prezentoval, kdy\u017e jste se uch\u00e1zel o mo\u017enost kandidovat na prezidenta?<\/strong><\/p>\n<p>M\u016fj program pochopiteln\u011b plat\u00ed, nejen p\u0159i jak\u00e9koli kandidatu\u0159e, ale i v&nbsp;m\u00e9m \u017eivot\u011b a ve v\u0161em, co p\u00ed\u0161u, \u0159\u00edk\u00e1m, \u010din\u00edm.<\/p>\n<p><strong>Pova\u017eujete n\u011bkter\u00e9 body z tohoto programu za zvl\u00e1\u0161t\u011b d\u016fle\u017eit\u00e9?<\/strong><\/p>\n<p>D\u016fle\u017eit\u00e9 jsou v\u0161echny. Snad bych dnes jeden z&nbsp;bod\u016f, kde odm\u00edt\u00e1m, aby se mocensk\u00e1 ma\u0161in\u00e9rie pou\u017e\u00edvala jako n\u00e1stroj soci\u00e1ln\u00edho in\u017een\u00fdrstv\u00ed, asi doplnil slovy: nap\u0159\u00edklad u organizovan\u00e9 masov\u00e9 imigrace.<\/p>\n<p><strong>Jak\u00fdm konkr\u00e9tn\u00edm pl\u00e1n\u016fm se chcete v Sen\u00e1tu v\u011bnovat, pokud ve volb\u00e1ch usp\u011bjete?<\/strong><\/p>\n<p>Konkr\u00e9tn\u011b budu hlasovat proti v\u0161em konkr\u00e9tn\u00edm implementac\u00edm z&nbsp;Bruselu, p\u0159in\u00e1\u0161ej\u00edc\u00edm nov\u00e9 p\u0159\u00edkazy, z\u00e1kazy a utahov\u00e1n\u00ed \u0161roub\u016f, a proti podobn\u00fdm n\u00e1vrh\u016fm z&nbsp;dom\u00e1c\u00ed \u010desk\u00e9 d\u00edlny. A proti jak\u00fdmkoli \u00fastupk\u016fm ve v\u011bcech imigrace.<\/p>\n<p><strong>Podpo\u0159il byste vystoupen\u00ed z EU i v sou\u010dasn\u00e9 mezin\u00e1rodn\u00ed situaci?<\/strong><\/p>\n<p>V&nbsp;sou\u010dasn\u00e9 situaci je\u0161t\u011b mnohem intenz\u00edvn\u011bji. \u010clenstv\u00ed v&nbsp;EU je pro n\u00e1s st\u00e1le v\u00edce a v\u00edce rizikov\u00e9.<\/p>\n<p><strong>V sou\u010dasn\u00e9 dob\u011b se hor\u0161\u00ed vztah Evropy a USA (p\u0159edev\u0161\u00edm v r\u00e1mci NATO). Nen\u00ed evropsk\u00e1 jednota pr\u00e1v\u011b v takov\u00e9 dob\u011b d\u016fle\u017eit\u00e1?<\/strong><\/p>\n<p>Jde o to, vztahy se kterou Evropou m\u00e1te namysli. Vztahy USA s&nbsp;evropsk\u00fdm Tureckem se ur\u010dit\u011b zhor\u0161uj\u00ed, ale nev\u00edm, pro\u010d by se kv\u016fli tomu m\u011blo evropsk\u00e9 \u0160v\u00fdcarsko jednotit s&nbsp;Tureckem. Vztahy USA s&nbsp;evropsk\u00fdm Polskem jsou vynikaj\u00edc\u00ed a st\u00e1le se zlep\u0161uj\u00ed. Vztahy USA s&nbsp;evropskou Ukrajinou jsou mi velmi nejasn\u00e9, vztahy USA s&nbsp;evropsk\u00fdm Ruskem se snad za\u010dnou zlep\u0161ovat, vztahy USA s&nbsp;evropskou Brit\u00e1ni\u00ed budou po dokon\u010den\u00ed brexitu ur\u010dit\u011b nadstandardn\u00ed, vztahy s&nbsp;evropsk\u00fdm N\u011bmeckem jsou zat\u00ed\u017eeny n\u011bmeckou podporou exportu, kde bych byl sp\u00ed\u0161 na americk\u00e9 stran\u011b. Zm\u00ednila jste NATO. USA spr\u00e1vn\u011b poukazuj\u00ed, \u017ee NATO je t\u0159eba reformovat. Ostatn\u00ed \u010dlenov\u00e9 jsou nejen \u010dern\u00fdmi pasa\u017e\u00e9ry ve vlaku bezpe\u010dnosti, kter\u00fd jede na americk\u00fd pohon, ale mohou sv\u00fdmi ambicemi zat\u00e1hnout ostatn\u00ed \u010dleny (hlavn\u011b USA) do sv\u00fdch konflikt\u016f, jak n\u00e1m ukazuje t\u0159eba Turecko, kdy\u017e podle litery zakl\u00e1daj\u00edc\u00ed smlouvy NATO legitimn\u011b po\u017eaduje pomoc proti kurdsk\u00fdm separatist\u016fm \u00fato\u010d\u00edc\u00edm z&nbsp;Ir\u00e1ku. Litera smlouvy je zde v&nbsp;evidentn\u00edm rozporu s&nbsp;americk\u00fdmi z\u00e1jmy. Jin\u00fdm zem\u00edm se zas nel\u00edb\u00ed, \u017ee jejich s\u00edly nejsou budov\u00e1ny k&nbsp;obran\u011b vlasti, ale jako expedi\u010dn\u00ed sbory k&nbsp;n\u00e1siln\u00fdm akc\u00edm po sv\u011bt\u011b bez mand\u00e1tu OSN. Tak\u017ee jist\u00e9 p\u0159ehodnocen\u00ed nam\u00edst\u011b je a Ameri\u010dan\u00e9 o tom pr\u00e1vem za\u010d\u00ednaj\u00ed mluvit. Evropsk\u00e1 jednota je iluzorn\u00ed. Nem\u016f\u017ee existovat jednota \u017e\u00e1dn\u00e9ho kontinentu. Ka\u017ed\u00e1 zem\u011b m\u00e1 sv\u00e9 z\u00e1jmy a ty h\u00e1j\u00ed, velk\u00e9 zem\u011b sebev\u011bdom\u011bji, slab\u0161\u00ed ti\u0161eji. Je spr\u00e1vn\u00e9 se p\u0159i sledov\u00e1n\u00ed sv\u00fdch z\u00e1jm\u016f spojovat s&nbsp;t\u00edm, kdo m\u00e1 zrovna z\u00e1jem shodn\u00fd, ale z\u00e1jem Francie na Balk\u00e1n\u011b nemus\u00ed b\u00fdt stejn\u00fd jako n\u00e1\u0161.<\/p>\n<p><strong>Jak podle v\u00e1s zaveden\u00ed volebn\u00edho pr\u00e1va \u017een rozlo\u017eilo rodiny? Nem\u00e1te obavy, \u017ee v\u00e1m tento postoj k volebn\u00edmu pr\u00e1vu \u017een, kter\u00e9 jste ozna\u010dil za chybu, \u0161kod\u00ed?<\/strong><\/p>\n<p>Nemysl\u00edm, \u017ee byste znala cel\u00e9 m\u00e9 asi dvacetiminutov\u00e9 vystoupen\u00ed na semin\u00e1\u0159i na toto t\u00e9ma. Jinak byste musela v\u011bd\u011bt, \u017ee by m\u011b ani nenapadlo zpochyb\u0148ovat volebn\u00ed pr\u00e1vo \u017een dnes. Jen jsem na historick\u00fdch souvislostech uv\u00e1d\u011bl vz\u00e1jemn\u011b se podmi\u0148uj\u00edc\u00ed faktory eroze rodiny a jedn\u00edm z projev\u016f i akceleruj\u00edc\u00edch moment\u016f bylo to, \u017ee st\u00e1t podle mne p\u0159ed\u010dasn\u011b odemkl jednotku zvanou rodina a u\u010dinil subjekty i objekty moci jej\u00ed jednotliv\u00e9 \u010dleny. Nemysl\u00edm, \u017ee \u0160v\u00fdcarsko, kter\u00e9 za\u010dalo zav\u00e1d\u011bt volebn\u00ed pr\u00e1vo \u017een a\u017e v&nbsp;70. letech a dokon\u010dilo ho o zhruba dvacet let pozd\u011bji, je dnes m\u00e9n\u011b demokratick\u00e9 ne\u017e my nebo t\u0159eba Turecko, tedy zem\u011b, kter\u00e9 s&nbsp;t\u00edm p\u0159i\u0161ly o dek\u00e1dy d\u0159\u00edv. Mo\u017en\u00e1 bylo lep\u0161\u00ed po\u010dkat do druh\u00e9 p\u016flky 20. stolet\u00ed, kdy spole\u010dnost i rodina byly p\u0159ipraven\u011bj\u0161\u00ed takovou zm\u011bnu ust\u00e1t a vst\u0159ebat. Osobn\u011b si mysl\u00edm, \u017ee \u017eeny m\u00edvaj\u00ed lep\u0161\u00ed politick\u00fd instinkt ne\u017e mu\u017ei. Mu\u017ei \u0159e\u0161\u00ed velk\u00e9 ide\u00e1ly a situaci v&nbsp;Siamu \u010di v Patagonii, \u017eeny \u0159e\u0161\u00ed rodinn\u00fd rozpo\u010det a kvalitu \u0161kol pro d\u011bti, vid\u00ed politiku v\u00edce p\u0159es konkr\u00e9tn\u00ed z\u00e1jmy, co\u017e b\u00fdv\u00e1 mnohdy lep\u0161\u00ed vod\u00edtko.<\/p>\n<p><strong>Ji\u017e n\u011bkolik let reprezentujete siln\u011b konzervativn\u00ed pravicov\u00e9 postoje. Nap\u0159\u00edklad podporujete absolutn\u00ed svobodu slova. Ale cyklistiku byste zak\u00e1zal kv\u016fli propocen\u00fdm dres\u016fm a argument\u016fm cyklist\u016f. Nen\u00ed to v rozporu?<\/strong><\/p>\n<p>Ani zde moc nev\u011b\u0159\u00edm, \u017ee jste si m\u016fj \u0161est let star\u00fd silvestrovsk\u00fd blog p\u0159e\u010detla cel\u00fd. Jinak byste musela v\u011bd\u011bt, \u017ee to je parodie na neust\u00e1l\u00e9 extremistick\u00e9 n\u00e1pady zakazovat automobilovou dopravu. J\u00e1drem nebyla propocenost, ale energetick\u00e1 bilance r\u016fzn\u00fdch druh\u016f dopravy. Zkuste si to naj\u00edt, je to jeden z&nbsp;nej\u010dten\u011bj\u0161\u00edch blog\u016f v\u0161ech dob.<\/p>\n<p><strong>Ve svazc\u00edch StB je i va\u0161e jm\u00e9no. Tvrd\u00edte, \u017ee jste spolupr\u00e1ci odm\u00edtl, ale m\u016f\u017eete to n\u011bjak dolo\u017eit? Zva\u017eujete nap\u0159\u00edklad soudn\u00ed spor?<\/strong><\/p>\n<p>Tvrd\u00edte, \u017ee ve svazc\u00edch StB je m\u00e9 jm\u00e9no, ale m\u016f\u017eete to n\u011bjak dolo\u017eit? Ust\u00e1la byste nap\u0159\u00edklad soudn\u00ed spor? Zaj\u00edmalo by m\u011b, jak byste u soudu vysv\u011btlila, \u017ee mi ministerstvo vnitra u\u017e p\u0159ed 26 lety vydalo negativn\u00ed lustra\u010dn\u00ed osv\u011bd\u010den\u00ed, bez kter\u00e9ho bych nemohl l\u00e9ta zast\u00e1vat jmenovan\u00e9 funkce ve st\u00e1tn\u00ed spr\u00e1v\u011b, nebo pro\u010d mi NB\u00da ud\u011blil bezpe\u010dnostn\u00ed prov\u011brku. Ale mo\u017en\u00e1 jste si to popletla se z\u00e1znamy, kter\u00e9 o mne StB vedla jako o sledovan\u00e9 osob\u011b. Tam byste se mo\u017en\u00e1 do\u010detla t\u0159eba i to, \u017ee ve spolupr\u00e1ci se s\u00edt\u00ed d\u016fv\u011brn\u00edk\u016f StB na m\u00e9 fakult\u011b bylo dosa\u017eeno ukon\u010den\u00ed m\u00e9ho studia. Nebo jste si to popletla s&nbsp;kategori\u00ed Kandid\u00e1t tajn\u00e9 spolupr\u00e1ce, ve kter\u00e9 StB vedla bez jejich v\u011bdom\u00ed desetitis\u00edce lid\u00ed, v\u010detn\u011b nap\u0159\u00edklad V\u00e1clava Havla, kter\u00fd proto inicioval \u00fasp\u011b\u0161nou \u017e\u00e1dost k&nbsp;\u00dastavn\u00edmu soudu o vyn\u011bt\u00ed t\u00e9to kategorie z&nbsp;lustra\u010dn\u00edho z\u00e1kona. Pro v\u00e1\u0161 klid v\u00e1s mohu ujistit, \u017ee mi negativn\u00ed osv\u011bd\u010den\u00ed bylo ud\u011bleno je\u0161t\u011b p\u0159ed t\u00edmto zru\u0161en\u00edm. Ale jestli v\u011b\u0159\u00edte sv\u00fdm zdroj\u016fm, klidn\u011b do toho sporu poj\u010fme.<\/p>\n","protected":false},"excerpt":{"rendered":"<p>V\u00e1\u017een\u00fd pane Jakle, v\u00e1\u017e\u00edm si toho, \u017ee si ud\u011bl\u00e1te \u010das a odpov\u00edte na n\u011bkolik ot\u00e1zek, kter\u00e9 se vztahuj\u00ed k va\u0161\u00ed kandidatu\u0159e do Sen\u00e1tu a va\u0161im dlouholet\u00fdm politick\u00fdm postoj\u016fm. Sna\u017eila jsem se mno\u017estv\u00ed dotat\u016f omezit, aby v\u00e1m reakce nezabrala \u010das, kter\u00e9ho nyn\u00ed z\u0159ejm\u011b m\u00e1te m\u00e1lo. Je\u0161t\u011b jednou moc d\u011bkuji. Zdrav\u00ed Kate\u0159ina Frouzov\u00e1, HN a aktu\u00e1ln\u011b<\/p>\n","protected":false},"author":1,"featured_media":0,"comment_status":"open","ping_status":"open","sticky":false,"template":"","format":"standard","meta":{"ngg_post_thumbnail":0,"footnotes":""},"categories":[22,13],"tags":[],"class_list":["post-8817","post","type-post","status-publish","format-standard","hentry","category-jakl-senator","category-rozhovory"],"_links":{"self":[{"href":"https:\/\/www.ladislavjakl.cz\/index.php?rest_route=\/wp\/v2\/posts\/8817","targetHints":{"allow":["GET"]}}],"collection":[{"href":"https:\/\/www.ladislavjakl.cz\/index.php?rest_route=\/wp\/v2\/posts"}],"about":[{"href":"https:\/\/www.ladislavjakl.cz\/index.php?rest_route=\/wp\/v2\/types\/post"}],"author":[{"embeddable":true,"href":"https:\/\/www.ladislavjakl.cz\/index.php?rest_route=\/wp\/v2\/users\/1"}],"replies":[{"embeddable":true,"href":"https:\/\/www.ladislavjakl.cz\/index.php?rest_route=%2Fwp%2Fv2%2Fcomments&post=8817"}],"version-history":[{"count":1,"href":"https:\/\/www.ladislavjakl.cz\/index.php?rest_route=\/wp\/v2\/posts\/8817\/revisions"}],"predecessor-version":[{"id":8818,"href":"https:\/\/www.ladislavjakl.cz\/index.php?rest_route=\/wp\/v2\/posts\/8817\/revisions\/8818"}],"wp:attachment":[{"href":"https:\/\/www.ladislavjakl.cz\/index.php?rest_route=%2Fwp%2Fv2%2Fmedia&parent=8817"}],"wp:term":[{"taxonomy":"category","embeddable":true,"href":"https:\/\/www.ladislavjakl.cz\/index.php?rest_route=%2Fwp%2Fv2%2Fcategories&post=8817"},{"taxonomy":"post_tag","embeddable":true,"href":"https:\/\/www.ladislavjakl.cz\/index.php?rest_route=%2Fwp%2Fv2%2Ftags&post=8817"}],"curies":[{"name":"wp","href":"https:\/\/api.w.org\/{rel}","templated":true}]}}