{"id":8819,"date":"2018-08-03T10:53:58","date_gmt":"2018-08-03T08:53:58","guid":{"rendered":"http:\/\/www.ladislavjakl.cz\/?p=8819"},"modified":"2018-08-03T10:53:58","modified_gmt":"2018-08-03T08:53:58","slug":"pavel-zacek-zacek-z-ods-se-vysmiva-konskemu-ohunu-pana-ladislava-jakla-je-zacek-dementni-jako-lukes","status":"publish","type":"post","link":"https:\/\/www.ladislavjakl.cz\/?p=8819","title":{"rendered":"Pavel \u017d\u00e1\u010dek \u017e\u00e1\u010dek z ODS se vysm\u00edv\u00e1 \u201eko\u0148sk\u00e9mu ohunu\u201c pana Ladislava Jakla. Je \u017d\u00e1\u010dek dementn\u00ed jako Luke\u0161?"},"content":{"rendered":"<p>To je takov\u00e1 par\u00e1di\u010dka, kdy\u017e m\u016fj stranick\u00fd kolega Pavel \u017d\u00e1\u010dek sd\u00edl\u00ed video n\u011bjak\u00e9ho OMGzine z t\u00e9 konfrontace mezi p\u00e1ny Jaklem a Luke\u0161em, kde se pan americk\u00fd profesor vysm\u00edv\u00e1 pokr\u00fdvce hlavy p\u00e1n\u011b Jakla. \u201eOMG! Luxusn\u00ed st\u011brka klausovsk\u00e9ho trolla J\u00e1kla v p\u0159\u00edm\u00e9m p\u0159enosu\u201c, p\u00ed\u0161e se v tom komentu, kde je pan Jakl mj. titulov\u00e1n jako ko\u0148sk\u00fd ohon.<span id=\"more-92770\"><\/span><\/p>\n<p><!--more--><br \/>\n<img loading=\"lazy\" decoding=\"async\" class=\" wp-image-92771\" src=\"http:\/\/www.bezpolitickekorektnosti.cz\/wp-content\/uploads\/2018\/07\/Pavel-%C5%BD%C3%A1%C4%8Dek.jpg\" sizes=\"auto, (max-width: 859px) 100vw, 859px\" srcset=\"http:\/\/www.bezpolitickekorektnosti.cz\/wp-content\/uploads\/2018\/07\/Pavel-\u017d\u00e1\u010dek.jpg 859w, http:\/\/www.bezpolitickekorektnosti.cz\/wp-content\/uploads\/2018\/07\/Pavel-\u017d\u00e1\u010dek-300x161.jpg 300w, http:\/\/www.bezpolitickekorektnosti.cz\/wp-content\/uploads\/2018\/07\/Pavel-\u017d\u00e1\u010dek-768x411.jpg 768w, http:\/\/www.bezpolitickekorektnosti.cz\/wp-content\/uploads\/2018\/07\/Pavel-\u017d\u00e1\u010dek-430x230.jpg 430w, http:\/\/www.bezpolitickekorektnosti.cz\/wp-content\/uploads\/2018\/07\/Pavel-\u017d\u00e1\u010dek-280x150.jpg 280w\" alt=\"\" width=\"463\" height=\"248\"><\/p>\n<p>Pavel \u017d\u00e1\u010dek<\/p>\n<p>Pan poslanec k tomu sice s\u00e1m nic nedod\u00e1v\u00e1, ale kdy\u017e sd\u00edl\u00ed tento podp\u00e1sov\u00fd koment, patrn\u011b s n\u00edm je ok. M\u00e1m se te\u010f vysm\u00e1t tomu kn\u00edrku pana \u017d\u00e1\u010dka? Ne, to neud\u011bl\u00e1m, proto\u017ee jde jist\u011b jen o n\u011bjak\u00e9 nedorozum\u011bn\u00ed. My v ODS jsme slu\u0161n\u00ed ho\u0161i a n\u00e1zorov\u00fdm oponent\u016fm (je bizarn\u00ed, \u017ee t\u00edm oponentem je Jakl a ne Luke\u0161) se kv\u016fli jejich vzhledu nesm\u011bjeme.<\/p>\n<p>K OMGzine nem\u00e1m co dodat, proto\u017ee na jejich \u00farove\u0148 se sni\u017eovat nehodl\u00e1m. A vlastn\u011b to sam\u00e9 plat\u00ed tak\u00e9 k panu Luke\u0161ovi, se kter\u00fdm jsem m\u011bl jednou tu pochybnou \u010dest d\u011blat rozhovor pro PL. Ten p\u00e1n je oby\u010dejn\u00fd fanatik a typick\u00fd p\u0159\u00edklad elit\u00e1\u0159e, kter\u00fd m\u00e1 pln\u00e1 \u00fasty svobody, demokracie a tolerance a p\u0159itom se s\u00e1m chov\u00e1 jako naprost\u00fd pitomec.<\/p>\n<p>A mimochodem, kdy\u017e si d\u011blal VK ml. srandu z Karla Schwarzenberga kv\u016fli hymn\u011b, to bylo moralizov\u00e1n\u00ed. Kdy\u017e se Luke\u0161 vysm\u00edv\u00e1 n\u011bkomu kv\u016fli zjevu, tak je to v po\u0159\u00e1dku. Pro\u010d? Proto\u017ee Jakl p\u0159ece pat\u0159\u00ed na druhou stranu barik\u00e1dy a k t\u011bmto lidem se nen\u00ed t\u0159eba chovat slu\u0161n\u011b, vi\u010fte?<\/p>\n<p>A tyhle tzv. \u201eelity\u201c se po\u0159\u00e1d div\u00ed, pro\u010d je ti (hloup\u00ed, nevzd\u011blan\u00ed, venkov\u0161t\u00ed\u2026.) bal\u00edci neberou. Pan profesor Luke\u0161 sv\u00fdm (ne)citov\u00fdm v\u00fdlevem kr\u00e1sn\u011b uk\u00e1zal, jak se v\u011bc\u00ed maj\u00ed. D\u00edky mu za to!<\/p>\n<p>&nbsp;<\/p>\n<p><a href=\"http:\/\/www.bezpolitickekorektnosti.cz\/?p=92770\">Zdroj<\/a><\/p>\n","protected":false},"excerpt":{"rendered":"<p>To je takov\u00e1 par\u00e1di\u010dka, kdy\u017e m\u016fj stranick\u00fd kolega Pavel \u017d\u00e1\u010dek sd\u00edl\u00ed video n\u011bjak\u00e9ho OMGzine z t\u00e9 konfrontace mezi p\u00e1ny Jaklem a Luke\u0161em, kde se pan americk\u00fd profesor vysm\u00edv\u00e1 pokr\u00fdvce hlavy p\u00e1n\u011b Jakla. \u201eOMG! Luxusn\u00ed st\u011brka klausovsk\u00e9ho trolla J\u00e1kla v p\u0159\u00edm\u00e9m p\u0159enosu\u201c, p\u00ed\u0161e se v tom komentu, kde je pan Jakl mj. titulov\u00e1n jako ko\u0148sk\u00fd ohon.<\/p>\n","protected":false},"author":1,"featured_media":0,"comment_status":"open","ping_status":"open","sticky":false,"template":"","format":"standard","meta":{"ngg_post_thumbnail":0,"footnotes":""},"categories":[11],"tags":[],"class_list":["post-8819","post","type-post","status-publish","format-standard","hentry","category-ozvena"],"_links":{"self":[{"href":"https:\/\/www.ladislavjakl.cz\/index.php?rest_route=\/wp\/v2\/posts\/8819","targetHints":{"allow":["GET"]}}],"collection":[{"href":"https:\/\/www.ladislavjakl.cz\/index.php?rest_route=\/wp\/v2\/posts"}],"about":[{"href":"https:\/\/www.ladislavjakl.cz\/index.php?rest_route=\/wp\/v2\/types\/post"}],"author":[{"embeddable":true,"href":"https:\/\/www.ladislavjakl.cz\/index.php?rest_route=\/wp\/v2\/users\/1"}],"replies":[{"embeddable":true,"href":"https:\/\/www.ladislavjakl.cz\/index.php?rest_route=%2Fwp%2Fv2%2Fcomments&post=8819"}],"version-history":[{"count":1,"href":"https:\/\/www.ladislavjakl.cz\/index.php?rest_route=\/wp\/v2\/posts\/8819\/revisions"}],"predecessor-version":[{"id":8820,"href":"https:\/\/www.ladislavjakl.cz\/index.php?rest_route=\/wp\/v2\/posts\/8819\/revisions\/8820"}],"wp:attachment":[{"href":"https:\/\/www.ladislavjakl.cz\/index.php?rest_route=%2Fwp%2Fv2%2Fmedia&parent=8819"}],"wp:term":[{"taxonomy":"category","embeddable":true,"href":"https:\/\/www.ladislavjakl.cz\/index.php?rest_route=%2Fwp%2Fv2%2Fcategories&post=8819"},{"taxonomy":"post_tag","embeddable":true,"href":"https:\/\/www.ladislavjakl.cz\/index.php?rest_route=%2Fwp%2Fv2%2Ftags&post=8819"}],"curies":[{"name":"wp","href":"https:\/\/api.w.org\/{rel}","templated":true}]}}