{"id":8821,"date":"2018-08-03T10:59:05","date_gmt":"2018-08-03T08:59:05","guid":{"rendered":"http:\/\/www.ladislavjakl.cz\/?p=8821"},"modified":"2018-08-03T11:01:17","modified_gmt":"2018-08-03T09:01:17","slug":"utok-profesora-lukese-na-jakla-v-ct-ma-pokracovani-pridal-se-ondrej-neff-a-mluvci-prezidenta-vypustil-vybusny-text","status":"publish","type":"post","link":"https:\/\/www.ladislavjakl.cz\/?p=8821","title":{"rendered":"\u00datok profesora Luke\u0161e na Jakla v \u010cT m\u00e1 pokra\u010dov\u00e1n\u00ed. P\u0159idal se Ond\u0159ej Neff a mluv\u010d\u00ed prezidenta vypustil v\u00fdbu\u0161n\u00fd text"},"content":{"rendered":"<p>Pozornosti publicisty a spisovatele Ond\u0159eje Neffa neunikla \u010dtvrte\u010dn\u00ed p\u0159est\u0159elka profesora mezin\u00e1rodn\u00edch vztah\u016f Igora Luke\u0161e s n\u011bkdej\u0161\u00edm spolupracovn\u00edkem exprezidenta V\u00e1clava Klause Ladislavem Jaklem. Neff m\u00e1 za to, \u017ee profesoru Luke\u0161ovi nedoch\u00e1z\u00ed jedna d\u016fle\u017eit\u00e1 v\u011bc. Hrad\u00ed mluv\u010d\u00ed Ji\u0159\u00ed Ov\u010d\u00e1\u010dek byl v\u016f\u010di Luke\u0161ovi je\u0161t\u011b tvrd\u0161\u00ed.<\/p>\n<p><!--more--><\/p>\n<p>N\u011bkdej\u0161\u00ed spolupracovn\u00edk exprezidenta V\u00e1clava Klause Ladislav Jakl zav\u00edtal do \u010dtvrte\u010dn\u00edch Ud\u00e1lost\u00ed, koment\u00e1\u0159\u016f \u010cesk\u00e9 televize. P\u0159ed kamerami ve\u0159ejnopr\u00e1vn\u00ed televize vychv\u00e1lil 45. prezidenta USA Donalda Trumpa. Trump podle Jakla dob\u0159e okomentoval brexit, spr\u00e1vn\u011b vy\u010dinil partner\u016fm na G7, obstojn\u011b se zhostil rozhovor\u016f se severokorejsk\u00fdm dikt\u00e1torem Kim \u010cong-unem a spr\u00e1vn\u011b sd\u011blil v partner\u016fm v NATO, \u017ee by na svou obranu m\u011bli p\u0159isp\u00edvat v\u00edce. Pokud jde o summit s rusk\u00fdm prezidentem Vladimirem Putinem, podle Jakla je v po\u0159\u00e1dku, kdy\u017e spolu prezidenti dvou nejv\u011bt\u0161\u00edch jadern\u00fdch mocnost\u00ed na planet\u011b hovo\u0159\u00ed.<\/p>\n<p>Profesor mezin\u00e1rodn\u00edch vztah\u016f z Bostonsk\u00e9 univerzity Igor Luke\u0161, kter\u00fd Jaklovi \u010delil, se v jednu chv\u00edli neudr\u017eel. Ujely mu nervy. Profesor zd\u016fraznil, \u017ee podle seri\u00f3zn\u011b uva\u017euj\u00edc\u00edch lid\u00ed se Donald Trump choval po boku rusk\u00e9ho prezidenta Vladimira Putina v podstat\u011b zr\u00e1dcovsky.s<\/p>\n<p>\u201eZa t\u00e9to situace se nelze divit, \u017ee v\u0161ichni lid\u00e9 jsou na nohou a sna\u017e\u00ed se n\u011bjak orientovat v situaci, kdy nen\u00ed jasno, zda je prezident jen nezku\u0161en\u00fd a nep\u0159ipraven\u00fd, nebo zda d\u011bl\u00e1 to, co d\u011bl\u00e1, proto\u017ee je pod n\u011bjak\u00fdm rusk\u00fdm tlakem,\u201c poznamenal Luke\u0161. V souvislosti s t\u00edm host v \u010cT zd\u016fraznil, \u017ee nech\u00e1pe, jak mohl Jakl Trumpa h\u00e1jit, kdy\u017e velc\u00ed ameri\u010dt\u00ed vlastenci vyjad\u0159uj\u00ed obavy z toho, co Trump p\u0159edv\u00e1d\u00ed.<\/p>\n<p>\u201eTyhle lidi d\u00e1me \u00fapln\u011b stranou a d\u00e1me hlas tady tomu p\u00e1novi, kter\u00e9ho sice nevid\u00edm, ale v\u00edm z n\u011bjak\u00e9 fotografie, \u017ee m\u00e1 ko\u0148sk\u00fd ohon na hlav\u011b,\u201c poznamenal Luke\u0161. Jakl si v tu chv\u00edli provokativn\u011b pohladil p\u0159ed kamerami sv\u00e9 dlouh\u00e9 vlasy. Luke\u0161 nech\u00e1pal, jak \u010dlov\u011bk jako Jakl m\u016f\u017ee mluvit o tom, co je dobr\u00e9 pro Spojen\u00e9 st\u00e1ty nebo dokonce pro cel\u00fd Z\u00e1pad.<\/p>\n<p>Ond\u0159ej Neff nab\u00eddl profesoru Luke\u0161ovi, ale nejen jemu, jedno vysv\u011btlen\u00ed. \u201eProfesoru Luke\u0161ovi z\u0159ejm\u011b nedoch\u00e1z\u00ed, jak jinak se jev\u00ed mela kolem Trumpa a rusk\u00e9ho vm\u011b\u0161ov\u00e1n\u00ed zpoza oce\u00e1nu. Pora\u017een\u00e1 strana se zoufale chyt\u00e1 \u010dehokoli, co by mohlo vystrnadit Donalda Trumpa z B\u00edl\u00e9ho domu. Mus\u00ed se hodn\u011b sna\u017eit, proto\u017ee Trumpovi se pr\u00e1ce zjevn\u011b da\u0159\u00ed, ekonomika \u0161lape, nezam\u011bstnanost kles\u00e1, Trump je aktivn\u00ed i v zahrani\u010d\u00ed, v\u00e1lky se sna\u017e\u00ed sp\u00ed\u0161 utlumit, ne\u017e aby nov\u00e9 za\u010d\u00ednal. Takhle zdaleka je af\u00e9ra kolem rusk\u00e9ho vm\u011b\u0161ov\u00e1n\u00ed dokonale absurdn\u00ed: Americko-rusk\u00e9 vztahy jsou na nejni\u017e\u0161\u00edm bodu od konce studen\u00e9 v\u00e1lky. Pro\u010d tedy Rusov\u00e9 dosadili Trumpa do prezidentsk\u00e9ho \u00fa\u0159adu? Nav\u00edc je sm\u011b\u0161n\u00e1 p\u0159edstava, \u017ee by n\u011bjac\u00ed hacke\u0159i zmanipulovali volby ve Spojen\u00fdch st\u00e1tech. Pokud tomu skute\u010dn\u011b tak bylo, m\u011bli by se p\u0159ed\u00e1ci FBI a CIA a dal\u0161\u00edch agentur rovnou ob\u011bsit. Abych do\u0161el k takov\u00e9mu z\u00e1v\u011bru, opravdu nepot\u0159ebuju \u010d\u00edst n\u011bjak\u00fd Sputnik nebo Protiproud,\u201c napsal Neff v koment\u00e1\u0159i uve\u0159ejn\u011bn\u00e9m na serveru Neviditeln\u00fd pes.<\/p>\n<p>Hradn\u00ed mluv\u010d\u00ed Ji\u0159\u00ed Ov\u010d\u00e1\u010dek byl v\u016f\u010di Luke\u0161ovi je\u0161t\u011b tvrd\u0161\u00ed. \u201eLuke\u0161 jen uk\u00e1zal v pln\u00e9 nahot\u011b totalitarismus \u201aliber\u00e1l\u016f\u2018. Odli\u0161n\u00fd n\u00e1zor ozna\u010duj\u00ed bez d\u016fkaz\u016f za le\u017e a ruskou propagandu. \u201aLiber\u00e1lov\u00e9\u2018 jsou extremist\u00e9 ohro\u017euj\u00edc\u00ed svobodu a demokracii. A proto je t\u0159eba s nimi bojovat. Tvrd\u011b bojovat!\u201c napsal Ov\u010d\u00e1\u010dek na soci\u00e1ln\u00ed s\u00edti twitter.<\/p>\n<p>P\u0159idal k tomu je\u0161t\u011b fotku kr\u00e1l\u00edka s dlouh\u00fdma u\u0161ima, kter\u00e9mu pr\u00fd nevad\u00ed jin\u00ed kr\u00e1l\u00edci s jinak dlouh\u00fdma u\u0161ima. Kr\u00e1l\u00edk se pr\u00fd toti\u017e nechov\u00e1 jako liber\u00e1lov\u00e9.<\/p>\n<p><a href=\"https:\/\/www.ladislavjakl.cz\/wp-content\/uploads\/2018\/08\/a.png\"><img loading=\"lazy\" decoding=\"async\" class=\"alignnone size-full wp-image-8823\" src=\"https:\/\/www.ladislavjakl.cz\/wp-content\/uploads\/2018\/08\/a.png\" alt=\"\" width=\"577\" height=\"99\" srcset=\"https:\/\/www.ladislavjakl.cz\/wp-content\/uploads\/2018\/08\/a.png 577w, https:\/\/www.ladislavjakl.cz\/wp-content\/uploads\/2018\/08\/a-264x45.png 264w\" sizes=\"auto, (max-width: 577px) 100vw, 577px\" \/><\/a><\/p>\n<p><a href=\"https:\/\/www.ladislavjakl.cz\/wp-content\/uploads\/2018\/08\/b.png\"><img loading=\"lazy\" decoding=\"async\" class=\"alignnone size-full wp-image-8825\" src=\"https:\/\/www.ladislavjakl.cz\/wp-content\/uploads\/2018\/08\/b.png\" alt=\"\" width=\"579\" height=\"618\" srcset=\"https:\/\/www.ladislavjakl.cz\/wp-content\/uploads\/2018\/08\/b.png 579w, https:\/\/www.ladislavjakl.cz\/wp-content\/uploads\/2018\/08\/b-264x282.png 264w\" sizes=\"auto, (max-width: 579px) 100vw, 579px\" \/><\/a><\/p>\n<p><a href=\"https:\/\/www.parlamentnilisty.cz\/arena\/monitor\/Utok-profesora-Lukese-na-Jakla-v-CT-ma-pokracovani-Pridal-se-Ondrej-Neff-a-mluvci-prezidenta-vypustil-vybusny-text-544842\">Zdroj<\/a><\/p>\n","protected":false},"excerpt":{"rendered":"<p>Pozornosti publicisty a spisovatele Ond\u0159eje Neffa neunikla \u010dtvrte\u010dn\u00ed p\u0159est\u0159elka profesora mezin\u00e1rodn\u00edch vztah\u016f Igora Luke\u0161e s n\u011bkdej\u0161\u00edm spolupracovn\u00edkem exprezidenta V\u00e1clava Klause Ladislavem Jaklem. Neff m\u00e1 za to, \u017ee profesoru Luke\u0161ovi nedoch\u00e1z\u00ed jedna d\u016fle\u017eit\u00e1 v\u011bc. Hrad\u00ed mluv\u010d\u00ed Ji\u0159\u00ed Ov\u010d\u00e1\u010dek byl v\u016f\u010di Luke\u0161ovi je\u0161t\u011b tvrd\u0161\u00ed.<\/p>\n","protected":false},"author":1,"featured_media":0,"comment_status":"open","ping_status":"open","sticky":false,"template":"","format":"standard","meta":{"ngg_post_thumbnail":0,"footnotes":""},"categories":[11],"tags":[],"class_list":["post-8821","post","type-post","status-publish","format-standard","hentry","category-ozvena"],"_links":{"self":[{"href":"https:\/\/www.ladislavjakl.cz\/index.php?rest_route=\/wp\/v2\/posts\/8821","targetHints":{"allow":["GET"]}}],"collection":[{"href":"https:\/\/www.ladislavjakl.cz\/index.php?rest_route=\/wp\/v2\/posts"}],"about":[{"href":"https:\/\/www.ladislavjakl.cz\/index.php?rest_route=\/wp\/v2\/types\/post"}],"author":[{"embeddable":true,"href":"https:\/\/www.ladislavjakl.cz\/index.php?rest_route=\/wp\/v2\/users\/1"}],"replies":[{"embeddable":true,"href":"https:\/\/www.ladislavjakl.cz\/index.php?rest_route=%2Fwp%2Fv2%2Fcomments&post=8821"}],"version-history":[{"count":3,"href":"https:\/\/www.ladislavjakl.cz\/index.php?rest_route=\/wp\/v2\/posts\/8821\/revisions"}],"predecessor-version":[{"id":8826,"href":"https:\/\/www.ladislavjakl.cz\/index.php?rest_route=\/wp\/v2\/posts\/8821\/revisions\/8826"}],"wp:attachment":[{"href":"https:\/\/www.ladislavjakl.cz\/index.php?rest_route=%2Fwp%2Fv2%2Fmedia&parent=8821"}],"wp:term":[{"taxonomy":"category","embeddable":true,"href":"https:\/\/www.ladislavjakl.cz\/index.php?rest_route=%2Fwp%2Fv2%2Fcategories&post=8821"},{"taxonomy":"post_tag","embeddable":true,"href":"https:\/\/www.ladislavjakl.cz\/index.php?rest_route=%2Fwp%2Fv2%2Ftags&post=8821"}],"curies":[{"name":"wp","href":"https:\/\/api.w.org\/{rel}","templated":true}]}}