{"id":8829,"date":"2018-08-03T11:13:25","date_gmt":"2018-08-03T09:13:25","guid":{"rendered":"http:\/\/www.ladislavjakl.cz\/?p=8829"},"modified":"2018-08-03T11:13:25","modified_gmt":"2018-08-03T09:13:25","slug":"luxusni-sterka-klausovskeho-trolla-jakla-v-primem-prenosu-tato-hlaska-po-poradu-ct-rozpoutala-regulerni-valku-na-internetu-podivejte-se-sami","status":"publish","type":"post","link":"https:\/\/www.ladislavjakl.cz\/?p=8829","title":{"rendered":"\u201eLuxusn\u00ed st\u011brka klausovsk\u00e9ho trolla Jakla v p\u0159\u00edm\u00e9m p\u0159enosu.\u201c Tato hl\u00e1\u0161ka po po\u0159adu \u010cT rozpoutala regul\u00e9rn\u00ed v\u00e1lku na internetu. Pod\u00edvejte se sami"},"content":{"rendered":"<p>Divokou debatu na soci\u00e1ln\u00edch s\u00edt\u00edch rozpoutal \u010dtvrte\u010dn\u00ed d\u00edl po\u0159adu Ud\u00e1losti, koment\u00e1\u0159e v \u010cesk\u00e9 televizi, kde n\u011bkdej\u0161\u00ed poradce prezidenta V\u00e1clava Klause Ladislav Jakl po\u0159\u00e1dn\u011b nam\u00edchl historika a profesora Bostonsk\u00e9 univerzity Igora Luke\u0161e, kdy\u017e za\u010dal mluvit o pozitivech \u0161\u00e9fa B\u00edl\u00e9ho domu Donalda Trumpa. Luke\u0161e jeho slova dokonce tak vyto\u010dila, \u017ee se pustil i do kritiky Jaklova vzhledu. Jejich n\u00e1zorov\u00fd st\u0159et rozd\u011blil diskutuj\u00edc\u00ed na dva t\u00e1bory, do debaty se zapojili tak\u00e9 n\u011bkte\u0159\u00ed politici a novin\u00e1\u0159i.<\/p>\n<p><!--more--><\/p>\n<p>Nejprve Luke\u0161 p\u0159ed kamerami \u010cT poznamenal, \u017ee \u201eseri\u00f3zn\u00ed lid\u00e9\u201c byli vystoupen\u00edm Trumpa v Helsink\u00e1ch velmi zasko\u010deni. Zazn\u011bla i slova o \u201ezr\u00e1dcovsk\u00e9m prezidentovi\u201c, kter\u00fd t\u00e1hne s Putinem za jeden provaz proti vlastn\u00edmu n\u00e1rodu. Ale Jakl m\u011bl na summit zcela opa\u010dn\u00fd n\u00e1zor. Nepova\u017euje ho za katastrofu, ale naopak za \u00fasp\u011bch Trumpovy a Putinovy politiky op\u011btovn\u00e9ho hled\u00e1n\u00ed cest ke zlep\u0161en\u00ed vztah\u016f mezi ob\u011bma velmocemi.<\/p>\n<p>\u201eDonald Trump n\u00e1m za posledn\u00ed asi m\u011bs\u00edc p\u0159edvedl nejlep\u0161\u00ed periodu sv\u00e9ho prezidentov\u00e1n\u00ed. Sv\u011bt nen\u00ed ned\u011bln\u00ed \u0161kola. To, \u017ee Ameri\u010dan\u00e9 jsou schopni sk\u00e1cet sto re\u017eim\u016f po cel\u00e9m sv\u011bt\u011b za posledn\u00edch n\u011bkolik des\u00edtek let a instalovat vl\u00e1dy, to je pravda. Ostatn\u00ed velk\u00e9 zem\u011b h\u00e1j\u00ed svoje z\u00e1jmy v\u0161ude mo\u017en\u011b po sv\u011bt\u011b a nepochybn\u011b se p\u0159itom pou\u017e\u00edvaj\u00ed r\u016fzn\u00e9 metody,\u201c konstatoval Jakl.<\/p>\n<div>To u\u017e u Luke\u0161e za\u010dal pomysln\u00fd poh\u00e1r trp\u011blivosti p\u0159et\u00e9kat. \u201eV\u016fbec nev\u00edm, jak na tuhle situaci reagovat, proto\u017ee vy jste m\u011b pozval do tady toho programu a nakonec j\u00e1 tady jsem nucen poslouchat otev\u0159en\u00e9 l\u017ei, nesmysly a v\u00fdmysly,\u201c zlobil se profesor, kter\u00fd nech\u00e1pal, jak n\u011bkdo m\u016f\u017ee zpochyb\u0148ovat kvality vlastenc\u016f, kte\u0159\u00ed cel\u00fd \u017eivot pracovali ve prosp\u011bch Spojen\u00fdch st\u00e1t\u016f a kte\u0159\u00ed te\u010f maj\u00ed obavy z toho, co Trump p\u0159edv\u00e1d\u00ed.<\/div>\n<p>\u201eTyhle lidi d\u00e1me \u00fapln\u011b stranou a d\u00e1me hlas tady tomu p\u00e1novi, kter\u00e9ho sice nevid\u00edm, ale v\u00edm z n\u011bjak\u00e9 fotografie, \u017ee m\u00e1 ko\u0148sk\u00fd ohon na hlav\u011b,\u201c poznamenal Luke\u0161 a nevych\u00e1zel z \u00fadivu, nech\u00e1pal, jak \u010dlov\u011bk jako Jakl m\u016f\u017ee mluvit o tom, co je dobr\u00e9 pro Spojen\u00e9 st\u00e1ty nebo dokonce pro cel\u00fd Z\u00e1pad. Jakl si v tu chv\u00edli provokativn\u011b prohr\u00e1bl sv\u00e9 dlouh\u00e9 vlasy.<\/p>\n<p><a href=\"https:\/\/www.parlamentnilisty.cz\/arena\/monitor\/-Luxusni-sterka-klausovskeho-trolla-Jakla-v-primem-prenosu-Tato-hlaska-po-poradu-CT-rozpoutala-regulerni-valku-na-internetu-Podivejte-se-sami-544788\">Zdroj<\/a><\/p>\n","protected":false},"excerpt":{"rendered":"<p>Divokou debatu na soci\u00e1ln\u00edch s\u00edt\u00edch rozpoutal \u010dtvrte\u010dn\u00ed d\u00edl po\u0159adu Ud\u00e1losti, koment\u00e1\u0159e v \u010cesk\u00e9 televizi, kde n\u011bkdej\u0161\u00ed poradce prezidenta V\u00e1clava Klause Ladislav Jakl po\u0159\u00e1dn\u011b nam\u00edchl historika a profesora Bostonsk\u00e9 univerzity Igora Luke\u0161e, kdy\u017e za\u010dal mluvit o pozitivech \u0161\u00e9fa B\u00edl\u00e9ho domu Donalda Trumpa. Luke\u0161e jeho slova dokonce tak vyto\u010dila, \u017ee se pustil i do kritiky Jaklova vzhledu. [&hellip;]<\/p>\n","protected":false},"author":1,"featured_media":0,"comment_status":"open","ping_status":"open","sticky":false,"template":"","format":"standard","meta":{"ngg_post_thumbnail":0,"footnotes":""},"categories":[11],"tags":[],"class_list":["post-8829","post","type-post","status-publish","format-standard","hentry","category-ozvena"],"_links":{"self":[{"href":"https:\/\/www.ladislavjakl.cz\/index.php?rest_route=\/wp\/v2\/posts\/8829","targetHints":{"allow":["GET"]}}],"collection":[{"href":"https:\/\/www.ladislavjakl.cz\/index.php?rest_route=\/wp\/v2\/posts"}],"about":[{"href":"https:\/\/www.ladislavjakl.cz\/index.php?rest_route=\/wp\/v2\/types\/post"}],"author":[{"embeddable":true,"href":"https:\/\/www.ladislavjakl.cz\/index.php?rest_route=\/wp\/v2\/users\/1"}],"replies":[{"embeddable":true,"href":"https:\/\/www.ladislavjakl.cz\/index.php?rest_route=%2Fwp%2Fv2%2Fcomments&post=8829"}],"version-history":[{"count":1,"href":"https:\/\/www.ladislavjakl.cz\/index.php?rest_route=\/wp\/v2\/posts\/8829\/revisions"}],"predecessor-version":[{"id":8830,"href":"https:\/\/www.ladislavjakl.cz\/index.php?rest_route=\/wp\/v2\/posts\/8829\/revisions\/8830"}],"wp:attachment":[{"href":"https:\/\/www.ladislavjakl.cz\/index.php?rest_route=%2Fwp%2Fv2%2Fmedia&parent=8829"}],"wp:term":[{"taxonomy":"category","embeddable":true,"href":"https:\/\/www.ladislavjakl.cz\/index.php?rest_route=%2Fwp%2Fv2%2Fcategories&post=8829"},{"taxonomy":"post_tag","embeddable":true,"href":"https:\/\/www.ladislavjakl.cz\/index.php?rest_route=%2Fwp%2Fv2%2Ftags&post=8829"}],"curies":[{"name":"wp","href":"https:\/\/api.w.org\/{rel}","templated":true}]}}