{"id":8836,"date":"2018-08-03T11:18:46","date_gmt":"2018-08-03T09:18:46","guid":{"rendered":"http:\/\/www.ladislavjakl.cz\/?p=8836"},"modified":"2018-08-03T11:19:01","modified_gmt":"2018-08-03T09:19:01","slug":"lecba-lukesem","status":"publish","type":"post","link":"https:\/\/www.ladislavjakl.cz\/?p=8836","title":{"rendered":"L\u00c9\u010cBA LUKE\u0160EM"},"content":{"rendered":"<p class=\"post-subtitle\">Pokusy o&nbsp;vyv\u00e1\u017eenost \u010cT v&nbsp;o\u010d\u00edch nep\u0159\u00e1tel stejn\u011b nespas\u00ed. Je lep\u0161\u00ed d\u011blat dobrou novina\u0159inu.<\/p>\n<p><!--more--><\/p>\n<figure class=\"frame\"><picture id=\"200160035\" class=\"photo\" title=\"Ladislav Jakl\"><img class=\"\" sizes=\"100vw\" srcset=\"https:\/\/i0.cz\/s\/respekt\/A7KvxJ\/448e8313ef09a19cd13a73e65b9a3814.jpg 120w, https:\/\/i0.cz\/s\/respekt\/-kXqEl\/d3f73613c7da50c5a9cf8e73d9a7db22.jpg 150w, https:\/\/i0.cz\/s\/respekt\/p9qQZ9\/8a6b2239b72d13baefbbba31ed0f48ab.jpg 201w, https:\/\/i0.cz\/s\/respekt\/YnzQLt\/1ddd76ca756ca4faeb5ce6e02381c7e0.jpg 320w, https:\/\/i0.cz\/s\/respekt\/wdx26-\/d7d728c6552a6e188a19ef1768610410.jpg 479w, https:\/\/i0.cz\/s\/respekt\/CmGnTw\/c72ec06b696a63ad5c3e4c20c0277ce2.jpg 768w, https:\/\/i0.cz\/s\/respekt\/t4KLvT\/8cc12a79a08b42c179c8a67e85f16cd9.jpg 992w\" alt=\"Ladislav Jakl\" width=\"358\" height=\"202\"><\/picture><figcaption class=\"frame-caption\">Ladislav Jakl \u2022 Autor: DVTV<\/figcaption><\/figure>\n<p>Mo\u017en\u00e1 \u0161lo o&nbsp;ne\u0161kodnou televizn\u00ed epizodu, mo\u017en\u00e1 o&nbsp;dialog, o&nbsp;n\u011bm\u017e se bude mluvit i&nbsp;za&nbsp;n\u011bkolik let. Minul\u00fd \u010dtvrtek p\u0159ipravil kan\u00e1l \u010cT24&nbsp;do&nbsp;vys\u00edl\u00e1n\u00ed sv\u00e9ho hlavn\u00edho ve\u010dern\u00edho po\u0159adu&nbsp;<em>Ud\u00e1losti, koment\u00e1\u0159e<\/em>n\u00e1zorov\u00fd st\u0159et profesora Bostonsk\u00e9 univerzity Igora Luke\u0161e a&nbsp;b\u00fdval\u00e9ho poradce prezidenta Klause, dnes koment\u00e1tora radik\u00e1ln\u00edho, demagogicky lad\u011bn\u00e9ho webu Protiproud Ladislava Jakla. Mluvit se m\u011blo o&nbsp;Donaldu Trumpovi.<\/p>\n<p>Jakl mimo jin\u00e9 div\u00e1k\u016fm tvrdil, \u017ee je v&nbsp;americk\u00e9m z\u00e1jmu, kdy\u017e Trump stav\u00ed n\u00e1zor Vladimira Putina nad zji\u0161t\u011bn\u00ed americk\u00fdch zpravodajsk\u00fdch slu\u017eeb. Nebo \u017ee Trumpem dosazen\u00fd \u0159editel zpravodajsk\u00fdch slu\u017eeb Dan Coats pracuje proti prezidentovi. Nebo \u017ee Amerika za&nbsp;posledn\u00ed des\u00edtky let svrhla po&nbsp;sv\u011bt\u011b sto re\u017eim\u016f apod.<\/p>\n<p>Luke\u0161 z\u016fstal viditeln\u011b ot\u0159esen\u00fd a&nbsp;m\u00edsto dal\u0161\u00ed debaty protestoval. P\u0159edev\u0161\u00edm proti tomu, \u017ee jako p\u0159izvan\u00fd znalec USA mus\u00ed poslouchat \u201eotev\u0159en\u00e9 l\u017ei a&nbsp;v\u00fdmysly\u201c Jakla, jeho\u017e n\u00e1zor televize stav\u00ed na&nbsp;rove\u0148 \u201eprofesion\u00e1l\u016fm a&nbsp;vlastenc\u016fm\u201c, kte\u0159\u00ed ve vl\u00e1d\u011b poctiv\u011b slou\u017e\u00ed americk\u00fdm z\u00e1jm\u016fm. \u201eJe to jako z&nbsp;dezinformace Kremlu, kter\u00e1 informuje t\u00edmto zp\u016fsobem: d\u00e1me \u010dty\u0159i minuty pravd\u011b, \u010dty\u0159i minuty l\u017e\u00edm a&nbsp;div\u00e1k potom \u0159\u00edk\u00e1, tak vid\u00edte, ono je to slo\u017eit\u00e9, poj\u010fme se rad\u011bji d\u00edvat na&nbsp;fotbal,\u201c prohl\u00e1sil Luke\u0161.<\/p>\n<p>Nepl\u00e1novan\u011b tak promluvil o&nbsp;trendu, kter\u00fd \u010desk\u00e1 ve\u0159ejnopr\u00e1vn\u00ed m\u00e9dia dus\u00ed. Je j\u00edm obava projevit nebo nechat n\u011bkoho projevit jasn\u00fd n\u00e1zor, kter\u00fd by kritik\u016fm televize \u010di r\u00e1dia mohl zn\u00edt jednostrann\u011b. Obranou proti tomu jsou diskuse nositel\u016f dvou protich\u016fdn\u00fdch postoj\u016f, kter\u00e9 skute\u010dn\u011b, jak \u0159\u00edk\u00e1 Luke\u0161, vytv\u00e1\u0159ej\u00ed v&nbsp;div\u00e1c\u00edch dojem, \u017ee v\u0161echno se d\u00e1 nahlodat, napadnout, zpochybnit. A&nbsp;tak\u00e9 \u017ee v\u0161echno je nakonec p\u0159\u00edli\u0161 slo\u017eit\u00e9 na to, abychom se o&nbsp;to v\u00e1\u017en\u011b zaj\u00edmali. Nejjist\u011bj\u0161\u00ed cestou v&nbsp;r\u00e1mci t\u00e9hle alibistick\u00e9 strategie ve\u0159ejnopr\u00e1vn\u00edch m\u00e9di\u00ed je pak poskytov\u00e1n\u00ed velk\u00e9ho prostoru z\u00e1stupc\u016fm politick\u00fdch stran, kte\u0159\u00ed si v\u011bci vy\u0159\u00edkaj\u00ed mezi sebou. U&nbsp;nich b\u00fdv\u00e1 zcela lhostejn\u00e9, co \u0159\u00edkaj\u00ed, hlavn\u00ed je n\u011bjak zap\u016fsobit na&nbsp;voli\u010de.<\/p>\n<p>Luke\u0161 je nesrovnateln\u011b v\u011bt\u0161\u00ed znalec Spojen\u00fdch st\u00e1t\u016f ne\u017e Jakl, p\u0159esto m\u011bla ve\u0159ejnopr\u00e1vn\u00ed televize obavu nechat jej komentovat americkou politiku samostatn\u011b. Prostor dostal pouze v&nbsp;tandemu s&nbsp;Jaklem, jeho\u017e kompetence mluvit o&nbsp;t\u00e9matu je zcela nejasn\u00e1, v\u00edme pouze, \u017ee si o&nbsp;v\u0161em n\u011bco mysl\u00ed a&nbsp;pat\u0159\u00ed k&nbsp;exprezidentem podep\u0159en\u00e9mu n\u00e1zorov\u00e9mu proudu.<\/p>\n<p><em>Ud\u00e1losti, koment\u00e1\u0159e<\/em>&nbsp;dostaly v&nbsp;minul\u00fdch m\u011bs\u00edc\u00edch novou podobu. Televize do&nbsp;nich nasadila sv\u00e9 nejlep\u0161\u00ed lidi a&nbsp;na&nbsp;obsahu je to v&nbsp;dobr\u00e9m zn\u00e1t. Obava z&nbsp;jak\u00e9si pseudovyv\u00e1\u017eenosti je ale v\u0161emocn\u00e1. Probl\u00e9m je, \u017ee v&nbsp;o\u010d\u00edch mocn\u00fdch nep\u0159\u00e1tel \u010ceskou televizi stejn\u011b nespas\u00ed, proto\u017ee ti, jak dokazuje chov\u00e1n\u00ed Milo\u0161e Zemana, si z\u00e1minky k&nbsp;\u00fatok\u016fm najdou. Je tedy lep\u0161\u00ed prost\u011b d\u011blat dobrou novina\u0159inu a&nbsp;st\u00e1t si za n\u00ed. Luke\u0161ova kritika k&nbsp;tomu d\u00e1v\u00e1 p\u0159\u00edle\u017eitost.<\/p>\n<p>V\u00e1\u017een\u00e9 \u010dten\u00e1\u0159ky, v\u00e1\u017een\u00ed \u010dten\u00e1\u0159i,<\/p>\n<p>inspirativn\u00ed \u010dten\u00ed v\u00e1m p\u0159eje<\/p>\n<p><strong>Marek \u0160vehla<\/strong><\/p>\n<p><em>z\u00e1stupce \u0161\u00e9fredaktora<\/em><\/p>\n<p><a href=\"https:\/\/www.respekt.cz\/tydenik\/2018\/30\/lecba-lukesem\">Zdroj<\/a><\/p>\n","protected":false},"excerpt":{"rendered":"<p>Pokusy o&nbsp;vyv\u00e1\u017eenost \u010cT v&nbsp;o\u010d\u00edch nep\u0159\u00e1tel stejn\u011b nespas\u00ed. Je lep\u0161\u00ed d\u011blat dobrou novina\u0159inu.<\/p>\n","protected":false},"author":1,"featured_media":0,"comment_status":"open","ping_status":"open","sticky":false,"template":"","format":"standard","meta":{"ngg_post_thumbnail":0,"footnotes":""},"categories":[11],"tags":[],"class_list":["post-8836","post","type-post","status-publish","format-standard","hentry","category-ozvena"],"_links":{"self":[{"href":"https:\/\/www.ladislavjakl.cz\/index.php?rest_route=\/wp\/v2\/posts\/8836","targetHints":{"allow":["GET"]}}],"collection":[{"href":"https:\/\/www.ladislavjakl.cz\/index.php?rest_route=\/wp\/v2\/posts"}],"about":[{"href":"https:\/\/www.ladislavjakl.cz\/index.php?rest_route=\/wp\/v2\/types\/post"}],"author":[{"embeddable":true,"href":"https:\/\/www.ladislavjakl.cz\/index.php?rest_route=\/wp\/v2\/users\/1"}],"replies":[{"embeddable":true,"href":"https:\/\/www.ladislavjakl.cz\/index.php?rest_route=%2Fwp%2Fv2%2Fcomments&post=8836"}],"version-history":[{"count":2,"href":"https:\/\/www.ladislavjakl.cz\/index.php?rest_route=\/wp\/v2\/posts\/8836\/revisions"}],"predecessor-version":[{"id":8838,"href":"https:\/\/www.ladislavjakl.cz\/index.php?rest_route=\/wp\/v2\/posts\/8836\/revisions\/8838"}],"wp:attachment":[{"href":"https:\/\/www.ladislavjakl.cz\/index.php?rest_route=%2Fwp%2Fv2%2Fmedia&parent=8836"}],"wp:term":[{"taxonomy":"category","embeddable":true,"href":"https:\/\/www.ladislavjakl.cz\/index.php?rest_route=%2Fwp%2Fv2%2Fcategories&post=8836"},{"taxonomy":"post_tag","embeddable":true,"href":"https:\/\/www.ladislavjakl.cz\/index.php?rest_route=%2Fwp%2Fv2%2Ftags&post=8836"}],"curies":[{"name":"wp","href":"https:\/\/api.w.org\/{rel}","templated":true}]}}