{"id":8849,"date":"2018-08-06T10:01:08","date_gmt":"2018-08-06T08:01:08","guid":{"rendered":"http:\/\/www.ladislavjakl.cz\/?p=8849"},"modified":"2018-08-06T10:01:08","modified_gmt":"2018-08-06T08:01:08","slug":"patri-ladislav-jakl-do-debaty-o-trumpovi-v-ceske-televizi-ano-patri-neni-to-pet-minut-pro-hitlera","status":"publish","type":"post","link":"https:\/\/www.ladislavjakl.cz\/?p=8849","title":{"rendered":"Pat\u0159\u00ed Ladislav Jakl do debaty o Trumpovi v \u010cesk\u00e9 televizi? Ano, pat\u0159\u00ed. Nen\u00ed to p\u011bt minut pro Hitlera"},"content":{"rendered":"<div class=\"perex\">P\u0159emr\u0161t\u011bn\u00e9 odm\u00edt\u00e1n\u00ed lid\u00ed, kte\u0159\u00ed l\u017eou a manipuluj\u00ed, ve\u0159ejnopr\u00e1vn\u00ed m\u00e9dia po\u0161kod\u00ed. Kritika \u010cesk\u00e9 televize za \u00fadajnou neobjektivnost je paradoxn\u00ed. Ve\u0159ejnopr\u00e1vn\u00ed m\u00e9dium zve do sv\u00fdch po\u0159ad\u016f i lidi, kte\u0159\u00ed mu vy\u010d\u00edtaj\u00ed, \u017ee pr\u00e1v\u011b jejich n\u00e1zory potla\u010duje. Odp\u016frce p\u0159ij\u00edm\u00e1n\u00ed uprchl\u00edk\u016f, obh\u00e1jce Vladimira Putina \u010di Milo\u0161e Zemana, kritiky Angely Merkelov\u00e9, kritiky Evropsk\u00e9 unie. Z\u00e1rove\u0148 t\u00edm \u0161tve lidi, kter\u00fdm vad\u00ed &#8222;vyva\u017eov\u00e1n\u00ed&#8220; a pova\u017euj\u00ed zvan\u00ed t\u011bchto lid\u00ed za princip &#8222;p\u011bt minut pro \u017dida, p\u011bt minut pro Hitlera&#8220;.<\/div>\n<p><!--more--><\/p>\n<div class=\"clanek-telo clearfix\" data-ec-list=\"nazory-inlinecontent\" data-vr-zone=\"nazory-inlinecontent\" data-main-content=\"\">\n<p>Takov\u00fdm p\u0159\u00edkladem se stala&nbsp;<a class=\"komercni-odkaz\" href=\"https:\/\/www.ceskatelevize.cz\/porady\/1096898594-udalosti-komentare\/218411000370719\/video\/632693\" target=\"_blank\" rel=\"noopener\" type=\"commercial\">\u010dtvrte\u010dn\u00ed debata na t\u00e9ma Trump<\/a>&nbsp;s americk\u00fdm historikem \u010desk\u00e9ho p\u016fvodu Igorem Luke\u0161em a&nbsp;<a href=\"https:\/\/www.aktualne.cz\/wiki\/politika\/ladislav-jakl\/r~i:wiki:3303\/\" type=\"tag\">Ladislavem Jaklem<\/a>. \u0160\u00e9fideologem Institutu V\u00e1clava Klause, kter\u00fd prezentuje n\u00e1zory b\u00fdval\u00e9ho prezidenta, kdykoliv ten nem\u00e1 \u010das, nebo nechce. To je obvykle v\u017edy, kdy jde o debatu, nebo\u0165 V\u00e1clav Klaus v televiz\u00edch debatuje jen s moder\u00e1tory. Ne s n\u00e1zorov\u00fdmi oponenty.<\/p>\n<p>Domn\u00edv\u00e1m se, \u017ee odp\u016frci Jaklova pozv\u00e1n\u00ed nemaj\u00ed pravdu. A \u017ee \u010cesk\u00e1 televize neud\u011blala chybu, kdy\u017e ho posadila k t\u00e9matu Trump. \u017de l\u017ee, zkresluje a manipuluje, to nem\u016f\u017ee b\u00fdt argument v n\u00e1zorov\u00e9 debat\u011b. Pokud \u010cesk\u00e1 televize odvys\u00edl\u00e1 rusk\u00fd dokument, kter\u00fd z\u00e1m\u011brn\u011b zobrazuje Stalina jako sice trochu tvrd\u00e9ho, ale jinak vlastn\u011b schopn\u00e9ho v\u016fdce, je to n\u011bco jin\u00e9ho. Dokumentem nebo zpravodajsk\u00fd \u0161otem \u010cesk\u00e1 televize reprezentuje sebe. Jakl v diskusi reprezentuje sebe na p\u016fd\u011b \u010cesk\u00e9 televize. Podstatn\u00fd rozd\u00edl.<\/p>\n<p>Jde jen o to pochopit, \u017ee p\u0159i kvantu debat a diskusn\u00edch po\u0159ad\u016f prost\u011b mus\u00ed sed\u011bt v \u010cT i lid\u00e9, kter\u00fdm lze dok\u00e1zat le\u017e nebo manipulace. Nen\u00ed to z m\u00e9 strany obhajoba \u010cT. Sp\u00ed\u0161 pochopen\u00ed jej\u00edch zam\u011bstnanc\u016f, proto\u017ee jsem tam kdysi pracoval. Nejen jako redaktor, ale tak\u00e9 editor zpravodajsk\u00fdch relac\u00ed. M\u00e1lokdo si dovede p\u0159edstavit, jak t\u011b\u017eko se skl\u00e1d\u00e1 debata s hosty tak, jak si ji \u010dlov\u011bk p\u016fvodn\u011b napl\u00e1noval. N\u011bkdo nem\u016f\u017ee, n\u011bkdo nen\u00ed dostupn\u00fd, n\u011bkdo nechce, a tak d\u00e1le a tak podobn\u011b. Ostr\u00fdm kritik\u016fm \u010cT bych n\u011bkdy p\u0159\u00e1l tu bezmoc, kdy\u017e m\u00e1te odpov\u011bdnost za po\u0159ad, \u010das kvap\u00ed a neda\u0159\u00ed se v\u00e1m d\u00e1t dohromady hosty, jak\u00e9 jste cht\u011bli.<\/p>\n<p>Hra na to, \u017ee \u010cesk\u00e1 televize mus\u00ed sv\u00fdm v\u00fdb\u011brem host\u016f h\u00e1jit pravdu proti manipulaci, povede jen k nab\u00edjen\u00ed munice pro ty, kte\u0159\u00ed by z n\u00ed cht\u011bli ud\u011blat ve\u0159ejnopr\u00e1vn\u00ed televizi ma\u010farskou, polskou, slovenskou nebo dokonce Bo\u017ee chra\u0148 ruskou.<\/p>\n<p>A t\u011bch p\u011bt minut pro \u017didy a p\u011bt minut pro Hitlera? D\u00e1my a p\u00e1nov\u00e9, zachovejme si smysl pro proporce. Hitler je nadu\u017e\u00edvan\u00fd a lacin\u00fd argument. Pop\u00edra\u010di holocaustu, rasist\u00e9 \u010di zkr\u00e1tka ti, jejich\u017e n\u00e1zory jsou za hranou z\u00e1kona, na ve\u0159ejnopr\u00e1vn\u00ed televizi opravdu nepat\u0159\u00ed. Ale to p\u0159ece nen\u00ed p\u0159\u00edpad Ladislava Jakla, Jaroslava Ba\u0161ty, Jana Schneidera a dal\u0161\u00edch. Kdo je chce vyt\u011bsnit z \u010cesk\u00e9 televize nebo \u010cesk\u00e9ho rozhlasu, d\u011bl\u00e1 ve\u0159ejnopr\u00e1vn\u00edm m\u00e9di\u00edm medv\u011bd\u00ed slu\u017ebu.<\/p>\n<p><a href=\"https:\/\/nazory.aktualne.cz\/komentare\/patri-ladislav-jakl-do-debaty-o-trumpovi-v-ceske-televizi\/r~5882c11a8d2211e8b0fbac1f6b220ee8\/\">Zdroj<\/a><\/p>\n<\/div>\n","protected":false},"excerpt":{"rendered":"<p>P\u0159emr\u0161t\u011bn\u00e9 odm\u00edt\u00e1n\u00ed lid\u00ed, kte\u0159\u00ed l\u017eou a manipuluj\u00ed, ve\u0159ejnopr\u00e1vn\u00ed m\u00e9dia po\u0161kod\u00ed. Kritika \u010cesk\u00e9 televize za \u00fadajnou neobjektivnost je paradoxn\u00ed. Ve\u0159ejnopr\u00e1vn\u00ed m\u00e9dium zve do sv\u00fdch po\u0159ad\u016f i lidi, kte\u0159\u00ed mu vy\u010d\u00edtaj\u00ed, \u017ee pr\u00e1v\u011b jejich n\u00e1zory potla\u010duje. Odp\u016frce p\u0159ij\u00edm\u00e1n\u00ed uprchl\u00edk\u016f, obh\u00e1jce Vladimira Putina \u010di Milo\u0161e Zemana, kritiky Angely Merkelov\u00e9, kritiky Evropsk\u00e9 unie. Z\u00e1rove\u0148 t\u00edm \u0161tve lidi, kter\u00fdm vad\u00ed [&hellip;]<\/p>\n","protected":false},"author":1,"featured_media":0,"comment_status":"open","ping_status":"open","sticky":false,"template":"","format":"standard","meta":{"ngg_post_thumbnail":0,"footnotes":""},"categories":[11],"tags":[],"class_list":["post-8849","post","type-post","status-publish","format-standard","hentry","category-ozvena"],"_links":{"self":[{"href":"https:\/\/www.ladislavjakl.cz\/index.php?rest_route=\/wp\/v2\/posts\/8849","targetHints":{"allow":["GET"]}}],"collection":[{"href":"https:\/\/www.ladislavjakl.cz\/index.php?rest_route=\/wp\/v2\/posts"}],"about":[{"href":"https:\/\/www.ladislavjakl.cz\/index.php?rest_route=\/wp\/v2\/types\/post"}],"author":[{"embeddable":true,"href":"https:\/\/www.ladislavjakl.cz\/index.php?rest_route=\/wp\/v2\/users\/1"}],"replies":[{"embeddable":true,"href":"https:\/\/www.ladislavjakl.cz\/index.php?rest_route=%2Fwp%2Fv2%2Fcomments&post=8849"}],"version-history":[{"count":1,"href":"https:\/\/www.ladislavjakl.cz\/index.php?rest_route=\/wp\/v2\/posts\/8849\/revisions"}],"predecessor-version":[{"id":8850,"href":"https:\/\/www.ladislavjakl.cz\/index.php?rest_route=\/wp\/v2\/posts\/8849\/revisions\/8850"}],"wp:attachment":[{"href":"https:\/\/www.ladislavjakl.cz\/index.php?rest_route=%2Fwp%2Fv2%2Fmedia&parent=8849"}],"wp:term":[{"taxonomy":"category","embeddable":true,"href":"https:\/\/www.ladislavjakl.cz\/index.php?rest_route=%2Fwp%2Fv2%2Fcategories&post=8849"},{"taxonomy":"post_tag","embeddable":true,"href":"https:\/\/www.ladislavjakl.cz\/index.php?rest_route=%2Fwp%2Fv2%2Ftags&post=8849"}],"curies":[{"name":"wp","href":"https:\/\/api.w.org\/{rel}","templated":true}]}}