{"id":8851,"date":"2018-08-06T10:05:17","date_gmt":"2018-08-06T08:05:17","guid":{"rendered":"http:\/\/www.ladislavjakl.cz\/?p=8851"},"modified":"2018-08-06T10:05:17","modified_gmt":"2018-08-06T08:05:17","slug":"za-spd-budou-do-senatu-kandidovat-jakl-ci-exministr-david","status":"publish","type":"post","link":"https:\/\/www.ladislavjakl.cz\/?p=8851","title":{"rendered":"ZA SPD budou do Sen\u00e1tu kandidovat Jakl \u010di exministr David"},"content":{"rendered":"<p>Hnut\u00ed Svoboda a p\u0159\u00edm\u00e1 demokracie (SPD) podalo kandid\u00e1tky ve 209&nbsp;obc\u00edch a m\u011bstech. Hnut\u00ed Tomia Okamury bude na podzim kandidovat tak\u00e9 ve v\u0161ech 27&nbsp;sen\u00e1tn\u00edch obvodech. V&nbsp;Praze 2&nbsp;nasad\u00ed n\u011bkdej\u0161\u00edho \u0159editele politick\u00e9ho odboru kancel\u00e1\u0159e prezidenta V\u00e1clava Klause Ladislava Jakla, v&nbsp;obvodu Praha 12&nbsp;bude usilovat o&nbsp;hlasy b\u00fdval\u00fd ministr zdravotnictv\u00ed z&nbsp;vl\u00e1dy Milo\u0161e Zemana Ivan David. SPD dnes o&nbsp;tom informovala v&nbsp;tiskov\u00e9&nbsp;zpr\u00e1v\u011b.<br \/>\n<!--more--><\/p>\n<p>SPD loni z\u00edskala 22 mand\u00e1t\u016f ve Sn\u011bmovn\u011b, v Sen\u00e1tu zat\u00edm zastoupen\u00e1 nen\u00ed. &#8222;Jak\u00fdkoliv zvolen\u00fd sen\u00e1tor za hnut\u00ed SPD bude \u00fasp\u011bchem pro prosazov\u00e1n\u00ed na\u0161eho politick\u00e9ho programu i v Sen\u00e1tu. Na\u0161e p\u0159\u00edtomnost v Sen\u00e1tu je v sou\u010dasn\u00e9 dob\u011b nutn\u00e1 pro prosazen\u00ed na\u0161eho politick\u00e9ho programu jako je z\u00e1kon o referendu \u010di p\u0159\u00edm\u00e1 volba a odvolatelnost politik\u016f,&#8220; uvedla strana v tiskov\u00e9 zpr\u00e1v\u011b.<\/p>\n<p>Hnut\u00ed bude v komun\u00e1ln\u00edch volb\u00e1ch kandidovat ve v\u0161ech krajsk\u00fdch m\u011bstech v\u010detn\u011b Prahy a ve v\u011bt\u0161in\u011b b\u00fdval\u00fdch okresn\u00edch a statut\u00e1rn\u00edch m\u011bst. L\u00eddrem kandid\u00e1tky v hlavn\u00edm m\u011bst\u011b je akademik Hynek Beran, v Brn\u011b vedouc\u00ed katedry dopravy na B\u00e1\u0148sk\u00e9 univerzit\u011b Ivan Fencl, v Ostrav\u011b pak odborn\u00edk na ochranu \u017eivotn\u00edho prost\u0159ed\u00ed V\u00e1clav Kub\u00edn, uvedla SPD.<\/p>\n<p><a href=\"https:\/\/www.denik.cz\/z_domova\/za-spd-budou-do-senatu-kandidovat-jakl-ci-exministr-david-20180731.html\">Zdroj<\/a><\/p>\n","protected":false},"excerpt":{"rendered":"<p>Hnut\u00ed Svoboda a p\u0159\u00edm\u00e1 demokracie (SPD) podalo kandid\u00e1tky ve 209&nbsp;obc\u00edch a m\u011bstech. Hnut\u00ed Tomia Okamury bude na podzim kandidovat tak\u00e9 ve v\u0161ech 27&nbsp;sen\u00e1tn\u00edch obvodech. V&nbsp;Praze 2&nbsp;nasad\u00ed n\u011bkdej\u0161\u00edho \u0159editele politick\u00e9ho odboru kancel\u00e1\u0159e prezidenta V\u00e1clava Klause Ladislava Jakla, v&nbsp;obvodu Praha 12&nbsp;bude usilovat o&nbsp;hlasy b\u00fdval\u00fd ministr zdravotnictv\u00ed z&nbsp;vl\u00e1dy Milo\u0161e Zemana Ivan David. SPD dnes o&nbsp;tom informovala v&nbsp;tiskov\u00e9&nbsp;zpr\u00e1v\u011b.<\/p>\n","protected":false},"author":1,"featured_media":0,"comment_status":"open","ping_status":"open","sticky":false,"template":"","format":"standard","meta":{"ngg_post_thumbnail":0,"footnotes":""},"categories":[11],"tags":[],"class_list":["post-8851","post","type-post","status-publish","format-standard","hentry","category-ozvena"],"_links":{"self":[{"href":"https:\/\/www.ladislavjakl.cz\/index.php?rest_route=\/wp\/v2\/posts\/8851","targetHints":{"allow":["GET"]}}],"collection":[{"href":"https:\/\/www.ladislavjakl.cz\/index.php?rest_route=\/wp\/v2\/posts"}],"about":[{"href":"https:\/\/www.ladislavjakl.cz\/index.php?rest_route=\/wp\/v2\/types\/post"}],"author":[{"embeddable":true,"href":"https:\/\/www.ladislavjakl.cz\/index.php?rest_route=\/wp\/v2\/users\/1"}],"replies":[{"embeddable":true,"href":"https:\/\/www.ladislavjakl.cz\/index.php?rest_route=%2Fwp%2Fv2%2Fcomments&post=8851"}],"version-history":[{"count":1,"href":"https:\/\/www.ladislavjakl.cz\/index.php?rest_route=\/wp\/v2\/posts\/8851\/revisions"}],"predecessor-version":[{"id":8852,"href":"https:\/\/www.ladislavjakl.cz\/index.php?rest_route=\/wp\/v2\/posts\/8851\/revisions\/8852"}],"wp:attachment":[{"href":"https:\/\/www.ladislavjakl.cz\/index.php?rest_route=%2Fwp%2Fv2%2Fmedia&parent=8851"}],"wp:term":[{"taxonomy":"category","embeddable":true,"href":"https:\/\/www.ladislavjakl.cz\/index.php?rest_route=%2Fwp%2Fv2%2Fcategories&post=8851"},{"taxonomy":"post_tag","embeddable":true,"href":"https:\/\/www.ladislavjakl.cz\/index.php?rest_route=%2Fwp%2Fv2%2Ftags&post=8851"}],"curies":[{"name":"wp","href":"https:\/\/api.w.org\/{rel}","templated":true}]}}