{"id":8855,"date":"2018-08-06T10:08:27","date_gmt":"2018-08-06T08:08:27","guid":{"rendered":"http:\/\/www.ladislavjakl.cz\/?p=8855"},"modified":"2018-08-06T10:08:27","modified_gmt":"2018-08-06T08:08:27","slug":"za-spd-budou-do-senatu-kandidovat-klausuv-spolupracovnik-jakl-ci-exministr-zdravotnictvi-david","status":"publish","type":"post","link":"https:\/\/www.ladislavjakl.cz\/?p=8855","title":{"rendered":"Za SPD budou do Sen\u00e1tu kandidovat Klaus\u016fv spolupracovn\u00edk Jakl \u010di exministr zdravotnictv\u00ed David"},"content":{"rendered":"<div class=\"perex\">Hnut\u00ed Tomia Okamury bude na podzim kandidovat tak\u00e9 ve v\u0161ech 27 sen\u00e1tn\u00edch obvodech.<\/div>\n<p><!--more--><\/p>\n<div class=\"clanek-telo clearfix\" data-ec-list=\"zpravy-inlinecontent\" data-vr-zone=\"zpravy-inlinecontent\" data-main-content=\"\">\n<p><strong>Praha<\/strong>&nbsp;&#8211; Hnut\u00ed Svoboda a p\u0159\u00edm\u00e1 demokracie (<a href=\"https:\/\/zpravy.aktualne.cz\/svoboda-a-prima-demokracie\/l~1f49b89afe2811e4ac650025900fea04\/\" type=\"tag\">SPD<\/a>) podalo kandid\u00e1tky ve 209 obc\u00edch a m\u011bstech. Hnut\u00ed Tomia Okamury bude na podzim kandidovat tak\u00e9 ve v\u0161ech 27 sen\u00e1tn\u00edch obvodech. V Praze 2 nasad\u00ed n\u011bkdej\u0161\u00edho \u0159editele politick\u00e9ho odboru kancel\u00e1\u0159e prezidenta V\u00e1clava Klause&nbsp;<a href=\"https:\/\/www.aktualne.cz\/wiki\/politika\/ladislav-jakl\/r~i:wiki:3303\/\" type=\"tag\">Ladislava Jakla<\/a>, v obvodu Praha 12 bude usilovat o hlasy b\u00fdval\u00fd ministr zdravotnictv\u00ed z vl\u00e1dy Milo\u0161e Zemana Ivan David. SPD o tom v \u00fater\u00fd informovala v tiskov\u00e9 zpr\u00e1v\u011b.<\/p>\n<p>SPD loni z\u00edskala 22 mand\u00e1t\u016f ve sn\u011bmovn\u011b, v Sen\u00e1tu zat\u00edm zastoupen\u00e1 nen\u00ed. &#8222;Jak\u00fdkoliv zvolen\u00fd sen\u00e1tor za hnut\u00ed SPD bude \u00fasp\u011bchem pro prosazov\u00e1n\u00ed na\u0161eho politick\u00e9ho programu i v Sen\u00e1tu. Na\u0161e p\u0159\u00edtomnost v Sen\u00e1tu je v sou\u010dasn\u00e9 dob\u011b nutn\u00e1 pro prosazen\u00ed na\u0161eho politick\u00e9ho programu, jako je z\u00e1kon o referendu \u010di p\u0159\u00edm\u00e1 volba a odvolatelnost politik\u016f,&#8220; uvedla strana v tiskov\u00e9 zpr\u00e1v\u011b.<\/p>\n<p>Hnut\u00ed bude v komun\u00e1ln\u00edch volb\u00e1ch kandidovat ve v\u0161ech krajsk\u00fdch m\u011bstech v\u010detn\u011b Prahy a ve v\u011bt\u0161in\u011b b\u00fdval\u00fdch okresn\u00edch a statut\u00e1rn\u00edch m\u011bst. L\u00eddrem kandid\u00e1tky v hlavn\u00edm m\u011bst\u011b je akademik Hynek Beran, v Brn\u011b vedouc\u00ed katedry dopravy na B\u00e1\u0148sk\u00e9 univerzit\u011b Ivan Fencl, v Ostrav\u011b pak odborn\u00edk na ochranu \u017eivotn\u00edho prost\u0159ed\u00ed V\u00e1clav Kub\u00edn, uvedla SPD.<\/p>\n<p><a href=\"https:\/\/zpravy.aktualne.cz\/domaci\/politika\/za-spd-budou-do-senatu-kandidovat-jakl-ci-exministr-david\/r~bb07bca094bb11e88bcd0cc47ab5f122\/\">Zdroj<\/a><\/p>\n<\/div>\n","protected":false},"excerpt":{"rendered":"<p>Hnut\u00ed Tomia Okamury bude na podzim kandidovat tak\u00e9 ve v\u0161ech 27 sen\u00e1tn\u00edch obvodech.<\/p>\n","protected":false},"author":1,"featured_media":0,"comment_status":"open","ping_status":"open","sticky":false,"template":"","format":"standard","meta":{"ngg_post_thumbnail":0,"footnotes":""},"categories":[11],"tags":[],"class_list":["post-8855","post","type-post","status-publish","format-standard","hentry","category-ozvena"],"_links":{"self":[{"href":"https:\/\/www.ladislavjakl.cz\/index.php?rest_route=\/wp\/v2\/posts\/8855","targetHints":{"allow":["GET"]}}],"collection":[{"href":"https:\/\/www.ladislavjakl.cz\/index.php?rest_route=\/wp\/v2\/posts"}],"about":[{"href":"https:\/\/www.ladislavjakl.cz\/index.php?rest_route=\/wp\/v2\/types\/post"}],"author":[{"embeddable":true,"href":"https:\/\/www.ladislavjakl.cz\/index.php?rest_route=\/wp\/v2\/users\/1"}],"replies":[{"embeddable":true,"href":"https:\/\/www.ladislavjakl.cz\/index.php?rest_route=%2Fwp%2Fv2%2Fcomments&post=8855"}],"version-history":[{"count":1,"href":"https:\/\/www.ladislavjakl.cz\/index.php?rest_route=\/wp\/v2\/posts\/8855\/revisions"}],"predecessor-version":[{"id":8856,"href":"https:\/\/www.ladislavjakl.cz\/index.php?rest_route=\/wp\/v2\/posts\/8855\/revisions\/8856"}],"wp:attachment":[{"href":"https:\/\/www.ladislavjakl.cz\/index.php?rest_route=%2Fwp%2Fv2%2Fmedia&parent=8855"}],"wp:term":[{"taxonomy":"category","embeddable":true,"href":"https:\/\/www.ladislavjakl.cz\/index.php?rest_route=%2Fwp%2Fv2%2Fcategories&post=8855"},{"taxonomy":"post_tag","embeddable":true,"href":"https:\/\/www.ladislavjakl.cz\/index.php?rest_route=%2Fwp%2Fv2%2Ftags&post=8855"}],"curies":[{"name":"wp","href":"https:\/\/api.w.org\/{rel}","templated":true}]}}