{"id":8857,"date":"2018-08-06T10:10:59","date_gmt":"2018-08-06T08:10:59","guid":{"rendered":"http:\/\/www.ladislavjakl.cz\/?p=8857"},"modified":"2018-08-06T10:10:59","modified_gmt":"2018-08-06T08:10:59","slug":"neprekvapuje-za-fasistickou-spd-budou-kandidovat-ladislav-jakl-ivan-david-i-pepa-nos","status":"publish","type":"post","link":"https:\/\/www.ladislavjakl.cz\/?p=8857","title":{"rendered":"Nep\u0159ekvapuje: Za fa\u0161istickou SPD budou kandidovat Ladislav Jakl, Ivan David i Pepa Nos"},"content":{"rendered":"<p><!--more--><\/p>\n<div class=\"SandboxRoot env-bp-350\" data-twitter-event-id=\"0\">\n<div id=\"twitter-widget-0\" class=\"EmbeddedTweet EmbeddedTweet--edge EmbeddedTweet--mediaForward media-forward js-clickToOpenTarget js-tweetIdInfo tweet-InformationCircle-widgetParent\" lang=\"en\" data-click-to-open-target=\"https:\/\/twitter.com\/SvecKamil\/status\/1024268512863416322\" data-iframe-title=\"Twitter Tweet\" data-dt-full=\"%{hours12}:%{minutes} %{amPm} - %{day} %{month} %{year}\" data-dt-explicit-timestamp=\"2:20 PM - Jul 31, 2018\" data-dt-months=\"Jan|Feb|Mar|Apr|May|Jun|Jul|Aug|Sep|Oct|Nov|Dec\" data-dt-am=\"AM\" data-dt-pm=\"PM\" data-dt-now=\"now\" data-dt-s=\"s\" data-dt-m=\"m\" data-dt-h=\"h\" data-dt-second=\"second\" data-dt-seconds=\"seconds\" data-dt-minute=\"minute\" data-dt-minutes=\"minutes\" data-dt-hour=\"hour\" data-dt-hours=\"hours\" data-dt-abbr=\"%{number}%{symbol}\" data-dt-short=\"%{day} %{month}\" data-dt-long=\"%{day} %{month} %{year}\" data-scribe=\"page:tweet\" data-tweet-id=\"1024268512863416322\" data-twitter-event-id=\"1\">\n<article class=\"MediaCard MediaCard--mediaForward customisable-border\" dir=\"ltr\" data-scribe=\"component:card\">\n<div class=\"MediaCard-media\">\n<p>&nbsp;<\/p>\n<div class=\"MediaCard-widthConstraint js-cspForcedStyle\" data-style=\"max-width: 818px\">\n<div class=\"MediaCard-mediaContainer js-cspForcedStyle\" data-style=\"padding-bottom: 87.8973%\"><a class=\"MediaCard-mediaAsset NaturalImage\" href=\"https:\/\/twitter.com\/SvecKamil\/status\/1024268512863416322\/photo\/1\" data-scribe=\"element:photo\"><img loading=\"lazy\" decoding=\"async\" class=\"NaturalImage-image\" title=\"View image on Twitter\" src=\"https:\/\/pbs.twimg.com\/media\/DjbuXm6WwAAi7Uc?format=jpg&amp;name=small\" alt=\"View image on Twitter\" width=\"818\" height=\"719\" data-image=\"https:\/\/pbs.twimg.com\/media\/DjbuXm6WwAAi7Uc\"><\/a><\/div>\n<\/div>\n<\/div>\n<\/article>\n<div class=\"EmbeddedTweet-tweet\">\n<blockquote class=\"Tweet h-entry js-tweetIdInfo subject expanded\" cite=\"https:\/\/twitter.com\/SvecKamil\/status\/1024268512863416322\" data-tweet-id=\"1024268512863416322\" data-scribe=\"section:subject\">\n<div class=\"Tweet-header\">\n<p><a class=\"TweetAuthor-avatar Identity-avatar u-linkBlend\" href=\"https:\/\/twitter.com\/SvecKamil\" data-scribe=\"element:user_link\" aria-label=\"Kamil Svec (screen name: SvecKamil)\"><img decoding=\"async\" class=\"Avatar Avatar--edge\" src=\"https:\/\/pbs.twimg.com\/profile_images\/456141045143977984\/x-lOLopm_normal.jpeg\" alt=\"\" data-scribe=\"element:avatar\" data-src-2x=\"https:\/\/pbs.twimg.com\/profile_images\/456141045143977984\/x-lOLopm_bigger.jpeg\" data-src-1x=\"https:\/\/pbs.twimg.com\/profile_images\/456141045143977984\/x-lOLopm_normal.jpeg\"><\/a><\/p>\n<div class=\"TweetAuthor js-inViewportScribingTarget\" data-scribe=\"component:author\">\n<div class=\"TweetAuthor-nameScreenNameContainer\"><span class=\"TweetAuthor-decoratedName\"><span class=\"TweetAuthor-name Identity-name customisable-highlight\" title=\"Kamil Svec\" data-scribe=\"element:name\">Kamil Svec<\/span><\/span><span class=\"TweetAuthor-screenName Identity-screenName\" dir=\"ltr\" title=\"@SvecKamil\" data-scribe=\"element:screen_name\">@SvecKamil<\/span><\/div>\n<\/div>\n<div class=\"Tweet-brand\">\n<div class=\"Icon Icon--twitter \" title=\"View on Twitter\" role=\"presentation\" aria-label=\"View on Twitter\">Za SPD budou do Sen\u00e1tu kandidovat Ladislav Jakl, gener\u00e1lmajor V\u011bze\u0148sk\u00e9 slu\u017eby \u010cR v.v., exministr Ivan David \u010di Pepa Nos. via <a class=\"PrettyLink hashtag customisable\" dir=\"ltr\" href=\"https:\/\/twitter.com\/hashtag\/SPD?src=hash\" rel=\"tag\" data-query-source=\"hashtag_click\" data-scribe=\"element:hashtag\"><span class=\"PrettyLink-prefix\">#<\/span><span class=\"PrettyLink-value\">SPD<\/span><\/a> <a class=\"PrettyLink profile customisable h-card\" dir=\"ltr\" href=\"https:\/\/twitter.com\/tomio_cz\" data-mentioned-user-id=\"1710527172\" data-scribe=\"element:mention\"><span class=\"PrettyLink-prefix\">@<\/span><span class=\"PrettyLink-value\">tomio_cz<\/span><\/a> D\u00edky <a class=\"PrettyLink profile customisable h-card\" dir=\"ltr\" href=\"https:\/\/twitter.com\/Kamberak\" data-mentioned-user-id=\"395161189\" data-scribe=\"element:mention\"><span class=\"PrettyLink-prefix\">@<\/span><span class=\"PrettyLink-value\">Kamberak<\/span><\/a> za upozorn\u011bn\u00ed.&nbsp;<\/div>\n<\/div>\n<\/div>\n<\/blockquote>\n<\/div>\n<\/div>\n<\/div>\n<p>&nbsp;<\/p>\n","protected":false},"excerpt":{"rendered":"","protected":false},"author":1,"featured_media":0,"comment_status":"open","ping_status":"open","sticky":false,"template":"","format":"standard","meta":{"ngg_post_thumbnail":0,"footnotes":""},"categories":[11],"tags":[],"class_list":["post-8857","post","type-post","status-publish","format-standard","hentry","category-ozvena"],"_links":{"self":[{"href":"https:\/\/www.ladislavjakl.cz\/index.php?rest_route=\/wp\/v2\/posts\/8857","targetHints":{"allow":["GET"]}}],"collection":[{"href":"https:\/\/www.ladislavjakl.cz\/index.php?rest_route=\/wp\/v2\/posts"}],"about":[{"href":"https:\/\/www.ladislavjakl.cz\/index.php?rest_route=\/wp\/v2\/types\/post"}],"author":[{"embeddable":true,"href":"https:\/\/www.ladislavjakl.cz\/index.php?rest_route=\/wp\/v2\/users\/1"}],"replies":[{"embeddable":true,"href":"https:\/\/www.ladislavjakl.cz\/index.php?rest_route=%2Fwp%2Fv2%2Fcomments&post=8857"}],"version-history":[{"count":1,"href":"https:\/\/www.ladislavjakl.cz\/index.php?rest_route=\/wp\/v2\/posts\/8857\/revisions"}],"predecessor-version":[{"id":8858,"href":"https:\/\/www.ladislavjakl.cz\/index.php?rest_route=\/wp\/v2\/posts\/8857\/revisions\/8858"}],"wp:attachment":[{"href":"https:\/\/www.ladislavjakl.cz\/index.php?rest_route=%2Fwp%2Fv2%2Fmedia&parent=8857"}],"wp:term":[{"taxonomy":"category","embeddable":true,"href":"https:\/\/www.ladislavjakl.cz\/index.php?rest_route=%2Fwp%2Fv2%2Fcategories&post=8857"},{"taxonomy":"post_tag","embeddable":true,"href":"https:\/\/www.ladislavjakl.cz\/index.php?rest_route=%2Fwp%2Fv2%2Ftags&post=8857"}],"curies":[{"name":"wp","href":"https:\/\/api.w.org\/{rel}","templated":true}]}}