{"id":8859,"date":"2018-08-06T10:12:27","date_gmt":"2018-08-06T08:12:27","guid":{"rendered":"http:\/\/www.ladislavjakl.cz\/?p=8859"},"modified":"2018-08-06T10:12:27","modified_gmt":"2018-08-06T08:12:27","slug":"argumentace-hitlerem-je-v-pripade-trumpismu-zaslouzena-bohuzel-na-tom-ale-nesejde","status":"publish","type":"post","link":"https:\/\/www.ladislavjakl.cz\/?p=8859","title":{"rendered":"Argumentace Hitlerem je v p\u0159\u00edpad\u011b trumpismu zaslou\u017een\u00e1. Bohu\u017eel na tom ale nesejde"},"content":{"rendered":"<div class=\"perex\">Mainstreamu vl\u00e1dne sp\u00ed\u0161 p\u0159ehnan\u00e1 shov\u00edvavost k Trumpov\u011b vl\u00e1d\u011b. A to i u n\u00e1s. Je smutn\u011b fascinuj\u00edc\u00ed, co v\u0161echno se m\u016f\u017ee d\u00edt mimo hranice na\u0161\u00ed zem\u011b, ani\u017e bychom tomu p\u0159ikl\u00e1dali pot\u0159ebnou d\u016fle\u017eitost.&nbsp;<a href=\"https:\/\/nazory.aktualne.cz\/donald-trump\/l~i:keyword:83463\/\" type=\"tag\">Donald Trump<\/a>&nbsp;a jeho administrativa se za podpory Republik\u00e1nsk\u00e9 strany dopou\u0161t\u00ed v Americe v\u011bc\u00ed, kter\u00e9 maj\u00ed ni\u010div\u00fd dopad na budoucnost tamn\u00edho obyvatelstva i zbytku sv\u011bta, nicm\u00e9n\u011b pro v\u011bt\u0161inu z n\u00e1s jako by to po\u0159\u00e1d bylo z\u00e1bavn\u00e9 p\u0159edstaven\u00ed, kter\u00e9 m\u016f\u017eeme v klidu sledovat zpovzd\u00e1l\u00ed. V\u00e1\u017enost situace v\u0161ak nedoch\u00e1z\u00ed ani mnoh\u00fdm Ameri\u010dan\u016fm a krom\u011b neinformovan\u00e9 lhostejnosti v tom hraje \u00falohu i objem zh\u016fv\u011b\u0159ilost\u00ed, kter\u00fdch se Trump dopou\u0161t\u00ed.<\/div>\n<p><!--more--><\/p>\n<div class=\"clanek-telo clearfix\" data-ec-list=\"nazory-inlinecontent\" data-vr-zone=\"nazory-inlinecontent\" data-main-content=\"\">\n<p>Jeho je\u0161itnost, ignorance, odpor v\u016f\u010di chud\u00fdm a fat\u00e1ln\u00ed korumpovatelnost maj\u00ed za n\u00e1sledek prakticky denn\u00ed zpr\u00e1vy o tom, kter\u00e9 dal\u0161\u00ed ob\u010dansk\u00e9 svobody jsou v ohro\u017een\u00ed nebo kolik sv\u00fdch zdokumentovan\u00fdch v\u00fdrok\u016f prezident pop\u0159el. Ni\u010d\u00ed p\u0159edstavivost asi nedok\u00e1\u017ee \u00fapln\u011b pojmout n\u00e1sledky toho, kdy\u017e se p\u0159\u00edslove\u010dn\u00fdm v\u016fdcem svobodn\u00e9ho sv\u011bta stane \u010dlov\u011bk, kter\u00e9mu zcela chyb\u00ed empatie a kter\u00fd toho za sv\u016fj \u017eivot nalhal tolik, \u017ee u\u017e zjevn\u011b nech\u00e1pe koncept pravdy nebo fakt\u016f.<\/p>\n<p><a class=\"komercni-odkaz\" href=\"https:\/\/www.ceskatelevize.cz\/porady\/1096898594-udalosti-komentare\/218411000370719\/video\/632693\" target=\"_blank\" rel=\"noopener\" type=\"commercial\">\u010ctvrte\u010dn\u00ed debata o Trumpov\u011b politice na \u010cT<\/a>&nbsp;uk\u00e1zala, jak moc t\u00e9ma podce\u0148uje i na\u0161e ve\u0159ejnopr\u00e1vn\u00ed televize. Nejen\u017ee produkce Ud\u00e1lost\u00ed, koment\u00e1\u0159\u016f pova\u017eovala za nezbytn\u00e9 postavit proti Igoru Luke\u0161ovi z Bostonsk\u00e9 univerzity n\u011bkoho, kdo by Trumpa h\u00e1jil, ale v duchu typick\u00e9 p\u0159estra\u0161enosti a p\u0159\u00edstupu &#8222;hlavn\u011b to rychle zapl\u00e1cnout&#8220; se t\u00edm n\u011bk\u00fdm stal Ladislav Jakl. Luke\u0161ovi to docela pochopiteln\u011b nep\u0159i\u0161lo v po\u0159\u00e1dku a u\u017e b\u011bhem vys\u00edl\u00e1n\u00ed \u0159ekl, \u017ee posadit proti n\u011bmu Jakla je p\u0159\u00edznak vyva\u017eovac\u00ed snahy d\u00e1t stejn\u00fd prostor l\u017ei jako pravd\u011b (princip zn\u00e1m\u00fd tak\u00e9 jako &#8222;p\u011bt minut pro Hitlera, p\u011bt minut pro \u017didy&#8220;).<\/p>\n<p>Krom\u011b opr\u00e1vn\u011bn\u00e9 kritiky sm\u011brem k \u010cesk\u00e9 televizi se n\u00e1sledn\u00e9 reakce znovu dotkly \u010dasto opakovan\u00e9 ot\u00e1zky, jestli je spravedliv\u00e9 p\u0159irovn\u00e1vat trumpismus k n\u00e1stupu n\u011bmeck\u00e9ho fa\u0161ismu. Luke\u0161 se takov\u00e9ho srovn\u00e1n\u00ed nedopustil, nicm\u00e9n\u011b ve Spojen\u00fdch st\u00e1tech tato paralela jinak zazn\u00edv\u00e1 denn\u011b. Obzvl\u00e1\u0161\u0165 v posledn\u00ed dob\u011b v souvislosti s rozd\u011blov\u00e1n\u00edm uprchlick\u00fdch rodin a dr\u017een\u00edm jejich d\u011bt\u00ed v klec\u00edch.<\/p>\n<h2><strong>Jin\u00e9 okolnosti, podobn\u00e1 motivace<\/strong><\/h2>\n<p>Na za\u010d\u00e1tku si ujasn\u011bme, \u017ee Trump opravdu nen\u00ed do detailu stejn\u00fd jako Hitler &#8211; to snad ani v\u011bt\u0161ina jeho odp\u016frc\u016f netvrd\u00ed. Takov\u00e9 p\u0159irovn\u00e1n\u00ed bude v\u017edycky nep\u0159esn\u00e9, proto\u017ee doba i okolnosti se li\u0161\u00ed. To ale neznamen\u00e1, \u017ee nen\u00ed zaslou\u017een\u00e9. Trump\u016fv re\u017eim soustavn\u011b usiluje o odstaven\u00ed ur\u010dit\u00fdch skupin obyvatelstva, a to jak v politick\u00e9m smyslu (omezov\u00e1n\u00edm jejich \u00fa\u010dasti na ve\u0159ejn\u00e9m \u017eivot\u011b), tak fakticky (zhor\u0161ov\u00e1n\u00edm jejich existen\u010dn\u00edch podm\u00ednek v\u010detn\u011b ohro\u017eov\u00e1n\u00ed jejich zdrav\u00ed). Jako p\u0159\u00edklady lze uv\u00e9st postupn\u00e9 legalizov\u00e1n\u00ed diskriminace v\u016f\u010di LGBT lidem, opakovan\u00e9 pokusy o zru\u0161en\u00ed Obamova z\u00e1kona o zdravotn\u00edm poji\u0161t\u011bn\u00ed, na kter\u00e9m z\u00e1vis\u00ed miliony ob\u010dan\u016f, nebo prohlubov\u00e1n\u00ed ekonomick\u00e9 nerovnosti prost\u0159ednictv\u00edm sn\u00ed\u017een\u00ed dan\u00ed pro bohat\u00e9.<\/p>\n<p>Donald Trump je nav\u00edc schopen zp\u016fsobit \u0161kody i prostou lhostejnost\u00ed. Kdy\u017e v z\u00e1\u0159\u00ed 2017 hurik\u00e1n Maria zdevastoval ostrov Portoriko, prezident se ani vzd\u00e1len\u011b nenam\u00e1hal poskytnout tomuto americk\u00e9mu teritoriu v\u010dasnou a dostate\u010dnou humanit\u00e1rn\u00ed pomoc. Dodnes nen\u00ed jist\u00e9, kolik lid\u00ed n\u00e1sledn\u011b zem\u0159elo kv\u016fli nedostatku j\u00eddla a l\u00e9ka\u0159sk\u00e9ho o\u0161et\u0159en\u00ed, ale vzhledem k ni\u010divosti hurik\u00e1nu a tragick\u00e9mu stavu infrastruktury na zchudl\u00e9m ostrov\u011b jdou odhady do tis\u00edc\u016f. (Obyvatel\u00e9 Portorika p\u0159itom plat\u00ed USA dan\u011b, nemaj\u00ed v\u0161ak americk\u00e9 volebn\u00ed pr\u00e1vo &#8211; tento paradox b\u00fdv\u00e1 v angli\u010dtin\u011b shrnov\u00e1n jako &#8222;taxation without representation&#8220;.)<\/p>\n<p>Trump jist\u011b nem\u00e1 Hitler\u016fv systematick\u00fd p\u0159\u00edstup k p\u00e1ch\u00e1n\u00ed zla, jeho politika je ov\u0161em motivov\u00e1na velmi podobn\u011b: touhou vy\u010distit sv\u016fj prostor od t\u011bch, s nimi\u017e se neztoto\u017e\u0148uje. &#8222;Jeho&#8220; prostorem jsou te\u010f cel\u00e9 Spojen\u00e9 st\u00e1ty a podstatn\u00fd d\u00edl Ameri\u010dan\u016f s n\u00edm tuto touhu sd\u00edl\u00ed. V tom spo\u010d\u00edv\u00e1 trag\u00e9die jeho vl\u00e1dy &#8211; navzdory sv\u00e9 donebevolaj\u00edc\u00ed nekompetentnosti m\u00e1 za sebou st\u00e1le podporu mnoha republik\u00e1n\u016f, nebo p\u0159inejmen\u0161\u00edm jejich ochotu zav\u0159\u00edt o\u010di a akceptovat chov\u00e1n\u00ed, kter\u00e9 by rozhodn\u011b neprominuli demokratick\u00e9mu prezidentovi. Trumpovi tak u nich proch\u00e1z\u00ed nap\u0159\u00edklad xenofobn\u00ed r\u00e9torika, kter\u00e1 bez nads\u00e1zky dosahuje goebbelsovsk\u00fdch rozm\u011br\u016f. Bohu\u017eel, nez\u016fst\u00e1v\u00e1 jenom u slov. C\u00edlem nen\u00ed dlouhodob\u00e1 prosperita zem\u011b &#8211; c\u00edlem je s co nejmen\u0161\u00ed n\u00e1mahou vyu\u017e\u00edt prezidentskou funkci ve prosp\u011bch ekonomick\u00e9 elity, k n\u00ed\u017e Donald pat\u0159\u00ed.<\/p>\n<h2><strong>Podce\u0148ov\u00e1n\u00ed mo\u017en\u00e9ho<\/strong><\/h2>\n<p>Ned\u00e1 se pop\u0159\u00edt, \u017ee p\u0159irovn\u00e1n\u00ed k Hitlerovi jsou ve v\u011bku internetu nadu\u017e\u00edvan\u00e1 stejn\u011b jako ka\u017ed\u00fd druh\u00fd r\u00e9torick\u00fd obrat. Americk\u00fd pr\u00e1vn\u00edk a autor Mike Godwin u\u017e n\u011bkdy v roce 1990 formuloval bonmot, kter\u00fd je dnes zn\u00e1m\u00fd jako Godwin\u016fv z\u00e1kon: &#8222;\u010c\u00edm del\u0161\u00ed on-line diskuse, t\u00edm vy\u0161\u0161\u00ed pravd\u011bpodobnost, \u017ee n\u011bkdo n\u011bkoho p\u0159irovn\u00e1 k Hitlerovi.&#8220; Tent\u00fd\u017e Mike Godwin ale v posledn\u00edch letech opakovan\u011b prohl\u00e1sil, \u017ee v p\u0159\u00edpad\u011b Trumpa a n\u00e1sledk\u016f jeho politiky se takov\u00e1 argumentace d\u00e1 pou\u017e\u00edt zcela legitimn\u011b.<\/p>\n<p>Nav\u00edc, jakkoliv jsou argumenty &#8222;ad Hitlerum&#8220; roz\u0161\u00ed\u0159en\u00e9, mainstreamu vl\u00e1dne sp\u00ed\u0161 p\u0159ehnan\u00e1 shov\u00edvavost k Trumpov\u011b vl\u00e1d\u011b. A to i u n\u00e1s. \u010c\u00e1ste\u010dn\u011b za to m\u016f\u017ee zvl\u00e1\u0161tn\u00ed mytologick\u00fd status druh\u00e9 sv\u011btov\u00e9 v\u00e1lky &#8211; od jej\u00edho konce neuplynulo ani t\u0159i \u010dtvrt\u011b stolet\u00ed, na\u0161e zem\u011b byla jej\u00edmi ud\u00e1lostmi z\u00e1sadn\u011b poznamen\u00e1na, a p\u0159esto m\u00e1me sklon ji br\u00e1t trochu jako fikci, nebo p\u0159inejmen\u0161\u00edm n\u011bco, co se ud\u00e1lo v jin\u00e9 realit\u011b ne\u017e t\u00e9 na\u0161\u00ed. Podv\u011bdom\u011b se n\u00e1m zd\u00e1, \u017ee se n\u011bco podobn\u00e9ho p\u0159ece nebude opakovat. Ostatn\u011b n\u011bkter\u00e9 kritick\u00e9 \u010dl\u00e1nky o trumpismu cituj\u00ed knihu U n\u00e1s se to st\u00e1t nem\u016f\u017ee (1935), ve kter\u00e9 spisovatel Sinclair Lewis varoval p\u0159ed n\u00e1stupem fa\u0161ismu pr\u00e1v\u011b upozorn\u011bn\u00edm na tenhle sklon k podce\u0148ov\u00e1n\u00ed mo\u017en\u00e9ho.<\/p>\n<p>Ti, kter\u00e9 autorit\u00e1\u0159sk\u00e1 politika aspo\u0148 zat\u00edm negativn\u011b nezas\u00e1hla, maj\u00ed zkr\u00e1tka tendenci ji omlouvat a p\u0159esv\u011bd\u010dovat sami sebe, \u017ee &#8222;tohle je\u0161t\u011b nen\u00ed ono&#8220;. Ob\u011bti na \u017eivotech se nepo\u010d\u00edtaj\u00ed, jestli\u017ee nemaj\u00ed podobu hromadn\u00fdch vra\u017ed (a n\u011bkdy ani to ne &#8211; viz historick\u00fd p\u0159\u00edklad genocidy p\u016fvodn\u00edho severoamerick\u00e9ho obyvatelstva). V\u011bzn\u011bn\u00ed a utla\u010dov\u00e1n\u00ed nen\u00ed velk\u00fd probl\u00e9m, pokud jsou jejich ob\u011b\u0165mi lid\u00e9, na nich\u017e dominantn\u00ed skupin\u011b nez\u00e1le\u017e\u00ed &#8211; chud\u00ed, uprchl\u00edci, Afroameri\u010dan\u00e9, Mexi\u010dan\u00e9\u2026 N\u011bkte\u0159\u00ed lid\u00e9 jsou si prost\u011b rovn\u011bj\u0161\u00ed a propaganda n\u00e1s chr\u00e1n\u00ed od v\u00fd\u010ditek sv\u011bdom\u00ed i pocitu beznad\u011bje.<\/p>\n<h2><strong>Co u\u017e je p\u0159\u00edli\u0161?<\/strong><\/h2>\n<p>M\u00e1 smysl \u010dekat s p\u0159irovn\u00e1n\u00edm k Hitlerovi a\u017e do chv\u00edle, kdy se nevinn\u00fdm za\u010dnou holit hlavy a p\u0159id\u011blovat \u010d\u00edsla m\u00edsto jmen? Kdy se&nbsp;<a class=\"komercni-odkaz\" href=\"https:\/\/www.texastribune.org\/2018\/07\/23\/deadline-thursday-july-26-family-reunifications\/\" target=\"_blank\" rel=\"noopener\" type=\"commercial\">odebran\u00e9 uprchlick\u00e9 d\u011bti<\/a>&nbsp;stanou p\u0159edm\u011btem adop\u010dn\u00edho byznysu a jejich kulturn\u00ed identita bude odstra\u0148ov\u00e1na &#8222;p\u0159ev\u00fdchovou&#8220;, podobn\u011b jako se to d\u011blo \u017eidovsk\u00fdm d\u011btem v n\u011bmeck\u00fdch rodin\u00e1ch? Probl\u00e9m nen\u00ed v tom, \u017ee by varov\u00e1n\u00ed p\u0159ed hitlerovsk\u00fdm potenci\u00e1lem trumpismu nebylo nam\u00edst\u011b, ale \u017ee pravd\u011bpodobn\u011b mnoho nezm\u011bn\u00ed. Autorit\u00e1\u0159 jako autorit\u00e1\u0159, dokud nete\u010de do bot n\u00e1m, nebereme ho v\u00e1\u017en\u011b.<\/p>\n<p>Z \u010desk\u00e9ho pohledu by bylo mo\u017en\u00e1 trefn\u011bj\u0161\u00ed charakterizovat Donalda Trumpa jako kombinaci hitlerovsk\u00e9ho ega s mentalitou na\u0161ich n\u011bkdej\u0161\u00edch komunistick\u00fdch pohlav\u00e1r\u016f. Breptav\u00fd st\u00e1tn\u00edk pan\u00e1\u010dkuj\u00edc\u00ed p\u0159ed Ruskem by byl s\u00e1m o sob\u011b probl\u00e9m, nemluv\u011b o tom, kdy\u017e se ocitne v \u010dele nejv\u011bt\u0161\u00ed relativn\u011b demokratick\u00e9 velmoci a d\u011bl\u00e1 si z n\u00ed sv\u00e9 osobn\u00ed p\u00edskovi\u0161t\u011b. Davy Trumpov\u00fdch p\u0159\u00edznivc\u016f pak reaguj\u00ed prim\u00e1rn\u011b na jeho sebev\u011bdom\u00ed a vidinu etnicky &#8222;\u010dist\u0161\u00ed&#8220; Ameriky.<\/p>\n<p>Prezident, kter\u00fd se t\u011b\u0161\u00ed p\u0159\u00edzni Ku-klux-klanu a krajn\u00ed pravice, ka\u017edop\u00e1dn\u011b nem\u00e1 n\u00e1rok na shov\u00edvavost. Nen\u00ed na\u0161\u00ed zodpov\u011bdnost\u00ed zleh\u010dovat jeho jasn\u011b dikt\u00e1torsk\u00e9 man\u00fdry, mluvit o n\u011bm s respektem a doufat, \u017ee se na opl\u00e1tku za\u010dne poprv\u00e9 v \u017eivot\u011b chovat jako soucitn\u00e1 lidsk\u00e1 bytost. A je naopak nezodpov\u011bdn\u00e9 se tv\u00e1\u0159it, \u017ee jeho fanou\u0161ci maj\u00ed svoje m\u00edsto v po\u0159adech, kde je po pr\u00e1vu kritizov\u00e1n.<\/p>\n<p><a href=\"https:\/\/nazory.aktualne.cz\/komentare\/argumentace-hitlerem-trumpismus\/r~9c419b028f4c11e89f80ac1f6b220ee8\/\">Zdroj<\/a><\/p>\n<\/div>\n","protected":false},"excerpt":{"rendered":"<p>Mainstreamu vl\u00e1dne sp\u00ed\u0161 p\u0159ehnan\u00e1 shov\u00edvavost k Trumpov\u011b vl\u00e1d\u011b. A to i u n\u00e1s. Je smutn\u011b fascinuj\u00edc\u00ed, co v\u0161echno se m\u016f\u017ee d\u00edt mimo hranice na\u0161\u00ed zem\u011b, ani\u017e bychom tomu p\u0159ikl\u00e1dali pot\u0159ebnou d\u016fle\u017eitost.&nbsp;Donald Trump&nbsp;a jeho administrativa se za podpory Republik\u00e1nsk\u00e9 strany dopou\u0161t\u00ed v Americe v\u011bc\u00ed, kter\u00e9 maj\u00ed ni\u010div\u00fd dopad na budoucnost tamn\u00edho obyvatelstva i zbytku sv\u011bta, nicm\u00e9n\u011b [&hellip;]<\/p>\n","protected":false},"author":1,"featured_media":0,"comment_status":"open","ping_status":"open","sticky":false,"template":"","format":"standard","meta":{"ngg_post_thumbnail":0,"footnotes":""},"categories":[11],"tags":[],"class_list":["post-8859","post","type-post","status-publish","format-standard","hentry","category-ozvena"],"_links":{"self":[{"href":"https:\/\/www.ladislavjakl.cz\/index.php?rest_route=\/wp\/v2\/posts\/8859","targetHints":{"allow":["GET"]}}],"collection":[{"href":"https:\/\/www.ladislavjakl.cz\/index.php?rest_route=\/wp\/v2\/posts"}],"about":[{"href":"https:\/\/www.ladislavjakl.cz\/index.php?rest_route=\/wp\/v2\/types\/post"}],"author":[{"embeddable":true,"href":"https:\/\/www.ladislavjakl.cz\/index.php?rest_route=\/wp\/v2\/users\/1"}],"replies":[{"embeddable":true,"href":"https:\/\/www.ladislavjakl.cz\/index.php?rest_route=%2Fwp%2Fv2%2Fcomments&post=8859"}],"version-history":[{"count":1,"href":"https:\/\/www.ladislavjakl.cz\/index.php?rest_route=\/wp\/v2\/posts\/8859\/revisions"}],"predecessor-version":[{"id":8860,"href":"https:\/\/www.ladislavjakl.cz\/index.php?rest_route=\/wp\/v2\/posts\/8859\/revisions\/8860"}],"wp:attachment":[{"href":"https:\/\/www.ladislavjakl.cz\/index.php?rest_route=%2Fwp%2Fv2%2Fmedia&parent=8859"}],"wp:term":[{"taxonomy":"category","embeddable":true,"href":"https:\/\/www.ladislavjakl.cz\/index.php?rest_route=%2Fwp%2Fv2%2Fcategories&post=8859"},{"taxonomy":"post_tag","embeddable":true,"href":"https:\/\/www.ladislavjakl.cz\/index.php?rest_route=%2Fwp%2Fv2%2Ftags&post=8859"}],"curies":[{"name":"wp","href":"https:\/\/api.w.org\/{rel}","templated":true}]}}