{"id":886,"date":"2011-04-07T14:12:27","date_gmt":"2011-04-07T13:12:27","guid":{"rendered":"http:\/\/www.ladislavjakl.cz\/?p=886"},"modified":"2011-04-07T14:12:27","modified_gmt":"2011-04-07T13:12:27","slug":"jakl-haji-batoru","status":"publish","type":"post","link":"https:\/\/www.ladislavjakl.cz\/?p=886","title":{"rendered":"Jakl h\u00e1j\u00ed B\u00e1toru"},"content":{"rendered":"<p>P\u0159i ve\u0159ejn\u00e9 obhajob\u011b \u201em\u00e9dii lyn\u010dovan\u00e9ho\u201c Ladislava B\u00e1tory, kter\u00fd by se  m\u011bl \u00fadajn\u011b st\u00e1t poradcem ministra \u0161kolstv\u00ed, a\u010d byl kandid\u00e1tem N\u00e1rodn\u00ed  strany, zazn\u011bla v pond\u011bl\u00ed slova o nutn\u00e9 obran\u011b p\u0159ed \u201eterorem politick\u00e9  korektnosti\u201c.<\/p>\n<p><!--more--><\/p>\n<p>Na setk\u00e1n\u00ed Akce D.O.S.T. nedorazil pozvan\u00fd d\u011bkan  Filozofick\u00e9 fakulty Univerzity Karlovy, jej\u00ed\u017e v\u011bdeck\u00e1 rada ozna\u010dila  B\u00e1toru za \u010dlov\u011bka s xenofobn\u00edmi n\u00e1zory. Do diskuse se zapojily \u0161pi\u010dky  \u201eautentick\u00e9 \u010desk\u00e9 pravice\u201c: politi\u010dka Jana Bobo\u0161\u00edkov\u00e1, kter\u00e1 dokonce  vyzvala ke sjednocen\u00ed sil proti Pravd\u011b &amp; L\u00e1sce, europoslanec Hynek  Fajmon \u010di prezident\u016fv tajemn\u00edk Ladislav Jakl. Na dotaz redaktora MF  Dnes, zda nen\u00ed B\u00e1torova kandidatura za N\u00e1rodn\u00ed stranu neslu\u010diteln\u00e1 s  postem na M\u0160MT, tajemn\u00edk Jakl odpov\u011bd\u011bl ot\u00e1zkou: \u201eV roce 1990 kandidoval  za komunistickou stranu, tedy stranu odpov\u011bdnou za gulagy a vra\u017edu  Milady Hor\u00e1kov\u00e9, jist\u00fd Jaroslav Soural. Tento mu\u017e se pozd\u011bji stal  n\u00e1m\u011bstkem ministra \u0161kolstv\u00ed. Kolik \u010dl\u00e1nk\u016f o <span>n\u011bm<\/span> vy\u0161lo?!\u201c<\/p>\n<p><object classid=\"clsid:d27cdb6e-ae6d-11cf-96b8-444553540000\" width=\"425\" height=\"350\" codebase=\"http:\/\/download.macromedia.com\/pub\/shockwave\/cabs\/flash\/swflash.cab#version=6,0,40,0\"><param name=\"src\" value=\"http:\/\/www.youtube.com\/v\/1mBvh6lMjPc&amp;feature\" \/><embed type=\"application\/x-shockwave-flash\" width=\"425\" height=\"350\" src=\"http:\/\/www.youtube.com\/v\/1mBvh6lMjPc&amp;feature\"><\/embed><\/object><\/p>\n<p>Je kandidatura Ladislava B\u00e1tory za N\u00e1rodn\u00ed stranu slu\u010diteln\u00e1 s postem na  M\u0160MT? Prezident\u016fv tajemn\u00edk Ladislav Jakl odpov\u00edd\u00e1 ot\u00e1zkou: Kolik lesa  padlo v roce 1990 proti komunistick\u00e9mu kandid\u00e1tovi a pozd\u011bj\u0161\u00edmu  n\u00e1m\u011bstkovi ministra \u0161kolstv\u00ed Jaroslavu Souralovi?<\/p>\n<p><a href=\"http:\/\/www.ceskapozice.cz\/video\/batora\/jakl-haji-batoru\" target=\"_blank\">Zdroj<\/a><\/p>\n","protected":false},"excerpt":{"rendered":"<p>P\u0159i ve\u0159ejn\u00e9 obhajob\u011b \u201em\u00e9dii lyn\u010dovan\u00e9ho\u201c Ladislava B\u00e1tory, kter\u00fd by se m\u011bl \u00fadajn\u011b st\u00e1t poradcem ministra \u0161kolstv\u00ed, a\u010d byl kandid\u00e1tem N\u00e1rodn\u00ed strany, zazn\u011bla v pond\u011bl\u00ed slova o nutn\u00e9 obran\u011b p\u0159ed \u201eterorem politick\u00e9 korektnosti\u201c.<\/p>\n","protected":false},"author":1,"featured_media":0,"comment_status":"open","ping_status":"open","sticky":false,"template":"","format":"standard","meta":{"ngg_post_thumbnail":0,"footnotes":""},"categories":[11],"tags":[],"class_list":["post-886","post","type-post","status-publish","format-standard","hentry","category-ozvena"],"_links":{"self":[{"href":"https:\/\/www.ladislavjakl.cz\/index.php?rest_route=\/wp\/v2\/posts\/886","targetHints":{"allow":["GET"]}}],"collection":[{"href":"https:\/\/www.ladislavjakl.cz\/index.php?rest_route=\/wp\/v2\/posts"}],"about":[{"href":"https:\/\/www.ladislavjakl.cz\/index.php?rest_route=\/wp\/v2\/types\/post"}],"author":[{"embeddable":true,"href":"https:\/\/www.ladislavjakl.cz\/index.php?rest_route=\/wp\/v2\/users\/1"}],"replies":[{"embeddable":true,"href":"https:\/\/www.ladislavjakl.cz\/index.php?rest_route=%2Fwp%2Fv2%2Fcomments&post=886"}],"version-history":[{"count":1,"href":"https:\/\/www.ladislavjakl.cz\/index.php?rest_route=\/wp\/v2\/posts\/886\/revisions"}],"predecessor-version":[{"id":887,"href":"https:\/\/www.ladislavjakl.cz\/index.php?rest_route=\/wp\/v2\/posts\/886\/revisions\/887"}],"wp:attachment":[{"href":"https:\/\/www.ladislavjakl.cz\/index.php?rest_route=%2Fwp%2Fv2%2Fmedia&parent=886"}],"wp:term":[{"taxonomy":"category","embeddable":true,"href":"https:\/\/www.ladislavjakl.cz\/index.php?rest_route=%2Fwp%2Fv2%2Fcategories&post=886"},{"taxonomy":"post_tag","embeddable":true,"href":"https:\/\/www.ladislavjakl.cz\/index.php?rest_route=%2Fwp%2Fv2%2Ftags&post=886"}],"curies":[{"name":"wp","href":"https:\/\/api.w.org\/{rel}","templated":true}]}}