{"id":8863,"date":"2018-08-06T10:15:09","date_gmt":"2018-08-06T08:15:09","guid":{"rendered":"http:\/\/www.ladislavjakl.cz\/?p=8863"},"modified":"2018-08-06T10:15:09","modified_gmt":"2018-08-06T08:15:09","slug":"migrace-ma-vytvorit-novou-rasu-dalsi-vystoupeni-ladislava-jakla-ktere-vzbudi-pozornost","status":"publish","type":"post","link":"https:\/\/www.ladislavjakl.cz\/?p=8863","title":{"rendered":"\u201eMigrace m\u00e1 vytvo\u0159it novou rasu.\u201c Dal\u0161\u00ed vystoupen\u00ed Ladislava Jakla, kter\u00e9 vzbud\u00ed pozornost"},"content":{"rendered":"<p>Ladislav Jakl se v o\u010d\u00edch \u010desk\u00e9 ve\u0159ejnosti p\u0159ipomn\u011bl zejm\u00e9na ned\u00e1vn\u00fdm vystoupen\u00edm v \u010cesk\u00e9 televizi, kde se do n\u011bj op\u0159el profesor Igor Luke\u0161 z Boston University. Jakla kritizoval nejen za domn\u011blou absenci znalost\u00ed, ale tak\u00e9 za fyzick\u00fd vzhled. Zat\u00edmco v televizi se oba p\u00e1nov\u00e9 p\u0159eli o dosavadn\u00ed d\u00edlo prezidenta Donalda Trumpa, na sv\u00e9m osobn\u00edm blogu \u0159e\u0161\u00ed Jakl migra\u010dn\u00ed krizi, konkr\u00e9tn\u011b posledn\u00ed kroky OSN.<\/p>\n<p><!--more--><\/p>\n<p>Sv\u016fj text, pojmenovan\u00fd \u201ePakt o migraci: Nacismus 2.0\u201c, Jakl napsal jako kritiku chov\u00e1n\u00ed dne\u0161n\u00edch evropsk\u00fdch elit. Slovo \u201euprchl\u00edk\u201c je podle n\u011bj pou\u017e\u00edv\u00e1no jako jak\u00fdsi kryc\u00ed term\u00edn pro elitami \u0159\u00edzen\u00e9 novodob\u00e9 st\u011bhov\u00e1n\u00ed n\u00e1rod\u016f. Organizace spojen\u00fdch n\u00e1rod\u016f toti\u017e minul\u00fd t\u00fdden p\u0159edb\u011b\u017en\u011b schv\u00e1lila takzvan\u00fd \u201eGlob\u00e1ln\u00ed pakt OSN o migraci\u201c.<\/p>\n<p>\u201eL\u017e\u00ed, slou\u017e\u00edc\u00ed k citov\u00e9mu vyd\u00edr\u00e1n\u00ed a k n\u00e1lepkov\u00e1n\u00ed t\u011bch, kter\u00fdm se tato gigantick\u00e1 operace nel\u00edb\u00ed, coby lid\u00ed zl\u00fdch a bezcitn\u00fdch. O \u017e\u00e1dn\u00e9 uprchl\u00edky tady p\u0159ece nikdy ne\u0161lo. Nikdy ne\u0161lo o \u017eeny, d\u011bti a starce, kte\u0159\u00ed se s rane\u010dkem b\u011b\u017e\u00ed ukr\u00fdt do nejbli\u017e\u0161\u00ed bezpe\u010dn\u00e9 vesnice, kde p\u0159e\u010dkaj\u00ed to nejhor\u0161\u00ed a vr\u00e1t\u00ed se co nejd\u0159\u00edve do sv\u00fdch domov\u016f, kter\u00e9 mezit\u00edm zp\u011bt vybojuj\u00ed z\u016fstav\u0161\u00ed bojeschopn\u00ed mu\u017eov\u00e9,\u201c p\u00ed\u0161e Jakl.<\/p>\n<p>Podle n\u011bj \u0161lo od po\u010d\u00e1tku pouze o \u0161\u00edlen\u00fd soci\u00e1ln\u011bin\u017een\u00fdrsk\u00fd pl\u00e1n. Jeho c\u00edl? Nic men\u0161\u00edho, ne\u017e z\u00e1sadn\u011b a nevratn\u011b zm\u011bnit demografick\u00e9, kulturn\u00ed, n\u00e1bo\u017eensk\u00e9, politick\u00e9 a soci\u00e1ln\u00ed pom\u011bry v&nbsp;z\u00e1padn\u00ed civilizaci. \u201eD\u016fkazem je v p\u00e1tek p\u0159edb\u011b\u017en\u011b schv\u00e1len\u00fd Glob\u00e1ln\u00ed pakt OSN o migraci. Jeho c\u00edlem je \u201epodpora bezpe\u010dn\u00e9, \u0159\u00edzen\u00e9 a leg\u00e1ln\u00ed migrace a sn\u00ed\u017een\u00ed po\u010dtu p\u0159\u00edpad\u016f pa\u0161ov\u00e1n\u00ed lid\u00ed\u201c. A hol\u00e1 pravda je na sv\u011btle,\u201c m\u00edn\u00ed Jakl.<\/p>\n<p>Podle Jakla je v&nbsp;pl\u00e1nu vytvo\u0159it nov\u00e9ho \u010dlov\u011bka pod rou\u0161kou dobro\u010dinnosti. Dosa\u017eeno toho m\u00e1 b\u00fdt masov\u00fdm p\u0159esunem obyvatel z&nbsp;m\u00e9n\u011b rozvinut\u00fdch region\u016f. \u201eNejd\u016fle\u017eit\u011bj\u0161\u00ed jsou ale kl\u00ed\u010dov\u00e1 slova Glob\u00e1ln\u00edho paktu \u201epodpora\u201c, \u201e\u0159\u00edzen\u00e1\u201c a \u201eleg\u00e1ln\u00ed\u201c. Zde je maska dobro\u010dinnosti v\u016f\u010di \u00fadajn\u00fdm neboh\u00fdm uprchl\u00edk\u016fm definitivn\u011b odhozena a elity natvrdo p\u0159izn\u00e1vaj\u00ed, \u017ee hodlaj\u00ed otev\u0159en\u011b samy prov\u00e1d\u011bt, \u0159\u00eddit a podporovat masov\u00e9 d\u00e1lkov\u00e9 p\u0159esuny ileg\u00e1ln\u00edch p\u0159ist\u011bhovalc\u016f, a jejich p\u0159\u00edchod pak zlegalizovat. Nejde tedy o \u017e\u00e1dn\u00e9 nouzov\u00e9 \u0159e\u0161en\u00ed spont\u00e1nn\u011b vznikl\u00e9 \u201euprchlick\u00e9 krize\u201c, jde o c\u00edlev\u011bdom\u00fd pl\u00e1n, jak pomoc\u00ed um\u011ble vyvolan\u00e9 a \u0159\u00edzen\u011b prov\u00e1d\u011bn\u00e9 masov\u00e9 migrace vytvo\u0159it novou spole\u010dnost, nov\u00e9ho \u010dlov\u011bka,\u201c p\u00ed\u0161e doslova Jakl.<\/p>\n<p>Pot\u00e9 p\u0159ipom\u00edn\u00e1 historickou paralelu, kterou vid\u00ed v&nbsp;nacismu. Nacist\u00e9 se pomoc\u00ed eugeniky pokou\u0161eli o vytvo\u0159en\u00ed nov\u00e9, lep\u0161\u00ed rasy lid\u00ed.<\/p>\n<p>\u201eDne\u0161n\u00ed bruselsk\u00e9 a sv\u011btov\u00e9 elity prov\u00e1d\u011bj\u00ed tot\u00e9\u017e. \u017de to je p\u0159\u00edli\u0161 p\u0159\u00edkr\u00e9 srovn\u00e1n\u00ed? Nic se p\u0159ece neopakuje stejn\u011b. Ne\u017eijeme v prvn\u00ed polovin\u011b 20. stolet\u00ed. Proto lze opr\u00e1vn\u011bn\u011b \u0159\u00edci, \u017ee mocensky podporovan\u00e1 a \u0159\u00edzen\u00e1 masov\u00e1 migrace je eugenikou 21. stolet\u00ed. Eugenikou 2.0. Kdo proti n\u00ed protestuje, nen\u00ed zl\u00fd a bezcitn\u00fd, jen odm\u00edt\u00e1 novodob\u00e9 pokusy na lidech a n\u00e1rodech. Pokud si toto ve\u0159ejnost v jednotliv\u00fdch zem\u00edch neuv\u011bdom\u00ed, bude Glob\u00e1ln\u00ed pakt na ministersk\u00e9 sch\u016fzce letos v prosinci v marock\u00e9 Marr\u00e1ke\u0161i ofici\u00e1ln\u011b hladce p\u0159ijat. Je \u00fapln\u011b jedno, kdo tou dobou bude na\u0161\u00edm ministrem zahrani\u010d\u00ed. Ale nen\u00ed jedno, jestli tam tenhle eugenick\u00fd pakt podep\u00ed\u0161e,\u201c soud\u00ed Jakl a p\u0159ipom\u00edn\u00e1 p\u0159\u00edpad Marr\u00e1ke\u0161sk\u00e9 deklarace, na kter\u00e9 se skv\u00ed podpis tehdej\u0161\u00edho ministra vnitra a dne\u0161n\u00edho ministra obrany Lubom\u00edra Metnara (za ANO).<\/p>\n<p><a href=\"https:\/\/www.parlamentnilisty.cz\/arena\/monitor\/-Migrace-ma-vytvorit-novou-rasu-Dalsi-vystoupeni-Ladislava-Jakla-ktere-vzbudi-pozornost-545108\">Zdroj<\/a><\/p>\n","protected":false},"excerpt":{"rendered":"<p>Ladislav Jakl se v o\u010d\u00edch \u010desk\u00e9 ve\u0159ejnosti p\u0159ipomn\u011bl zejm\u00e9na ned\u00e1vn\u00fdm vystoupen\u00edm v \u010cesk\u00e9 televizi, kde se do n\u011bj op\u0159el profesor Igor Luke\u0161 z Boston University. Jakla kritizoval nejen za domn\u011blou absenci znalost\u00ed, ale tak\u00e9 za fyzick\u00fd vzhled. Zat\u00edmco v televizi se oba p\u00e1nov\u00e9 p\u0159eli o dosavadn\u00ed d\u00edlo prezidenta Donalda Trumpa, na sv\u00e9m osobn\u00edm blogu \u0159e\u0161\u00ed [&hellip;]<\/p>\n","protected":false},"author":1,"featured_media":0,"comment_status":"open","ping_status":"open","sticky":false,"template":"","format":"standard","meta":{"ngg_post_thumbnail":0,"footnotes":""},"categories":[11],"tags":[],"class_list":["post-8863","post","type-post","status-publish","format-standard","hentry","category-ozvena"],"_links":{"self":[{"href":"https:\/\/www.ladislavjakl.cz\/index.php?rest_route=\/wp\/v2\/posts\/8863","targetHints":{"allow":["GET"]}}],"collection":[{"href":"https:\/\/www.ladislavjakl.cz\/index.php?rest_route=\/wp\/v2\/posts"}],"about":[{"href":"https:\/\/www.ladislavjakl.cz\/index.php?rest_route=\/wp\/v2\/types\/post"}],"author":[{"embeddable":true,"href":"https:\/\/www.ladislavjakl.cz\/index.php?rest_route=\/wp\/v2\/users\/1"}],"replies":[{"embeddable":true,"href":"https:\/\/www.ladislavjakl.cz\/index.php?rest_route=%2Fwp%2Fv2%2Fcomments&post=8863"}],"version-history":[{"count":1,"href":"https:\/\/www.ladislavjakl.cz\/index.php?rest_route=\/wp\/v2\/posts\/8863\/revisions"}],"predecessor-version":[{"id":8864,"href":"https:\/\/www.ladislavjakl.cz\/index.php?rest_route=\/wp\/v2\/posts\/8863\/revisions\/8864"}],"wp:attachment":[{"href":"https:\/\/www.ladislavjakl.cz\/index.php?rest_route=%2Fwp%2Fv2%2Fmedia&parent=8863"}],"wp:term":[{"taxonomy":"category","embeddable":true,"href":"https:\/\/www.ladislavjakl.cz\/index.php?rest_route=%2Fwp%2Fv2%2Fcategories&post=8863"},{"taxonomy":"post_tag","embeddable":true,"href":"https:\/\/www.ladislavjakl.cz\/index.php?rest_route=%2Fwp%2Fv2%2Ftags&post=8863"}],"curies":[{"name":"wp","href":"https:\/\/api.w.org\/{rel}","templated":true}]}}