{"id":8865,"date":"2018-08-06T10:17:00","date_gmt":"2018-08-06T08:17:00","guid":{"rendered":"http:\/\/www.ladislavjakl.cz\/?p=8865"},"modified":"2018-08-06T10:17:00","modified_gmt":"2018-08-06T08:17:00","slug":"do-senatu-chteji-prezidentsti-kandidati-slavny-hokejista-i-expremier","status":"publish","type":"post","link":"https:\/\/www.ladislavjakl.cz\/?p=8865","title":{"rendered":"Do Sen\u00e1tu cht\u011bj\u00ed prezident\u0161t\u00ed kandid\u00e1ti, slavn\u00fd hokejista i expremi\u00e9r"},"content":{"rendered":"<p>Proti Milo\u0161i Zemanovi jim to v prezidentsk\u00e9 volb\u011b nevy\u0161lo, zkus\u00ed se tak dostat alespo\u0148 do Sen\u00e1tu. \u0158e\u010d je o Ji\u0159\u00edm Draho\u0161ovi, Marku Hil\u0161erovi, Pavlu Fischerovi a Ji\u0159\u00edm Hynkovi. Sen\u00e1tn\u00ed volby p\u0159it\u00e1hly i expremi\u00e9ra Ji\u0159\u00edho Paroubka, exministra zdravotnictv\u00ed Davida Ratha, exprezidentova spolupracovn\u00edka Ladislava Jakla \u010di hokejovou legendu Vladim\u00edra Martince.<\/p>\n<p><!--more--><\/p>\n<p>B\u00fdval\u00e9ho hokejov\u00e9ho reprezentanta, kter\u00fd se utk\u00e1 o k\u0159eslo v horn\u00ed komo\u0159e parlamentu na Chrudimsku, \u010dek\u00e1 souboj s lidoveck\u00fdm exministrem kultury Danielem Hermanem \u010di tren\u00e9rem rychlobrusla\u0159ky Martiny S\u00e1bl\u00edkov\u00e9 Petrem Nov\u00e1kem. Nov\u00e1ka nominovalo ANO, Martince SNK ED. V tomto volebn\u00edm obvodu to zkou\u0161\u00ed i prezidentsk\u00fd kandid\u00e1t Ji\u0159\u00ed Hynek, jeho\u017e nominovali Realist\u00e9.<\/p>\n<h3 id=\"--drahos-se-utka-se-sykovou,-hilser-take-s-jaklem\" class=\"tit\">Draho\u0161 se utk\u00e1 se Sykovou, Hil\u0161er tak\u00e9 s Jaklem&nbsp;<\/h3>\n<p>Nejv\u011bt\u0161\u00edho Zemanova soupe\u0159e p\u0159i prezidentsk\u00e9 volb\u011b Ji\u0159\u00edho Draho\u0161e \u010dek\u00e1 na Praze 4 pikantn\u00ed souboj se sou\u010dasnou sen\u00e1torkou Evou Sykovou, kter\u00e1 byla minule zvolena za \u010cSSD, ale letos zkus\u00ed&nbsp;\u0161t\u011bst\u00ed&nbsp;za hnut\u00ed ANO.<\/p>\n<p>Draho\u0161 a Sykov\u00e1 se u\u017e toti\u017e v minulosti utkali o post \u0161\u00e9fa Akademie v\u011bd a kdy\u017e usp\u011bl Draho\u0161, navrhl jej\u00ed odvol\u00e1n\u00ed z \u010dela \u00dastavu experiment\u00e1ln\u00ed medic\u00edny, D\u016fvodem bylo podez\u0159en\u00ed, \u017ee jej\u00ed t\u00fdm bral od n\u011bkter\u00fdch pacient\u016f p\u0159i l\u00e9\u010db\u011b amyotrofick\u00e9 later\u00e1ln\u00ed skler\u00f3zy (ALS) pen\u00edze, a\u010dkoli v klinick\u00fdch&nbsp;studi\u00edch&nbsp;maj\u00ed m\u00edt l\u00e9ky zadarmo. Sykov\u00e1 pak rezignovala. S Draho\u0161em m\u00e1 ale \u201enevy\u0159\u00edzen\u00e9 \u00fa\u010dty\u201c.<\/p>\n<p>Druh\u00fd ne\u00fasp\u011b\u0161n\u00fd prezidentsk\u00fd kandid\u00e1t Marek Hil\u0161er nejprve koketoval s mo\u017enou podporou od Pir\u00e1t\u016f, ale ti cht\u011bj\u00ed v sen\u00e1tn\u00edm k\u0159esle na Praze 2 udr\u017eet Libora Mich\u00e1lka. V nabit\u00e9m volebn\u00edm obvod\u011b ODS pos\u00edl\u00e1 do boje herce Vladim\u00edra Kratinu a \u0161t\u011bst\u00ed zde zkus\u00ed i Ladislav Jakl, spolupracovn\u00edk exprezidenta V\u00e1clava Klause, kter\u00fd kandiduje za SPD Tomia Okamury.<\/p>\n<p>A \u010dtvrt\u00fd z leto\u0161n\u00edch uchaze\u010d\u016f o Hrad Pavel Fischer se pokus\u00ed do Sen\u00e1tu dostat tak\u00e9 v Praze, pro zm\u011bnu v Praze 12. Mezi jeho soupe\u0159i jsou exministr financ\u00ed Ivan Piln\u00fd za ANO, b\u00fdval\u00e1 \u0159editelka \u010cesk\u00e9 inspekce \u017eivotn\u00edho prost\u0159ed\u00ed Eva Tylov\u00e1 (nyn\u00ed m\u00edstn\u00ed zastupitelka, kterou podpo\u0159\u00ed Pir\u00e1ti), exposlankyn\u011b Marta Semelov\u00e1 z utraortodoxn\u00edho k\u0159\u00eddla KS\u010cM a za Okamurovo hnut\u00ed SPD b\u00fdval\u00fd ministr zdravotnictv\u00ed ve vl\u00e1d\u011b Milo\u0161e Zemana a ex\u0161\u00e9f Psychiatrick\u00e9 l\u00e9\u010debny Bohnice Ivan David.<\/p>\n<h3 id=\"--paroubek-zkusi-stesti-v-ostrave,-rath-na-severu-cech\" class=\"tit\">Paroubek zkus\u00ed \u0161t\u011bst\u00ed v Ostrav\u011b, Rath na severu \u010cech<\/h3>\n<p>Do horn\u00ed komory parlamentu se zkus\u00ed dostat i b\u00fdval\u00ed minist\u0159i vl\u00e1d \u010cSSD. Expremi\u00e9r Ji\u0159\u00ed Paroubek, p\u0159esto\u017ee nedostal ofici\u00e1ln\u00ed nominaci strany, kterou vedl, bude kandidovat v Ostrav\u011b proti sou\u010dasn\u00e9mu sen\u00e1torovi za hnut\u00ed Ostravak a horolezci Leopoldu Sulovsk\u00e9mu a tak\u00e9 t\u0159eba proti l\u00e9ka\u0159ce Zde\u0148ce Crkvenja\u0161, man\u017eelce exministra zdravotnictv\u00ed Svatopluka N\u011bme\u010dka z \u010cSSD, kter\u00e1 ov\u0161em kandiduje s podporou ODS a TOP 09.<\/p>\n<p>Exministr zdravotnictv\u00ed David&nbsp;Rath, kter\u00fd byl ned\u00e1vno nepravomocn\u011b odsouzen na 8,5 roku za korupci, ohl\u00e1sil kandidaturu do Sen\u00e1tu na Litom\u011b\u0159icku, kde sed\u011bl ve vazebn\u00ed v\u011bznici.&nbsp;Nominovala ho \u010cesk\u00e1 suverenita.&nbsp; Jeho soupe\u0159em bude nap\u0159\u00edklad dlouholet\u00fd starosta Litom\u011b\u0159ic Ladislav Chlup\u00e1\u010d, kter\u00fd je kandid\u00e1tem ODS, ale hlavn\u011b to, \u017ee v\u0161ichni voli\u010di budou v\u011bd\u011bt, \u017ee Rath by zvolen\u00edm z\u00edskal imunitu a Sen\u00e1t by musel rozhodovat o jeho vyd\u00e1n\u00ed k trestn\u00edmu st\u00edh\u00e1n\u00ed.<\/p>\n<p>Hodn\u011b sledovan\u00fd bude i sen\u00e1tn\u00ed obvod N\u00e1chod, kde zkus\u00ed p\u0159esko\u010dit do horn\u00ed komory parlamentu p\u0159edseda KDU-\u010cSL Pavel B\u011blobr\u00e1dek. Jeho soupe\u0159i budou i b\u00fdval\u00fd policejn\u00ed prezident a sou\u010dasn\u00fd prvn\u00ed n\u00e1m\u011bstek hejtmana Hradeck\u00e9ho kraje Martin \u010cerv\u00ed\u010dek, jeho\u017e nominovala ODS. Za \u010cSSD v N\u00e1chod\u011b kandiduje m\u00edstostarosta Miroslav Br\u00e1t a za komunisty b\u00fdval\u00e1 poslankyn\u011b So\u0148a Markov\u00e1.<\/p>\n<p>Lidoveck\u00e9mu sen\u00e1torovi Ji\u0159\u00edmu \u010cunkovi, jen\u017e se vlo\u017eil do kauzy H-System a v pond\u011bl\u00ed byl se&nbsp;z\u00e1stupci&nbsp;bytov\u00e9ho dru\u017estva Svatopluk na jedn\u00e1n\u00ed s premi\u00e9rem Andrejem Babi\u0161em, se na Vset\u00ednsku&nbsp;postav\u00ed t\u0159eba b\u00fdval\u00fd \u00fasp\u011b\u0161n\u00fd dostihov\u00fd tren\u00e9r Radek Vraj za SPD.<\/p>\n<p><a href=\"https:\/\/zpravy.idnes.cz\/senat-kandidati-volby-drahos-hilser-fischer-hynek-prezidetska-volba-1gy-\/domaci.aspx?c=A180731_144602_domaci_kop\">Zdroj<\/a><\/p>\n","protected":false},"excerpt":{"rendered":"<p>Proti Milo\u0161i Zemanovi jim to v prezidentsk\u00e9 volb\u011b nevy\u0161lo, zkus\u00ed se tak dostat alespo\u0148 do Sen\u00e1tu. \u0158e\u010d je o Ji\u0159\u00edm Draho\u0161ovi, Marku Hil\u0161erovi, Pavlu Fischerovi a Ji\u0159\u00edm Hynkovi. Sen\u00e1tn\u00ed volby p\u0159it\u00e1hly i expremi\u00e9ra Ji\u0159\u00edho Paroubka, exministra zdravotnictv\u00ed Davida Ratha, exprezidentova spolupracovn\u00edka Ladislava Jakla \u010di hokejovou legendu Vladim\u00edra Martince.<\/p>\n","protected":false},"author":1,"featured_media":0,"comment_status":"open","ping_status":"open","sticky":false,"template":"","format":"standard","meta":{"ngg_post_thumbnail":0,"footnotes":""},"categories":[11],"tags":[],"class_list":["post-8865","post","type-post","status-publish","format-standard","hentry","category-ozvena"],"_links":{"self":[{"href":"https:\/\/www.ladislavjakl.cz\/index.php?rest_route=\/wp\/v2\/posts\/8865","targetHints":{"allow":["GET"]}}],"collection":[{"href":"https:\/\/www.ladislavjakl.cz\/index.php?rest_route=\/wp\/v2\/posts"}],"about":[{"href":"https:\/\/www.ladislavjakl.cz\/index.php?rest_route=\/wp\/v2\/types\/post"}],"author":[{"embeddable":true,"href":"https:\/\/www.ladislavjakl.cz\/index.php?rest_route=\/wp\/v2\/users\/1"}],"replies":[{"embeddable":true,"href":"https:\/\/www.ladislavjakl.cz\/index.php?rest_route=%2Fwp%2Fv2%2Fcomments&post=8865"}],"version-history":[{"count":1,"href":"https:\/\/www.ladislavjakl.cz\/index.php?rest_route=\/wp\/v2\/posts\/8865\/revisions"}],"predecessor-version":[{"id":8866,"href":"https:\/\/www.ladislavjakl.cz\/index.php?rest_route=\/wp\/v2\/posts\/8865\/revisions\/8866"}],"wp:attachment":[{"href":"https:\/\/www.ladislavjakl.cz\/index.php?rest_route=%2Fwp%2Fv2%2Fmedia&parent=8865"}],"wp:term":[{"taxonomy":"category","embeddable":true,"href":"https:\/\/www.ladislavjakl.cz\/index.php?rest_route=%2Fwp%2Fv2%2Fcategories&post=8865"},{"taxonomy":"post_tag","embeddable":true,"href":"https:\/\/www.ladislavjakl.cz\/index.php?rest_route=%2Fwp%2Fv2%2Ftags&post=8865"}],"curies":[{"name":"wp","href":"https:\/\/api.w.org\/{rel}","templated":true}]}}