{"id":8867,"date":"2018-08-07T08:43:48","date_gmt":"2018-08-07T06:43:48","guid":{"rendered":"http:\/\/www.ladislavjakl.cz\/?p=8867"},"modified":"2018-08-07T08:43:48","modified_gmt":"2018-08-07T06:43:48","slug":"ladislav-jakl-oznamil-kandidaturu-do-senatu","status":"publish","type":"post","link":"https:\/\/www.ladislavjakl.cz\/?p=8867","title":{"rendered":"Ladislav Jakl ozn\u00e1mil kandidaturu do Sen\u00e1tu"},"content":{"rendered":"<p>Ladislav Jakl bude v nadch\u00e1zej\u00edc\u00edch sen\u00e1tn\u00edch volb\u00e1ch kandidovat ve volebn\u00edm obvod\u011b \u010d. 26 (Praha 2). Navrhovatelem je SPD. Podporu p\u0159isl\u00edbila i Akce D. O. S. T. a Strana svobodn\u00fdch ob\u010dan\u016f, k jejich\u017e programu se L. Jakl nad\u00e1le hl\u00e1s\u00ed, informuje na facebooku Milan Kabrna, mana\u017eer Ladislava Jakla.<\/p>\n<p><!--more--><\/p>\n<p>\u201eNab\u00eddku SPD p\u0159ijal L. Jakl zejm\u00e9na proto, \u017ee tato strana je na \u010desk\u00e9 politick\u00e9 sc\u00e9n\u011b nejd\u016fsledn\u011bj\u0161\u00edm kritikem Evropskou uni\u00ed organizovan\u00e9 masov\u00e9 imigrace a bruselsk\u00e9ho centralismu,\u201c p\u00ed\u0161e se v ozn\u00e1men\u00ed kandidatury.<\/p>\n<p>Prohl\u00e1\u0161en\u00ed kon\u010d\u00ed Milan Kabrna slovy: \u201eL. Jakl hodl\u00e1 i nad\u00e1le h\u00e1jit svobodu jednotlivce proti rozp\u00ednav\u00e9mu st\u00e1tu, proti \u0161ikan\u011b lid\u00ed st\u00e1le nov\u00fdmi z\u00e1kazy a p\u0159\u00edkazy a proti soci\u00e1ln\u00edmu in\u017een\u00fdrstv\u00ed v\u0161eho druhu.\u201c<\/p>\n<p><a href=\"http:\/\/www.vlasteneckenoviny.cz\/?p=204071\">Zdroj<\/a><\/p>\n","protected":false},"excerpt":{"rendered":"<p>Ladislav Jakl bude v nadch\u00e1zej\u00edc\u00edch sen\u00e1tn\u00edch volb\u00e1ch kandidovat ve volebn\u00edm obvod\u011b \u010d. 26 (Praha 2). Navrhovatelem je SPD. Podporu p\u0159isl\u00edbila i Akce D. O. S. T. a Strana svobodn\u00fdch ob\u010dan\u016f, k jejich\u017e programu se L. Jakl nad\u00e1le hl\u00e1s\u00ed, informuje na facebooku Milan Kabrna, mana\u017eer Ladislava Jakla.<\/p>\n","protected":false},"author":1,"featured_media":0,"comment_status":"open","ping_status":"open","sticky":false,"template":"","format":"standard","meta":{"ngg_post_thumbnail":0,"footnotes":""},"categories":[11],"tags":[],"class_list":["post-8867","post","type-post","status-publish","format-standard","hentry","category-ozvena"],"_links":{"self":[{"href":"https:\/\/www.ladislavjakl.cz\/index.php?rest_route=\/wp\/v2\/posts\/8867","targetHints":{"allow":["GET"]}}],"collection":[{"href":"https:\/\/www.ladislavjakl.cz\/index.php?rest_route=\/wp\/v2\/posts"}],"about":[{"href":"https:\/\/www.ladislavjakl.cz\/index.php?rest_route=\/wp\/v2\/types\/post"}],"author":[{"embeddable":true,"href":"https:\/\/www.ladislavjakl.cz\/index.php?rest_route=\/wp\/v2\/users\/1"}],"replies":[{"embeddable":true,"href":"https:\/\/www.ladislavjakl.cz\/index.php?rest_route=%2Fwp%2Fv2%2Fcomments&post=8867"}],"version-history":[{"count":1,"href":"https:\/\/www.ladislavjakl.cz\/index.php?rest_route=\/wp\/v2\/posts\/8867\/revisions"}],"predecessor-version":[{"id":8868,"href":"https:\/\/www.ladislavjakl.cz\/index.php?rest_route=\/wp\/v2\/posts\/8867\/revisions\/8868"}],"wp:attachment":[{"href":"https:\/\/www.ladislavjakl.cz\/index.php?rest_route=%2Fwp%2Fv2%2Fmedia&parent=8867"}],"wp:term":[{"taxonomy":"category","embeddable":true,"href":"https:\/\/www.ladislavjakl.cz\/index.php?rest_route=%2Fwp%2Fv2%2Fcategories&post=8867"},{"taxonomy":"post_tag","embeddable":true,"href":"https:\/\/www.ladislavjakl.cz\/index.php?rest_route=%2Fwp%2Fv2%2Ftags&post=8867"}],"curies":[{"name":"wp","href":"https:\/\/api.w.org\/{rel}","templated":true}]}}