{"id":8871,"date":"2018-08-07T08:47:40","date_gmt":"2018-08-07T06:47:40","guid":{"rendered":"http:\/\/www.ladislavjakl.cz\/?p=8871"},"modified":"2018-08-07T08:47:40","modified_gmt":"2018-08-07T06:47:40","slug":"za-spd-chce-do-senatu-klausuv-byvaly-poradce-jakl-kandidovat-bude-i-exministr-zdravotnictvi-david","status":"publish","type":"post","link":"https:\/\/www.ladislavjakl.cz\/?p=8871","title":{"rendered":"Za SPD chce do Sen\u00e1tu Klaus\u016fv b\u00fdval\u00fd poradce Jakl. Kandidovat bude i exministr zdravotnictv\u00ed David"},"content":{"rendered":"<p>Hnut\u00ed Svoboda a p\u0159\u00edm\u00e1 demokracie (SPD) podalo kandid\u00e1tky ve 209 obc\u00edch a m\u011bstech. Hnut\u00ed Tomia Okamury bude na podzim kandidovat tak\u00e9 ve v\u0161ech 27 sen\u00e1tn\u00edch obvodech. V Praze 2 nasad\u00ed n\u011bkdej\u0161\u00edho \u0159editele politick\u00e9ho odboru kancel\u00e1\u0159e prezidenta V\u00e1clava Klause Ladislava Jakla, v obvodu Praha 12 bude usilovat o hlasy b\u00fdval\u00fd ministr zdravotnictv\u00ed z vl\u00e1dy Milo\u0161e Zemana Ivan David. SPD o tom v \u00fater\u00fd informovala v tiskov\u00e9 zpr\u00e1v\u011b.<\/p>\n<p><!--more--><\/p>\n<p>SPD loni z\u00edskala 22 mand\u00e1t\u016f ve sn\u011bmovn\u011b, v Sen\u00e1tu zat\u00edm zastoupen\u00ed nem\u00e1.<\/p>\n<p>\u201eJak\u00fdkoliv zvolen\u00fd sen\u00e1tor za hnut\u00ed SPD bude \u00fasp\u011bchem pro prosazov\u00e1n\u00ed na\u0161eho politick\u00e9ho programu i v Sen\u00e1tu. Na\u0161e p\u0159\u00edtomnost v Sen\u00e1tu je v sou\u010dasn\u00e9 dob\u011b nutn\u00e1 pro prosazen\u00ed na\u0161eho politick\u00e9ho programu jako je z\u00e1kon o referendu \u010di p\u0159\u00edm\u00e1 volba a odvolatelnost politik\u016f,\u201c&nbsp;<a href=\"https:\/\/www.spd.cz\/novinky\/3280-komunalni-a-senatni-volby-2018\" target=\"_blank\" rel=\"noopener noreferrer\">uvedla strana<\/a>&nbsp;v tiskov\u00e9 zpr\u00e1v\u011b.<\/p>\n<h2>Beran l\u00eddrem v Praze<\/h2>\n<p>Hnut\u00ed bude v komun\u00e1ln\u00edch volb\u00e1ch kandidovat ve v\u0161ech krajsk\u00fdch m\u011bstech v\u010detn\u011b Prahy a ve v\u011bt\u0161in\u011b b\u00fdval\u00fdch okresn\u00edch a statut\u00e1rn\u00edch m\u011bst.<\/p>\n<p>L\u00eddrem kandid\u00e1tky v hlavn\u00edm m\u011bst\u011b je akademik Hynek Beran, v Brn\u011b vedouc\u00ed katedry dopravy na B\u00e1\u0148sk\u00e9 univerzit\u011b Ivan Fencl, v Ostrav\u011b pak odborn\u00edk na ochranu \u017eivotn\u00edho prost\u0159ed\u00ed V\u00e1clav Kub\u00edn, uvedla SPD.<\/p>\n<p>Kandid\u00e1ti SPD do Sen\u00e1tu:<\/p>\n<div class=\"embed \">\n<table class=\"tg\" style=\"height: 930px;\" width=\"412\">\n<tbody>\n<tr>\n<td class=\"tg-yw4l\">Sokolov<\/td>\n<td class=\"tg-yw4l\">Petr Nimrichter<\/td>\n<\/tr>\n<tr>\n<td class=\"tg-yw4l\">Chomutov<\/td>\n<td class=\"tg-yw4l\">Elv\u00edra Hahnov\u00e1<\/td>\n<\/tr>\n<tr>\n<td class=\"tg-yw4l\">Rokycany<\/td>\n<td class=\"tg-yw4l\">David Redl<\/td>\n<\/tr>\n<tr>\n<td class=\"tg-yw4l\">Doma\u017elice<\/td>\n<td class=\"tg-yw4l\">Milan Obdr\u017e\u00e1lek<\/td>\n<\/tr>\n<tr>\n<td class=\"tg-yw4l\">\u010cesk\u00e9 Bud\u011bjovice<\/td>\n<td class=\"tg-yw4l\">Lubom\u00edr P\u00e1na<\/td>\n<\/tr>\n<tr>\n<td class=\"tg-yw4l\">Praha 12<\/td>\n<td class=\"tg-yw4l\">Ivan David<\/td>\n<\/tr>\n<tr>\n<td class=\"tg-yw4l\">Praha 4<\/td>\n<td class=\"tg-yw4l\">Ji\u0159\u00ed Kocman<\/td>\n<\/tr>\n<tr>\n<td class=\"tg-yw4l\">Praha 8<\/td>\n<td class=\"tg-yw4l\">Lud\u011bk Kula<\/td>\n<\/tr>\n<tr>\n<td class=\"tg-yw4l\">Praha 2<\/td>\n<td class=\"tg-yw4l\">Ladislav Jakl<\/td>\n<\/tr>\n<tr>\n<td class=\"tg-yw4l\">Litom\u011b\u0159ice<\/td>\n<td class=\"tg-yw4l\">Franti\u0161ek Novotn\u00fd<\/td>\n<\/tr>\n<tr>\n<td class=\"tg-yw4l\">Teplice<\/td>\n<td class=\"tg-yw4l\">Jan Zahradn\u00ed\u010dek<\/td>\n<\/tr>\n<tr>\n<td class=\"tg-yw4l\">Jablonec nad Nisou<\/td>\n<td class=\"tg-yw4l\">Micha\u016f \u0160varc<\/td>\n<\/tr>\n<tr>\n<td class=\"tg-yw4l\">Mlad\u00e1 Boleslav<\/td>\n<td class=\"tg-yw4l\">Josef Nos<\/td>\n<\/tr>\n<tr>\n<td class=\"tg-yw4l\">Bene\u0161ov<\/td>\n<td class=\"tg-yw4l\">Miroslav K\u0159e\u010dek<\/td>\n<\/tr>\n<tr>\n<td class=\"tg-yw4l\">Chrudim<\/td>\n<td class=\"tg-yw4l\">Hynek Bla\u0161ko<\/td>\n<\/tr>\n<tr>\n<td class=\"tg-yw4l\">N\u00e1chod<\/td>\n<td class=\"tg-yw4l\">Andrea Pajgerov\u00e1<\/td>\n<\/tr>\n<tr>\n<td class=\"tg-yw4l\">Svitavy<\/td>\n<td class=\"tg-yw4l\">Josef Krp\u00e1lek<\/td>\n<\/tr>\n<tr>\n<td class=\"tg-yw4l\">T\u0159eb\u00ed\u010d<\/td>\n<td class=\"tg-yw4l\">Petr Paul<\/td>\n<\/tr>\n<tr>\n<td class=\"tg-yw4l\">B\u0159eclav<\/td>\n<td class=\"tg-yw4l\">Richard Nov\u00e1k<\/td>\n<\/tr>\n<tr>\n<td class=\"tg-yw4l\">Brno-m\u011bsto<\/td>\n<td class=\"tg-yw4l\">Karel Schmeidler<\/td>\n<\/tr>\n<tr>\n<td class=\"tg-yw4l\">Prost\u011bjov<\/td>\n<td class=\"tg-yw4l\">Pavel Dopita<\/td>\n<\/tr>\n<tr>\n<td class=\"tg-yw4l\">\u0160umperk<\/td>\n<td class=\"tg-yw4l\">Tom\u00e1\u0161 Hauzner<\/td>\n<\/tr>\n<tr>\n<td class=\"tg-yw4l\">Opava<\/td>\n<td class=\"tg-yw4l\">Kamil B\u011brsk\u00fd<\/td>\n<\/tr>\n<tr>\n<td class=\"tg-yw4l\">Ostrava-m\u011bsto<\/td>\n<td class=\"tg-yw4l\">Pynelopi Valsamisov\u00e1<\/td>\n<\/tr>\n<tr>\n<td class=\"tg-yw4l\">Karvin\u00e1<\/td>\n<td class=\"tg-yw4l\">Bohdan Kufa<\/td>\n<\/tr>\n<tr>\n<td class=\"tg-yw4l\">Vset\u00edn<\/td>\n<td class=\"tg-yw4l\">Radek Vraj<\/td>\n<\/tr>\n<tr>\n<td class=\"tg-yw4l\">Zl\u00edn<\/td>\n<td class=\"tg-yw4l\">Radek Henner<\/td>\n<\/tr>\n<\/tbody>\n<\/table>\n<\/div>\n<p><a href=\"https:\/\/www.irozhlas.cz\/zpravy-domov\/spd-senat-ladislav-jakl-ivan-david-volby_1807311642_dbr\">Zdroj<\/a><\/p>\n","protected":false},"excerpt":{"rendered":"<p>Hnut\u00ed Svoboda a p\u0159\u00edm\u00e1 demokracie (SPD) podalo kandid\u00e1tky ve 209 obc\u00edch a m\u011bstech. Hnut\u00ed Tomia Okamury bude na podzim kandidovat tak\u00e9 ve v\u0161ech 27 sen\u00e1tn\u00edch obvodech. V Praze 2 nasad\u00ed n\u011bkdej\u0161\u00edho \u0159editele politick\u00e9ho odboru kancel\u00e1\u0159e prezidenta V\u00e1clava Klause Ladislava Jakla, v obvodu Praha 12 bude usilovat o hlasy b\u00fdval\u00fd ministr zdravotnictv\u00ed z vl\u00e1dy Milo\u0161e Zemana [&hellip;]<\/p>\n","protected":false},"author":1,"featured_media":0,"comment_status":"open","ping_status":"open","sticky":false,"template":"","format":"standard","meta":{"ngg_post_thumbnail":0,"footnotes":""},"categories":[11],"tags":[],"class_list":["post-8871","post","type-post","status-publish","format-standard","hentry","category-ozvena"],"_links":{"self":[{"href":"https:\/\/www.ladislavjakl.cz\/index.php?rest_route=\/wp\/v2\/posts\/8871","targetHints":{"allow":["GET"]}}],"collection":[{"href":"https:\/\/www.ladislavjakl.cz\/index.php?rest_route=\/wp\/v2\/posts"}],"about":[{"href":"https:\/\/www.ladislavjakl.cz\/index.php?rest_route=\/wp\/v2\/types\/post"}],"author":[{"embeddable":true,"href":"https:\/\/www.ladislavjakl.cz\/index.php?rest_route=\/wp\/v2\/users\/1"}],"replies":[{"embeddable":true,"href":"https:\/\/www.ladislavjakl.cz\/index.php?rest_route=%2Fwp%2Fv2%2Fcomments&post=8871"}],"version-history":[{"count":1,"href":"https:\/\/www.ladislavjakl.cz\/index.php?rest_route=\/wp\/v2\/posts\/8871\/revisions"}],"predecessor-version":[{"id":8872,"href":"https:\/\/www.ladislavjakl.cz\/index.php?rest_route=\/wp\/v2\/posts\/8871\/revisions\/8872"}],"wp:attachment":[{"href":"https:\/\/www.ladislavjakl.cz\/index.php?rest_route=%2Fwp%2Fv2%2Fmedia&parent=8871"}],"wp:term":[{"taxonomy":"category","embeddable":true,"href":"https:\/\/www.ladislavjakl.cz\/index.php?rest_route=%2Fwp%2Fv2%2Fcategories&post=8871"},{"taxonomy":"post_tag","embeddable":true,"href":"https:\/\/www.ladislavjakl.cz\/index.php?rest_route=%2Fwp%2Fv2%2Ftags&post=8871"}],"curies":[{"name":"wp","href":"https:\/\/api.w.org\/{rel}","templated":true}]}}