{"id":8875,"date":"2018-08-07T08:49:47","date_gmt":"2018-08-07T06:49:47","guid":{"rendered":"http:\/\/www.ladislavjakl.cz\/?p=8875"},"modified":"2018-08-07T08:49:47","modified_gmt":"2018-08-07T06:49:47","slug":"spd-ziskala-klausova-muze-do-senatu-chce-dostat-jakla","status":"publish","type":"post","link":"https:\/\/www.ladislavjakl.cz\/?p=8875","title":{"rendered":"SPD z\u00edskala Klausova mu\u017ee: Do Sen\u00e1tu chce dostat Jakla"},"content":{"rendered":"<p>Spolupracoval s exprezidentem V\u00e1clavem Klausem (77), te\u010f chce do Sen\u00e1tu. N\u011bkdej\u0161\u00ed \u0161\u00e9f politick\u00e9ho odboru kancel\u00e1\u0159e prezidenta Ladislav Jakl se chce probojovat do horn\u00ed komory.<\/p>\n<p><!--more--><\/p>\n<p>Podporu na\u0161el u hnut\u00ed SPD&nbsp;<a class=\"celebrity celebwiki\" href=\"https:\/\/celebwiki.blesk.cz\/osobnost\/2366\/tomio-okamura\/\" target=\"_blank\" rel=\"noopener\">Tomia Okamury<\/a>&nbsp;(46), kter\u00e9 ho vy\u0161le do boje v Praze 2. Ve dvan\u00e1ct\u00e9m obvodu hlavn\u00edho m\u011bsta se pak bude o sen\u00e1torsk\u00e9 k\u0159eslo uch\u00e1zet exministr zdravotnictv\u00ed Ivan David (65), kter\u00fd byl sou\u010d\u00e1st\u00ed Zemanovy vl\u00e1dy. V\u010dera byl posledn\u00ed den, kdy se mohli uchaze\u010di p\u0159ihl\u00e1sit do \u0159\u00edjnov\u00fdch voleb. U\u017e d\u0159\u00edve svoji kandidaturu ozn\u00e1mil nepravomocn\u011b odsouzen\u00fd exministr zdravotnictv\u00ed&nbsp;<a class=\"celebrity celebwiki\" href=\"https:\/\/celebwiki.blesk.cz\/osobnost\/2318\/david-rath\/\" target=\"_blank\" rel=\"noopener\">David Rath<\/a>&nbsp;(52), ne\u00fasp\u011b\u0161n\u00ed prezident\u0161t\u00ed kandid\u00e1ti Marek&nbsp;<a class=\"celebrity celebwiki\" href=\"https:\/\/celebwiki.blesk.cz\/osobnost\/5017\/marek-hilser\/\" target=\"_blank\" rel=\"noopener\">Hil\u0161er<\/a>&nbsp;(42) a&nbsp;<a class=\"celebrity celebwiki\" href=\"https:\/\/celebwiki.blesk.cz\/osobnost\/5020\/jiri-drahos-fyzikalni-chemik\/\" target=\"_blank\" rel=\"noopener\">Ji\u0159\u00ed Draho\u0161<\/a>&nbsp;(69) nebo expremi\u00e9r&nbsp;<a class=\"celebrity celebwiki\" href=\"https:\/\/celebwiki.blesk.cz\/osobnost\/1943\/jiri-paroubek\/\" target=\"_blank\" rel=\"noopener\">Ji\u0159\u00ed Paroubek<\/a>&nbsp;(65).<\/p>\n<p><a href=\"https:\/\/www.ahaonline.cz\/clanek\/musite-vedet\/150042\/spd-ziskala-klausova-muze-do-senatu-chce-dostat-jakla.html\">Zdroj<\/a><\/p>\n","protected":false},"excerpt":{"rendered":"<p>Spolupracoval s exprezidentem V\u00e1clavem Klausem (77), te\u010f chce do Sen\u00e1tu. N\u011bkdej\u0161\u00ed \u0161\u00e9f politick\u00e9ho odboru kancel\u00e1\u0159e prezidenta Ladislav Jakl se chce probojovat do horn\u00ed komory.<\/p>\n","protected":false},"author":1,"featured_media":0,"comment_status":"open","ping_status":"open","sticky":false,"template":"","format":"standard","meta":{"ngg_post_thumbnail":0,"footnotes":""},"categories":[11],"tags":[],"class_list":["post-8875","post","type-post","status-publish","format-standard","hentry","category-ozvena"],"_links":{"self":[{"href":"https:\/\/www.ladislavjakl.cz\/index.php?rest_route=\/wp\/v2\/posts\/8875","targetHints":{"allow":["GET"]}}],"collection":[{"href":"https:\/\/www.ladislavjakl.cz\/index.php?rest_route=\/wp\/v2\/posts"}],"about":[{"href":"https:\/\/www.ladislavjakl.cz\/index.php?rest_route=\/wp\/v2\/types\/post"}],"author":[{"embeddable":true,"href":"https:\/\/www.ladislavjakl.cz\/index.php?rest_route=\/wp\/v2\/users\/1"}],"replies":[{"embeddable":true,"href":"https:\/\/www.ladislavjakl.cz\/index.php?rest_route=%2Fwp%2Fv2%2Fcomments&post=8875"}],"version-history":[{"count":1,"href":"https:\/\/www.ladislavjakl.cz\/index.php?rest_route=\/wp\/v2\/posts\/8875\/revisions"}],"predecessor-version":[{"id":8876,"href":"https:\/\/www.ladislavjakl.cz\/index.php?rest_route=\/wp\/v2\/posts\/8875\/revisions\/8876"}],"wp:attachment":[{"href":"https:\/\/www.ladislavjakl.cz\/index.php?rest_route=%2Fwp%2Fv2%2Fmedia&parent=8875"}],"wp:term":[{"taxonomy":"category","embeddable":true,"href":"https:\/\/www.ladislavjakl.cz\/index.php?rest_route=%2Fwp%2Fv2%2Fcategories&post=8875"},{"taxonomy":"post_tag","embeddable":true,"href":"https:\/\/www.ladislavjakl.cz\/index.php?rest_route=%2Fwp%2Fv2%2Ftags&post=8875"}],"curies":[{"name":"wp","href":"https:\/\/api.w.org\/{rel}","templated":true}]}}