{"id":8877,"date":"2018-08-07T08:51:42","date_gmt":"2018-08-07T06:51:42","guid":{"rendered":"http:\/\/www.ladislavjakl.cz\/?p=8877"},"modified":"2018-08-07T08:51:42","modified_gmt":"2018-08-07T06:51:42","slug":"do-senatu-chteji-i-tri-neuspesni-uchazeci-o-post-prezidenta-praha-eviduje-41-kandidatu","status":"publish","type":"post","link":"https:\/\/www.ladislavjakl.cz\/?p=8877","title":{"rendered":"Do Sen\u00e1tu cht\u011bj\u00ed i t\u0159i ne\u00fasp\u011b\u0161n\u00ed uchaze\u010di o post prezidenta. Praha eviduje 41 kandid\u00e1t\u016f"},"content":{"rendered":"<p class=\"opener\"><span class=\"domicil\">Praha<\/span>&nbsp;M\u011bstsk\u00e9 \u010d\u00e1sti hlavn\u00edho m\u011bsta, kter\u00e9 maj\u00ed na&nbsp;starosti&nbsp;registraci kandid\u00e1t\u016f do Sen\u00e1tu, eviduj\u00ed 41 z\u00e1jemc\u016f o k\u0159eslo v horn\u00ed komo\u0159e Parlamentu. Vypl\u00fdv\u00e1 to z ankety \u010cTK.&nbsp;Sen\u00e1tn\u00ed volby se letos na podzim uskute\u010dn\u00ed spolu s komun\u00e1ln\u00edmi v obvodech Praha 2, Praha 4, Praha 8 a Praha 12. Jm\u00e9na kandid\u00e1t\u016f \u00fa\u0159ady do potvrzen\u00ed registrace nesm\u011bj\u00ed sd\u011blovat, \u0159ada jich nicm\u00e9n\u011b svoji kandidaturu ve\u0159ejn\u011b avizovala. Pat\u0159\u00ed mezi n\u011b nap\u0159\u00edklad ne\u00fasp\u011b\u0161n\u00ed kandid\u00e1ti na prezidenta Ji\u0159\u00ed Draho\u0161, Pavel Fi\u0161er a Marek Hil\u0161er. P\u0159i posledn\u00edch volb\u00e1ch v t\u011bchto volebn\u00edch obvodech v roce 2012 kandidovalo 44 kandid\u00e1t\u016f.<\/p>\n<p><!--more--><\/p>\n<div>&nbsp;V Praze 4 se do voleb zaregistrovalo osm kandid\u00e1t\u016f stejn\u011b jako v Praze 12. V Praze 2 eviduj\u00ed dev\u011bt jmen a v Praze 8 se p\u0159ihl\u00e1silo 16 kandid\u00e1t\u016f.&nbsp;<\/div>\n<p>Svoji kandidaturu u\u017e ohl\u00e1sila \u0159ada osobnost\u00ed v\u010detn\u011b t\u0159\u00ed ne\u00fasp\u011b\u0161n\u00fdch prezidentsk\u00fdch kandid\u00e1t\u016f. Ji\u0159\u00ed Draho\u0161 bude kandidovat v Praze 4, Pavel Fischer v Praze 12 a Marek Hil\u0161er v Praze 2.&nbsp;<\/p>\n<p>Mezi dal\u0161\u00ed kandid\u00e1ty v Praze 12 pat\u0159\u00ed b\u00fdval\u00e1 poslankyn\u011b Marta Semelov\u00e1 (KS\u010cM), \u00fastavn\u00ed pr\u00e1vn\u00edk Ale\u0161 Gerloch nebo b\u00fdval\u00fd ministr financ\u00ed Ivan Piln\u00fd, kter\u00fd za ANO z\u00e1rove\u0148 z t\u0159et\u00edho m\u00edsta kandiduje na magistr\u00e1t. V tomto obvodu se o p\u0159\u00edze\u0148 voli\u010d\u016f uch\u00e1z\u00ed tak\u00e9 Eva Tylov\u00e1 za Pir\u00e1ty a LES, Franti\u0161ek Dob\u0161\u00edk za \u010cSSD nebo b\u00fdval\u00fd ministr zdravotnictv\u00ed Ivan David za SPD.&nbsp;<\/p>\n<p>V Praze 4 ohl\u00e1sila kandidaturu nap\u0159\u00edklad l\u00e9ka\u0159ka Mirka Skovajsov\u00e1 (za \u010cSSD) nebo b\u00fdval\u00fd triatlonista Martin Dvo\u0159\u00e1k za ODS. V Praze 2 kandiduje Vladim\u00edr Kratina (ODS), Ivan Gabal (Zelen\u00ed), n\u011bkdej\u0161\u00ed \u0161\u00e9f politick\u00e9ho odboru&nbsp;kancel\u00e1\u0159e&nbsp;prezidenta Ladislav Jakl za SPD a mand\u00e1t bude obhajovat Libor Mich\u00e1lek za Pir\u00e1ty.&nbsp;<\/p>\n<p>Sou\u010dasnou sen\u00e1torku za Prahu 8 Danielu Filipiovou jako kandid\u00e1t ODS nahrad\u00ed pr\u00e1vn\u00edk Milan Golas. Sen\u00e1tor Tom\u00e1\u0161 Grulich (ODS) za Prahu 12 chce v horn\u00ed komo\u0159e skon\u010dit. Naopak st\u00e1vaj\u00edc\u00ed sen\u00e1torka za \u010cSSD Eva Sykov\u00e1 za Prahu 4 bude mand\u00e1t obhajovat, ov\u0161em nov\u011b za hnut\u00ed ANO.&nbsp;<\/p>\n<p>Naposledy se do Sen\u00e1tu v Praze volilo v roce 2016. V Praze 6 tehdy usp\u011bl \u0159editel Gymn\u00e1zia Jana Keplera Ji\u0159\u00ed R\u016f\u017ei\u010dka (za TOP 09), kter\u00fd zv\u00edt\u011bzil v druh\u00e9m kole nad filozofem V\u00e1clavem B\u011blohradsk\u00fdm (za \u010cSSD). V Praze 10 se do horn\u00ed komory dostala Renata Chmelov\u00e1 (za KDU-\u010cSL) a v Praze 11 Ladislav Kos (Hnut\u00ed pro Prahu 11).&nbsp;<\/p>\n<p>Dopl\u0148ovac\u00ed volby do Sen\u00e1tu se budou konat 5. a 6. \u0159\u00edjna, stejn\u011b jako volby komun\u00e1ln\u00ed. Volit se bude t\u0159etina horn\u00ed komory, tedy 27 z 81 k\u0159esel. Tomu odpov\u00edd\u00e1 i po\u010det volebn\u00edch obvod\u016f, kter\u00e9 se v Praze p\u0159esn\u011b nekryj\u00ed s \u00fazem\u00edm m\u011bstsk\u00fdch \u010d\u00e1st\u00ed, po kter\u00fdch jsou pojmenovan\u00e9. Nap\u0159\u00edklad obvod Praha 2 zahrnuje i \u010d\u00e1st Prahy 3, Prahy 9 a Prahy 10.<\/p>\n<p><a href=\"https:\/\/www.lidovky.cz\/v-praze-do-senatu-kandiduje-41-kandidatu-mezi-nimi-i-tri-neuspesni-kandidati-na-prezidenta-gb0-\/zpravy-domov.aspx?c=A180731_183046_ln_domov_Ceh\">Zdroj<\/a><\/p>\n","protected":false},"excerpt":{"rendered":"<p>Praha&nbsp;M\u011bstsk\u00e9 \u010d\u00e1sti hlavn\u00edho m\u011bsta, kter\u00e9 maj\u00ed na&nbsp;starosti&nbsp;registraci kandid\u00e1t\u016f do Sen\u00e1tu, eviduj\u00ed 41 z\u00e1jemc\u016f o k\u0159eslo v horn\u00ed komo\u0159e Parlamentu. Vypl\u00fdv\u00e1 to z ankety \u010cTK.&nbsp;Sen\u00e1tn\u00ed volby se letos na podzim uskute\u010dn\u00ed spolu s komun\u00e1ln\u00edmi v obvodech Praha 2, Praha 4, Praha 8 a Praha 12. Jm\u00e9na kandid\u00e1t\u016f \u00fa\u0159ady do potvrzen\u00ed registrace nesm\u011bj\u00ed sd\u011blovat, \u0159ada jich nicm\u00e9n\u011b [&hellip;]<\/p>\n","protected":false},"author":1,"featured_media":0,"comment_status":"open","ping_status":"open","sticky":false,"template":"","format":"standard","meta":{"ngg_post_thumbnail":0,"footnotes":""},"categories":[11],"tags":[],"class_list":["post-8877","post","type-post","status-publish","format-standard","hentry","category-ozvena"],"_links":{"self":[{"href":"https:\/\/www.ladislavjakl.cz\/index.php?rest_route=\/wp\/v2\/posts\/8877","targetHints":{"allow":["GET"]}}],"collection":[{"href":"https:\/\/www.ladislavjakl.cz\/index.php?rest_route=\/wp\/v2\/posts"}],"about":[{"href":"https:\/\/www.ladislavjakl.cz\/index.php?rest_route=\/wp\/v2\/types\/post"}],"author":[{"embeddable":true,"href":"https:\/\/www.ladislavjakl.cz\/index.php?rest_route=\/wp\/v2\/users\/1"}],"replies":[{"embeddable":true,"href":"https:\/\/www.ladislavjakl.cz\/index.php?rest_route=%2Fwp%2Fv2%2Fcomments&post=8877"}],"version-history":[{"count":1,"href":"https:\/\/www.ladislavjakl.cz\/index.php?rest_route=\/wp\/v2\/posts\/8877\/revisions"}],"predecessor-version":[{"id":8878,"href":"https:\/\/www.ladislavjakl.cz\/index.php?rest_route=\/wp\/v2\/posts\/8877\/revisions\/8878"}],"wp:attachment":[{"href":"https:\/\/www.ladislavjakl.cz\/index.php?rest_route=%2Fwp%2Fv2%2Fmedia&parent=8877"}],"wp:term":[{"taxonomy":"category","embeddable":true,"href":"https:\/\/www.ladislavjakl.cz\/index.php?rest_route=%2Fwp%2Fv2%2Fcategories&post=8877"},{"taxonomy":"post_tag","embeddable":true,"href":"https:\/\/www.ladislavjakl.cz\/index.php?rest_route=%2Fwp%2Fv2%2Ftags&post=8877"}],"curies":[{"name":"wp","href":"https:\/\/api.w.org\/{rel}","templated":true}]}}