{"id":8879,"date":"2018-08-07T08:53:52","date_gmt":"2018-08-07T06:53:52","guid":{"rendered":"http:\/\/www.ladislavjakl.cz\/?p=8879"},"modified":"2018-08-07T08:53:52","modified_gmt":"2018-08-07T06:53:52","slug":"klausuv-muz-rath-i-okamuruv-vitac-muslimu-chteji-do-senatu-babis-ma-bila-mista","status":"publish","type":"post","link":"https:\/\/www.ladislavjakl.cz\/?p=8879","title":{"rendered":"Klaus\u016fv mu\u017e, Rath i Okamur\u016fv v\u00edta\u010d muslim\u016f cht\u011bj\u00ed do Sen\u00e1tu. Babi\u0161 m\u00e1 b\u00edl\u00e1 m\u00edsta"},"content":{"rendered":"<p>Sen\u00e1tn\u00ed volby maj\u00ed b\u00fdt o v\u00fdrazn\u00fdch osobnostech a ani letos na podzim o n\u011b nebude nouze. V&nbsp;27 obvodech budou lid\u00e9 vyb\u00edrat mezi 233 z\u00e1jemci, mezi kter\u00fdmi nechyb\u00ed nap\u0159\u00edklad nepravomocn\u011b odsouzen\u00fd exhejtman David Rath, exprezidentu V\u00e1clavu Klausovi bl\u00edzk\u00fd Ladislav Jakl nebo herec Vladim\u00edr Kratina. Vedle nich se objev\u00ed sen\u00e1tn\u00ed matado\u0159i jako Ji\u0159\u00ed \u010cunek nebo Jaroslav Kubera, ale tak\u00e9 l\u00e9ka\u0159 na kandid\u00e1tce hnut\u00ed Tomia Okamury, kter\u00fd usiluje o arabskou l\u00e1ze\u0148skou klientelu. Hnut\u00ed ANO Andreje Babi\u0161e letos \u0161et\u0159\u00ed a sv\u00e9 nominanty nenasad\u00ed na p\u011bti m\u00edstech.&nbsp;<\/p>\n<p><!--more--><\/p>\n<p>Z&nbsp;27 obvod\u016f nenasad\u00ed vl\u00e1dn\u00ed hnut\u00ed ANO sv\u00e9ho kandid\u00e1ta do Sen\u00e1tu v p\u011bti. Podle politologa Jana Kub\u00e1\u010dka jde ale o zjevnou taktiku.&nbsp;<strong>\u201eNecht\u011bj\u00ed j\u00edt \u00fapln\u011b do obvod\u016f, kde je velmi siln\u00fd kandid\u00e1t a hroz\u00ed riziko ne\u00fasp\u011bchu,\u201c<\/strong>&nbsp;m\u00edn\u00ed politolog. Mezi takov\u00e9 obvody pat\u0159\u00ed nap\u0159\u00edklad Vset\u00edn, kde kandiduje \u00fasp\u011b\u0161n\u00fd sen\u00e1tor a lidoveck\u00fd hejtman&nbsp;<a class=\"celebrity celebwiki\" href=\"http:\/\/celebwiki.blesk.cz\/osobnost\/3463\/jiri-cunek\/\" target=\"_blank\" rel=\"noopener\">Ji\u0159\u00ed \u010cunek<\/a>, se kter\u00fdm m\u00e1&nbsp;<a class=\"celebrity celebwiki\" href=\"http:\/\/celebwiki.blesk.cz\/osobnost\/2367\/andrej-babis\/\" target=\"_blank\" rel=\"noopener\">Babi\u0161 podle<\/a>&nbsp;z\u00e1kulisn\u00edch informac\u00ed v\u0159el\u00e9 vztahy. Druh\u00fdm takov\u00fdm obvodem jsou Teplice, kde kandiduje sen\u00e1tor s&nbsp;lidovou mluvou a prim\u00e1tor ODS&nbsp;<a class=\"celebrity celebwiki\" href=\"http:\/\/celebwiki.blesk.cz\/osobnost\/2703\/jaroslav-kubera\/\" target=\"_blank\" rel=\"noopener\">Jaroslav Kubera<\/a>.<\/p>\n<p><strong>\u201eJe to tak\u00e9 ur\u010dit\u00e9 taktizov\u00e1n\u00ed dovnit\u0159 stran. Jsou to pov\u011bt\u0161inou kandid\u00e1ti, kte\u0159\u00ed maj\u00ed korektn\u00ed, neutr\u00e1ln\u00ed a v&nbsp;n\u011bkter\u00fdch p\u0159\u00edpadech a\u017e v\u0159el\u00fd vztah k&nbsp;Andreji Babi\u0161ovi,\u201c<\/strong>&nbsp;komentuje absenci kandid\u00e1t\u016f hnut\u00ed ANO Kub\u00e1\u010dek. Podle n\u011bj si Babi\u0161 spo\u010d\u00edtal, \u017ee by jeho lid\u00e9 nemuseli usp\u011bt, a proto nechce nap\u00ednat s\u00edly a pen\u00edze ve slo\u017eit\u00fdch obvodech.<\/p>\n<p>To na dotaz Blesk Zpr\u00e1v potvrdil z&nbsp;dovolen\u00e9 tak\u00e9 premi\u00e9r Andrej Babi\u0161.&nbsp;<strong>\u201eNestav\u011bli jsme tam, kde je jasn\u00e9, \u017ee nem\u00e1me \u0161anci,\u201c<\/strong>&nbsp;odhalil Babi\u0161 strategii sv\u00e9ho hnut\u00ed.<\/p>\n<h2>Expert: Babi\u0161ovi se to m\u016f\u017ee hodit do budoucna<\/h2>\n<p>Kub\u00e1\u010dek nav\u00edc nevylu\u010duje, \u017ee by ANO mohlo v&nbsp;p\u0159\u00edpadn\u00e9m druh\u00e9m kole loaj\u00e1ln\u00ed kandid\u00e1ty z&nbsp;jin\u00fdch stran podpo\u0159it.&nbsp;<strong>\u201eM\u016f\u017ee se to hodit tak\u00e9 do budoucna. Andrej Babi\u0161 m\u016f\u017ee nenasazen\u00edm vlastn\u00edch kandid\u00e1t\u016f vym\u011bnit za strategii k&nbsp;mo\u017en\u00e9 obnov\u011b p\u0159\u00edpadn\u00e9 koali\u010dn\u00ed spolupr\u00e1ce s&nbsp;ostatn\u00edmi stranami, kter\u00e9 ji dosud odm\u00edtaly,\u201c<\/strong>&nbsp;m\u00edn\u00ed politolog.<\/p>\n<p>Za ANO nebude nikdo kandidovat nap\u0159\u00edklad tak\u00e9 v&nbsp;\u010cesk\u00fdch Bud\u011bjovic\u00edch, Svitav\u00e1ch a ve Zl\u00edn\u011b.<\/p>\n<h2>SPD \u00fato\u010d\u00ed ve v\u0161ech 27 obvodech<\/h2>\n<p>SPD&nbsp;<a class=\"celebrity celebwiki\" href=\"http:\/\/celebwiki.blesk.cz\/osobnost\/2366\/tomio-okamura\/\" target=\"_blank\" rel=\"noopener\">Tomia Okamury<\/a>&nbsp;zvolilo odli\u0161nou taktiku. Sv\u00e9 kandid\u00e1ty pos\u00edl\u00e1 do boje o Sen\u00e1t ve v\u0161ech 27 obvodech.&nbsp;<strong>\u201eNa\u0161e p\u0159\u00edtomnost v&nbsp;Sen\u00e1tu je v&nbsp;sou\u010dasn\u00e9 dob\u011b nutn\u00e1 pro prosazen\u00ed na\u0161eho politick\u00e9ho programu, jako je z\u00e1kon o referendu \u010di p\u0159\u00edm\u00e1 volba a odvolatelnost politik\u016f, co\u017e jsou \u00fastavn\u00ed zm\u011bny,\u201c<\/strong>&nbsp;p\u00ed\u0161e se v&nbsp;usnesen\u00ed p\u0159edsednictva SPD, kter\u00e9 rozeslala mluv\u010d\u00ed Michaela Dolensk\u00e1 na konci \u010dervence.<\/p>\n<p><strong>\u201eSPD t\u00edm dokumentuje mimo jin\u00e9 to, \u017ee m\u00e1 kandid\u00e1ty, m\u00e1 kde br\u00e1t a \u017ee kvantita garantuje n\u011bjakou medializaci,\u201c<\/strong>&nbsp;okomentoval politolog Kub\u00e1\u010dek taktiku hnut\u00ed Tomia Okamury.<\/p>\n<p>SPD p\u0159itom pos\u00edl\u00e1 do voleb \u0159adu jmen, kter\u00e1 lid\u00e9 znaj\u00ed z&nbsp;r\u016fzn\u00fdch profes\u00ed a tak\u00e9 s&nbsp;r\u016fzn\u00fdmi n\u00e1zory, Proti ne\u00fasp\u011b\u0161n\u00e9mu prezidentsk\u00e9mu kandid\u00e1tovi Marku&nbsp;<a class=\"celebrity celebwiki\" href=\"http:\/\/celebwiki.blesk.cz\/osobnost\/5017\/marek-hilser\/\" target=\"_blank\" rel=\"noopener\">Hil\u0161erovi<\/a>&nbsp;nebo herci&nbsp;<a class=\"celebrity celebwiki\" href=\"http:\/\/celebwiki.blesk.cz\/osobnost\/78\/vladimir-kratina\/\" target=\"_blank\" rel=\"noopener\">Vladim\u00edru Kratinovi<\/a>&nbsp;(ODS) a&nbsp;<a class=\"celebrity celebwiki\" href=\"http:\/\/celebwiki.blesk.cz\/osobnost\/5766\/libor-michalek\/\" target=\"_blank\" rel=\"noopener\">Liboru Mich\u00e1lkovi<\/a>&nbsp;(Pir\u00e1ti), kter\u00fd mand\u00e1t obhajuje, bude kandidovat b\u00fdval\u00fd \u0159editel politick\u00e9ho odboru prezidenta&nbsp;<a class=\"celebrity celebwiki\" href=\"http:\/\/celebwiki.blesk.cz\/osobnost\/1721\/vaclav-klaus\/\" target=\"_blank\" rel=\"noopener\">V\u00e1clava Klause<\/a>&nbsp;Ladislav Jakl.<\/p>\n<p><strong>V&nbsp;Praze 12 zas SPD nominovala Ivana Davida, b\u00fdval\u00e9ho ministra zdravotnictv\u00ed za \u010cSSD a tak\u00e9 \u0161\u00e9fa psychiatrick\u00e9 l\u00e9\u010debny v&nbsp;Bohnic\u00edch.<\/strong>&nbsp;David p\u016fjde do souboje s&nbsp;\u0161\u00e9fem \u0161kolsk\u00fdch odbor\u016f Franti\u0161kem Dob\u0161\u00edkem za \u010cSSD, ne\u00fasp\u011b\u0161n\u00fdm kandid\u00e1tem na prezidenta&nbsp;<a class=\"celebrity celebwiki\" href=\"http:\/\/celebwiki.blesk.cz\/osobnost\/5378\/pavel-fischer\/\" target=\"_blank\" rel=\"noopener\">Pavlem Fischerem<\/a>, n\u00e1stupcem Andreje Babi\u0161e na ministerstvu financ\u00ed&nbsp;<a class=\"celebrity celebwiki\" href=\"http:\/\/celebwiki.blesk.cz\/osobnost\/5156\/ivan-pilny\/\" target=\"_blank\" rel=\"noopener\">Ivanem Piln\u00fdm<\/a>&nbsp;(ANO), \u00fastavn\u00edm pr\u00e1vn\u00edkem Ale\u0161em Gerlochem \u010di b\u00fdvalou komunistickou poslankyn\u00ed&nbsp;<a class=\"celebrity celebwiki\" href=\"http:\/\/celebwiki.blesk.cz\/osobnost\/2782\/marta-semelova\/\" target=\"_blank\" rel=\"noopener\">Martou Semelovou<\/a>.<\/p>\n<p>Za SPD kandiduje tak\u00e9 n\u011bkdej\u0161\u00ed \u0161\u00e9f v\u011bze\u0148sk\u00e9 slu\u017eby Lud\u011bk Kula. Toho v&nbsp;roce 2010 odvolal z&nbsp;funkce tehdej\u0161\u00ed ministr spravedlnosti&nbsp;<a class=\"celebrity celebwiki\" href=\"http:\/\/celebwiki.blesk.cz\/osobnost\/2676\/jiri-pospisil\/\" target=\"_blank\" rel=\"noopener\">Ji\u0159\u00ed Posp\u00ed\u0161il<\/a>&nbsp;(dnes \u0161\u00e9f TOP 09) kv\u016fli sporn\u00fdm zak\u00e1zk\u00e1m. V&nbsp;roce 2008 \u010delil tak\u00e9 dv\u011bma trestn\u00edm st\u00edh\u00e1n\u00edm, \u017ealobce ale vy\u0161et\u0159ov\u00e1n\u00ed zru\u0161il. Dnes m\u00e1 Kula bezpe\u010dnostn\u00ed agenturu, kter\u00e1 z\u00edskala podle Lidov\u00fdch novin zak\u00e1zku na hl\u00edd\u00e1n\u00ed Pra\u017esk\u00e9ho hradu. Okamura se netaj\u00ed sympatiemi k&nbsp;prezidentu&nbsp;<a class=\"celebrity celebwiki\" href=\"http:\/\/celebwiki.blesk.cz\/osobnost\/2262\/milos-zeman\/\" target=\"_blank\" rel=\"noopener\">Milo\u0161i Zemanovi<\/a>, byl s n\u00edm na p\u00f3diu i p\u0159i jeho druh\u00e9 prezidentsk\u00e9 v\u00fdh\u0159e. Kula si \u010d\u00e1st kampan\u011b hrad\u00ed s\u00e1m, 150 tis\u00edc poslal na kampa\u0148 z&nbsp;konta bezpe\u010dnostn\u00ed agentury.<\/p>\n<p>Kula bude p\u0159itom kandidovat proti star\u0161\u00edmu bratrovi Tomia Okamury \u2013 Hayatovi. Souboj svede tak\u00e9 s&nbsp;<a class=\"celebrity celebwiki\" href=\"http:\/\/celebwiki.blesk.cz\/osobnost\/5813\/lukas-wagenknecht\/\" target=\"_blank\" rel=\"noopener\">Luk\u00e1\u0161em Wagenknechtem<\/a>&nbsp;za Pir\u00e1ty, nebo l\u00e9ka\u0159em v\u0161ech t\u0159\u00ed polistopadov\u00fdch prezident\u016f&nbsp;<a class=\"celebrity celebwiki\" href=\"http:\/\/celebwiki.blesk.cz\/osobnost\/5835\/pavel-dungl\/\" target=\"_blank\" rel=\"noopener\">Pavlem Dunglem<\/a>, kter\u00fd kandiduje za TOP 09 s&nbsp;podporou STAN. ODS vys\u00edl\u00e1 do voleb v&nbsp;tomto obvodu pr\u00e1vn\u00edka Milana Golase.<\/p>\n<h2><strong>\u201eSalam alejkum,\u201c&nbsp;<\/strong>v\u00e1b\u00ed \u010dlov\u011bk od Okamury muslimy<\/h2>\n<p><strong>\u201eSPD nasazuje takov\u00e9 kandid\u00e1ty, kte\u0159\u00ed maj\u00ed provokovat. Jsou to provokativn\u00ed a \u010d\u00e1ste\u010dn\u011b zn\u00e1m\u00e1 jm\u00e9na, kter\u00e1 ve spole\u010dnosti p\u0159itahuj\u00ed pozornost. Vid\u00edm tu jasnou strategii: a\u0165 to dopadne jakkoliv, hlavn\u011b, aby se o n\u00e1s mluvilo,\u201c&nbsp;<\/strong>m\u00edn\u00ed Kub\u00e1\u010dek<\/p>\n<p>Na internetu ale asi nejv\u00edc zaujal kandid\u00e1t SPD v Karvin\u00e9. Tomio Okamura \u010dasto varuje p\u0159ed hrozbou migrant\u016f a muslim\u016f, tady p\u0159itom s\u00e1z\u00ed na l\u00e9ka\u0159e l\u00e1zn\u00ed Darkov Bohdana Kufu. Pr\u00e1v\u011b Kufa se py\u0161n\u00ed t\u00edm, \u017ee 10 let pracoval Sa\u00fadsk\u00e9 Ar\u00e1bii a te\u010f zve tamn\u00ed obyvatele na rehabilitaci pr\u00e1v\u011b do l\u00e1zn\u00ed na Karvinsko.<\/p>\n<p><strong>\u201eSalam alejkum,\u201c<\/strong>&nbsp;zdrav\u00ed arabsky, kdy\u017e zve arabsk\u00e9 pacienty do \u010cesk\u00e9 republiky. Zda to nen\u00ed v&nbsp;rozporu s&nbsp;programem SPD se Blesk Zpr\u00e1vy ptaly v&nbsp;SMS dotazu p\u0159edsedy hnut\u00ed Tomia Okamury. Odpov\u011b\u010f ale nep\u0159i\u0161la \u017e\u00e1dn\u00e1.<\/p>\n<p><strong>\u201eP\u0159ipom\u00edn\u00e1 to trochu taktiku exsen\u00e1tora (Vladim\u00edra)&nbsp;<a class=\"celebrity celebwiki\" href=\"http:\/\/celebwiki.blesk.cz\/osobnost\/3093\/vladimir-dryml\/\" target=\"_blank\" rel=\"noopener\">Drymla<\/a>&nbsp;se zviditelnit. Takovou kandidaturu vn\u00edm\u00e1m asi na stejn\u00e9 \u00farovni jako kandidaturu&nbsp;<a class=\"celebrity celebwiki\" href=\"http:\/\/celebwiki.blesk.cz\/osobnost\/2318\/david-rath\/\" target=\"_blank\" rel=\"noopener\">Davida Ratha<\/a>,\u201c<\/strong>&nbsp;okomentoval Kufovu kandidaturu Kub\u00e1\u010dek. Velk\u00e9 \u0161ance na jeho zvolen\u00ed ale nevid\u00ed.&nbsp;<strong>\u201eN\u011bkte\u0159\u00ed cht\u011bj\u00ed o sob\u011b d\u00e1t v\u011bd\u011bt, cht\u011bj\u00ed d\u011blat klauny. Takov\u00fd sc\u00e9n\u00e1\u0159 se opakuje p\u0159i ka\u017ed\u00fdch volb\u00e1ch,\u201c<\/strong>&nbsp;uzav\u0159el politolog.<\/p>\n<p>Prvn\u00ed kolo sen\u00e1tn\u00edch voleb se bude v&nbsp;27 obvodech konat s&nbsp;volbami komun\u00e1ln\u00edmi.&nbsp;<a href=\"http:\/\/www.blesk.cz\/clanek\/volby-komunalni-volby-2018\/544267\/zeman-rozhodl-o-terminu-podzimnich-voleb-uskutecni-se-5-a-6-rijna.html\" target=\"_blank\" rel=\"noopener\">Prezident Milo\u0161 Zeman jejich term\u00edn vyhl\u00e1sil<\/a>&nbsp;na&nbsp;<a href=\"https:\/\/www.senat.cz\/senat\/volby\/v2018.php\" target=\"_blank\" rel=\"noopener\">p\u00e1tek a sobotu 5. a 6. \u0159\u00edjna.<\/a>&nbsp;P\u0159\u00edpadn\u00e9 druh\u00e9 kolo sen\u00e1tn\u00edch voleb bude o t\u00fdden pozd\u011bji. Sen\u00e1to\u0159i maj\u00ed mand\u00e1t na 6 let. Ka\u017ed\u00e9 dva roky se obnovuje t\u0159etina Sen\u00e1tu. Poprv\u00e9 lid\u00e9 volili Sen\u00e1tory v roce 1996.&nbsp;<\/p>\n<p><a href=\"http:\/\/www.blesk.cz\/clanek\/volby-volby-do-senatu\/557130\/klausuv-muz-rath-i-okamuruv-vitac-muslimu-chteji-do-senatu-babis-ma-bila-mista.html\">Zdroj<\/a><\/p>\n","protected":false},"excerpt":{"rendered":"<p>Sen\u00e1tn\u00ed volby maj\u00ed b\u00fdt o v\u00fdrazn\u00fdch osobnostech a ani letos na podzim o n\u011b nebude nouze. V&nbsp;27 obvodech budou lid\u00e9 vyb\u00edrat mezi 233 z\u00e1jemci, mezi kter\u00fdmi nechyb\u00ed nap\u0159\u00edklad nepravomocn\u011b odsouzen\u00fd exhejtman David Rath, exprezidentu V\u00e1clavu Klausovi bl\u00edzk\u00fd Ladislav Jakl nebo herec Vladim\u00edr Kratina. Vedle nich se objev\u00ed sen\u00e1tn\u00ed matado\u0159i jako Ji\u0159\u00ed \u010cunek nebo Jaroslav Kubera, [&hellip;]<\/p>\n","protected":false},"author":1,"featured_media":0,"comment_status":"open","ping_status":"open","sticky":false,"template":"","format":"standard","meta":{"ngg_post_thumbnail":0,"footnotes":""},"categories":[11],"tags":[],"class_list":["post-8879","post","type-post","status-publish","format-standard","hentry","category-ozvena"],"_links":{"self":[{"href":"https:\/\/www.ladislavjakl.cz\/index.php?rest_route=\/wp\/v2\/posts\/8879","targetHints":{"allow":["GET"]}}],"collection":[{"href":"https:\/\/www.ladislavjakl.cz\/index.php?rest_route=\/wp\/v2\/posts"}],"about":[{"href":"https:\/\/www.ladislavjakl.cz\/index.php?rest_route=\/wp\/v2\/types\/post"}],"author":[{"embeddable":true,"href":"https:\/\/www.ladislavjakl.cz\/index.php?rest_route=\/wp\/v2\/users\/1"}],"replies":[{"embeddable":true,"href":"https:\/\/www.ladislavjakl.cz\/index.php?rest_route=%2Fwp%2Fv2%2Fcomments&post=8879"}],"version-history":[{"count":1,"href":"https:\/\/www.ladislavjakl.cz\/index.php?rest_route=\/wp\/v2\/posts\/8879\/revisions"}],"predecessor-version":[{"id":8880,"href":"https:\/\/www.ladislavjakl.cz\/index.php?rest_route=\/wp\/v2\/posts\/8879\/revisions\/8880"}],"wp:attachment":[{"href":"https:\/\/www.ladislavjakl.cz\/index.php?rest_route=%2Fwp%2Fv2%2Fmedia&parent=8879"}],"wp:term":[{"taxonomy":"category","embeddable":true,"href":"https:\/\/www.ladislavjakl.cz\/index.php?rest_route=%2Fwp%2Fv2%2Fcategories&post=8879"},{"taxonomy":"post_tag","embeddable":true,"href":"https:\/\/www.ladislavjakl.cz\/index.php?rest_route=%2Fwp%2Fv2%2Ftags&post=8879"}],"curies":[{"name":"wp","href":"https:\/\/api.w.org\/{rel}","templated":true}]}}