{"id":8881,"date":"2018-08-07T08:54:57","date_gmt":"2018-08-07T06:54:57","guid":{"rendered":"http:\/\/www.ladislavjakl.cz\/?p=8881"},"modified":"2018-08-07T08:54:57","modified_gmt":"2018-08-07T06:54:57","slug":"z-myslenkovych-hlubin-cerstveho-okamurovce-ladislava-jakla","status":"publish","type":"post","link":"https:\/\/www.ladislavjakl.cz\/?p=8881","title":{"rendered":"Z my\u0161lenkov\u00fdch hlubin \u010derstv\u00e9ho okamurovce Ladislava Jakla"},"content":{"rendered":"<p>Jako by cht\u011bl d\u00e1t Ladislav Jakl nakonec za pravdu profesoru Igoru Luke\u0161ovi, rozhodl se, \u017ee jde do toho. Bude za SPD kandidovat do sen\u00e1tu. To je samoz\u0159ejm\u011b zcela v&nbsp;po\u0159\u00e1dku, proto\u017ee se s\u00e1m za\u0159adil tam, kam d\u00e1vno pat\u0159\u00ed. Bylo by je\u0161t\u011b pot\u011b\u0161iteln\u00e9, aby se k&nbsp;n\u011bmu p\u0159idal V. Klaus junior, jen\u017ee to by nemohl pusto\u0161it ODS zevnit\u0159 a d\u011blat tak radost tat\u00ednkovi, kter\u00fd je z&nbsp;dal\u0161\u00edho v\u00fdvoje strany zhrzen\u00fd.&nbsp;<\/p>\n<p><!--more--><\/p>\n<p>Strana nep\u0159\u00edli\u0161 inteligentn\u00edch extremist\u016f, kde vy\u010dn\u00edv\u00e1 jen \u0161arlat\u00e1nsk\u00fd p\u0159edseda Tomio, v\u017edy znal\u00fd toho, kde vy\u017ed\u00edmat n\u011bjak\u00e9 prachy, je pro Jakla t\u00edm prav\u00fdm prost\u0159ed\u00edm. U\u017e ze sebe ov\u0161em nebude moci jen tak d\u011blat bodr\u00e9ho rockera z&nbsp;lidu, kter\u00fd je sou\u010dasn\u011b expert na zahrani\u010dn\u00ed politiku. Sko\u010dil do nev\u00e1bn\u00e9 stoky a my mu to schvalujeme. \u201eKa\u017ed\u00fd si sv\u016fj k\u00e1drov\u00fd posudek p\u00ed\u0161e s\u00e1m,\u201c \u0159\u00edkal kdysi soudruh Hus\u00e1k. Hus\u00e1k byl lump, ale hloup\u00fd nebyl. Tohle \u0159ekl hezky, by\u0165 to asi myslel trochu jinak.<\/p>\n<p>Kdy\u017e se pod\u00edv\u00e1me na Jaklovy v\u00fdroky jen b\u011bhem posledn\u00edho roku, je n\u00e1m jasn\u00e9, \u017ee jinde snad ani skon\u010dit nemohl. Mohl by je\u0161t\u011b d\u011blat analytika Institutu V\u00e1clava Klause a pod\u00edlet se na jeho \u010detn\u00fdch v\u00edt\u011bzstv\u00edch, jak se to p\u0159ihodilo Jind\u0159ichu Forejtovi, nejlep\u0161\u00edmu ceremoni\u00e1\u0159i v\u0161ech dob a presumptivn\u00edmu (jak \u0159\u00edk\u00e1val Paroubek) velvyslanci ve Vatik\u00e1nu. To je ale pro tak \u010dinorodou osobnost m\u00e1lo. Stejn\u011b tak by ho asi neuspokojilo, \u017ee jeho texty zve\u0159ej\u0148uje&nbsp;<em>Protiproud<\/em>&nbsp;jurodiv\u00e9ho Petra H\u00e1jka ve spole\u010dnosti text\u016f o spiknut\u00edch a r\u016fzn\u00fdch n\u00e1bo\u017eensk\u00fdch zjeven\u00edch. Kdy\u017e politika, tak politika. N\u00e1zorov\u011b je kandid\u00e1t p\u0159ipraven a \u0161\u00ed\u0159il sv\u00e9 my\u0161lenky na Neviditeln\u00e9m psu, Protiproudu, v&nbsp;Institutu V\u00e1clava Klause a podobn\u011b a my se do nich m\u016f\u017eeme za\u010d\u00edst.<\/p>\n<p>Jakl se samoz\u0159ejm\u011b nevyh\u00fdb\u00e1 tzv. o\u017eehav\u00fdm ot\u00e1zk\u00e1m doby, tedy t\u0159eba migra\u010dn\u00ed vln\u011b: \u201ePou\u017e\u00edv\u00e1n\u00ed slova \u201auprchl\u00edk\u2018 jako kryc\u00edho term\u00ednu pro elitami \u0159\u00edzen\u00e9 novodob\u00e9 st\u011bhov\u00e1n\u00ed n\u00e1rod\u016f je nejv\u011bt\u0161\u00ed propagandistickou l\u017e\u00ed dne\u0161n\u00ed doby. Slou\u017e\u00ed k citov\u00e9mu vyd\u00edr\u00e1n\u00ed a k n\u00e1lepkov\u00e1n\u00ed t\u011bch, kter\u00fdm se tato gigantick\u00e1 operace nel\u00edb\u00ed, coby lid\u00ed zl\u00fdch a bezcitn\u00fdch. O \u017e\u00e1dn\u00e9 uprchl\u00edky, tedy \u017eeny, d\u011bti a starce, kte\u0159\u00ed se s rane\u010dkem b\u011b\u017e\u00ed ukr\u00fdt do nejbli\u017e\u0161\u00ed bezpe\u010dn\u00e9 vesnice, kde p\u0159e\u010dkaj\u00ed to nejhor\u0161\u00ed a vr\u00e1t\u00ed se co nejd\u0159\u00edve do sv\u00fdch domov\u016f, kter\u00e9 mezit\u00edm zp\u011bt vybojuj\u00ed z\u016fstav\u0161\u00ed bojeschopn\u00ed mu\u017eov\u00e9, tady p\u0159ece nikdy ne\u0161lo. Od za\u010d\u00e1tku \u0161lo o \u0161\u00edlen\u00fd soci\u00e1ln\u011b in\u017een\u00fdrsk\u00fd pl\u00e1n, jeho\u017e c\u00edlem bylo z\u00e1sadn\u011b a nevratn\u011b zm\u011bnit demografick\u00e9, kulturn\u00ed, n\u00e1bo\u017eensk\u00e9, politick\u00e9 a soci\u00e1ln\u00ed pom\u011bry v na\u0161\u00ed civilizaci. D\u016fkazem je v p\u00e1tek p\u0159edb\u011b\u017en\u011b schv\u00e1len\u00fd Glob\u00e1ln\u00ed pakt OSN o migraci. Jeho c\u00edlem je \u201apodpora bezpe\u010dn\u00e9, \u0159\u00edzen\u00e9 a leg\u00e1ln\u00ed migrace a sn\u00ed\u017een\u00ed po\u010dtu p\u0159\u00edpad\u016f pa\u0161ov\u00e1n\u00ed lid\u00ed\u2018. A hol\u00e1 pravda je na sv\u011btle.\u201c<\/p>\n<p>Vida, jak se spiklenci p\u0159iznali, \u017ee cht\u011bj\u00ed \u0159\u00edzen\u011b zlikvidovat civilizaci! Jsou tak hloup\u00ed. Cht\u011bj\u00ed zni\u010dit sv\u011bt a je\u0161t\u011b to na sebe vybreptaj\u00ed<\/p>\n<p>Kdy\u017e u\u017e je t\u00edm odborn\u00edkem na mezin\u00e1rodn\u00ed vztahy, objasnil n\u00e1m i d\u011bn\u00ed na Bl\u00edzk\u00e9m v\u00fdchod\u011b. Bylo to ov\u0161em po Trumpov\u011b bombardov\u00e1n\u00ed, kdy byl Trump chv\u00edli zl\u00fd, ne\u017e se zase stal stabiln\u00edm g\u00e9niem: \u201eRusov\u00e9 p\u0159i\u0161li do S\u00fdrie, aby napravili dopady p\u0159edch\u00e1zej\u00edc\u00edho zahrani\u010dn\u00edho vm\u011b\u0161ov\u00e1n\u00ed. Nyn\u00ed je cel\u00fd kapit\u00e1l z\u00edskan\u00fd t\u00edmto syrsk\u00fdm anga\u017em\u00e1 v s\u00e1zce \u2013 to v p\u0159\u00edpad\u011b, kdy Rusov\u00e9 nechaj\u00ed vojenskou akci mocnost\u00ed bez reakce. Druh\u00e1 mo\u017enost je taky \u0161patn\u011b. Pokusit se \u00fatoku \u010delit. Rusko bude ihned obvin\u011bno z toho, \u017ee chr\u00e1n\u00ed nelidsk\u00e9 zlo\u010dince, a proti ochr\u00e1nci zlo\u010dinc\u016f je povoleno cokoli. A tak Rusov\u00e9 v reakci nejsp\u00ed\u0161e ihned uskute\u010dn\u00ed jen sv\u00e9 odkl\u00e1dan\u00e9 \u00fatoky na islamistick\u00e9 povstalce mimo z\u00e1padn\u00ed S\u00fdrii, aby uk\u00e1zali, \u017ee maj\u00ed tak\u00e9 n\u011bjakou protihru.\u201c<\/p>\n<p>Je\u0161t\u011b \u017ee ty Rusy m\u00e1me. M\u00edr je zaji\u0161t\u011bn. Pokud to Z\u00e1pad nepokaz\u00ed sv\u00fdmi intrikami.<\/p>\n<p>Jakl m\u00e1 je\u0161t\u011b dodatek, kter\u00fd by se jist\u011b na jist\u00e9 v\u00fdchodn\u00ed ambas\u00e1d\u011b l\u00edbil: \u201eKde je uprost\u0159ed toho v\u0161eho Sy\u0159an a jeho \u2013 slovy Ivanky Trumpov\u00e9 \u2013 \u201akr\u00e1sn\u00e9 miminko\u2018? Na ob\u011btn\u00edm stole glob\u00e1ln\u00edch her. A kde jsou na\u0161e hry? Ve stejn\u00fd den \u010desk\u00e1 vl\u00e1da navy\u0161uje po\u010det mo\u017en\u00fdch \u00fa\u010dastn\u00edk\u016f na\u0161ich arm\u00e1dn\u00edch \u201amis\u00ed\u2018 o 270 na rovnou tis\u00edcovku. \u010cesk\u00e9 z\u00e1jmy budou na\u0161i chlapci h\u00e1jit v pou\u0161t\u00edch a hor\u00e1ch Afgh\u00e1nist\u00e1nu, Sinaje, Mali a tak\u00e9 v Kosovu. \u017de tam \u017e\u00e1dn\u00e9 z\u00e1jmy nem\u00e1me? Dnes se tomu ale ne\u0159\u00edk\u00e1 z\u00e1jmy. Jde \u00fadajn\u011b o prosazov\u00e1n\u00ed hodnot. D\u00edvejme se dob\u0159e, jak\u00e9 hodnoty budou v p\u0159\u00ed\u0161t\u00edch hodin\u00e1ch p\u0159ineseny do S\u00fdrie.\u201c<\/p>\n<p>Tak hodiny uplynuly a hodnoty zat\u00edm nikde. On ale Asad s Putinem n\u011bjak\u00e9 vymysl\u00ed. Oni jsou zat\u00ed\u017eeni na hodnoty, to se v\u00ed.<\/p>\n<p>Ale dost zahrani\u010d\u00ed. M\u00e1me i dom\u00e1c\u00ed d\u011bn\u00ed. Tak t\u0159eba v&nbsp;duchu zemanovsk\u00fdch my\u0161lenkov\u00fdch postup\u016f Jakl p\u00ed\u0161e: \u201eV\u00e1gn\u00ed t\u00e9ma \u201adodr\u017eov\u00e1n\u00ed \u00fastavn\u00edch zvyklost\u00ed\u2018 p\u0159ece nikdo nem\u016f\u017ee myslet v\u00e1\u017en\u011b. \u00dastavu nikdo neporu\u0161uje. Jen se n\u011bkdo neum\u00ed sm\u00ed\u0159it s t\u00edm, \u017ee v r\u00e1mci \u00fastavy se n\u011bjak\u00fd politik rozhoduje podle sv\u00e9ho, a ne na p\u0159\u00e1n\u00ed t\u011bch, co volby prohr\u00e1li.\u201c<\/p>\n<p>Kdy\u017e v&nbsp;r\u00e1mci, tak v&nbsp;r\u00e1mci. Jak n\u011bkdo prohr\u00e1l volby, nem\u00e1 se \u00fastavou co oh\u00e1n\u011bt, \u017ee. Tu vykl\u00e1d\u00e1 v\u00edt\u011bz. \u201ePodle sv\u00e9ho\u201c, jak spr\u00e1vn\u011b p\u0159ipom\u00edn\u00e1 p. Jakl.<\/p>\n<p>Kdy\u017e u\u017e jsme u t\u00e9 \u00fastavy, on zlob\u00ed i \u00dastavn\u00ed soud. Kdysi pokazil Zemanovi a Klausovi jejich tv\u016fr\u010d\u00ed v\u00fdklad \u00fastavy a snahu zm\u011bnit si \u201epodle sv\u00e9ho\u201c volebn\u00ed syst\u00e9m, a ned\u00e1vno si dokonce p\u0159edseda \u00dastavn\u00edho soudu Pavel Rychetsk\u00fd dovolil zapochybovat o tom, \u017ee se \u010dlov\u011bk jako Tomio Okamura dostal na post m\u00edstop\u0159edsedy sn\u011bmovny (jako \u201e\u010dlov\u011bk, jeho\u017e ve\u0159ejn\u011b prezentovan\u00e9 n\u00e1zory jsou skute\u010dn\u011b rasistick\u00e9, xenofobn\u00ed, neonacistick\u00e9, a to nemluv\u00edm o populismu a demagogii\u201c) Jaklovi tehdy vadila snaha po \u201ekauze Lety\u201c Okamuru odvolat.<\/p>\n<p>\u201eJ\u00e1 nev\u00edm, co to pan Okamura p\u0159esn\u011b \u0159ekl,\u201c vykl\u00e1dal Jakl. \u201eNemysl\u00edm ale, \u017ee by se diskuse m\u011bla n\u011bjak omezovat a jej\u00ed \u00fa\u010dastn\u00edci zastra\u0161ovat. A to, jak do v\u011bci vstoupil p\u0159edseda \u00dastavn\u00edho soudu, pova\u017euji za nesl\u00fdchan\u00e9. Vymezil se ost\u0159e politicky a t\u00edm ztratil sv\u016fj povinn\u00fd odstup od subjekt\u016f, jejich\u017e spory m\u00e1 rozhodovat. Po takov\u00fdch slovech by m\u011bl okam\u017eit\u011b odstoupit a p\u0159ihl\u00e1sit se k Pir\u00e1t\u016fm nebo Zelen\u00fdm. Stal se toti\u017e politick\u00fdm aktivistou.\u201c<\/p>\n<p>Rychetsk\u00e9ho tedy pry\u010d a na Hrad Zemana. Kdy\u017e se pochybovalo p\u0159ed volbou o jeho zdrav\u00ed, Jakl to lidov\u011b vy\u0159e\u0161il: \u201eJ\u00e1 nejsem jeho l\u00e9ka\u0159. Ale podle mne je v dobr\u00e9 kondici. Abychom se je\u0161t\u011b v\u0161ichni nedivili.\u201c<\/p>\n<p>Tak my se nediv\u00edme, ale na na\u0161e slova do\u0161lo.<\/p>\n<p>Zeman byl podle Jakla dost dobr\u00fd kandid\u00e1t: \u201eFavoritem je samoz\u0159ejm\u011b Zeman. Nejen\u017ee tlumo\u010d\u00ed skute\u010dn\u00e9 n\u00e1zory \u010desk\u00e9ho \u010dlov\u011bka, zat\u00edmco ostatn\u00ed cht\u011bj\u00ed ob\u010dany vychov\u00e1vat. Favoritem je i proto, \u017ee mocn\u00e9 dom\u00e1c\u00ed i zahrani\u010dn\u00ed s\u00edly, kter\u00e9 si Zemana nep\u0159ej\u00ed, dosud nebyly schopny vyprodukovat symbol, kter\u00fd by mu mohl konkurovat.\u201c<\/p>\n<p>To, co te\u010f na Hrad\u011b m\u00e1me, je skute\u010dn\u011b t\u011b\u017ek\u00e9 vyprodukovat. Na to mus\u00ed b\u00fdt mach\u0159i. Ale povedlo se jim to. Prost\u011b to prof\u00edci um\u00ed. S \u201e\u010desk\u00fdm \u010dlov\u011bkem\u201c.<\/p>\n<p>Ale nen\u00ed t\u0159eba se Jakla ob\u00e1vat. Je to bytostn\u00fd demokrat: \u201eDemokracie ve sv\u00e9 svobodn\u00e9 voln\u00e9 \u0161\u00ed\u0159i sou\u010dasn\u00fdm vl\u00e1dnouc\u00edm elit\u00e1m nevyhovuje, je pro n\u011b nebezpe\u010dn\u00e1. To by toti\u017e mohl ve volb\u00e1ch vyhr\u00e1t i n\u011bkdo jin\u00fd, \u017ee. To by pak n\u011bkdo ve svodn\u00e9m politick\u00e9m diskursu mohl prosazovat t\u0159eba my\u0161lenky n\u00e1rodn\u011b demokratick\u00e9 nebo konzervativn\u011b demokratick\u00e9. A to tedy ne, k\u0159i\u010d\u00ed unijn\u00ed i n\u00e1\u0161 dom\u00e1c\u00ed establishment. Neb\u00fdt liber\u00e1lem, ale t\u0159eba konzervativcem, to sice zat\u00edm nen\u00ed trestn\u00e9, ale asi by b\u00fdt m\u011blo.\u201c<\/p>\n<p>T\u011bmi konzervativci asi mysl\u00ed n\u011bco ve smyslu Putinova konzervatismu. Vlast, tradice, n\u00e1rod, rodina, obnoven\u00ed politruk\u016f v&nbsp;arm\u00e1d\u011b. Jeho b\u00fdval\u00fd \u0161\u00e9f m\u00e1 pro Kreml a Putina zjevnou slabost. \u017d\u00e1dn\u00e1 z\u00e1padn\u00ed dekadence, homosexualismus, NGOismus, enviromentalismus, humanrightismus a oteplov\u00e1n\u00ed. Hlavn\u011b ne oteplov\u00e1n\u00ed, s t\u00edm posledn\u00ed dny zvl\u00e1\u0161t\u011b souzn\u00edme.<\/p>\n<p>Pokud jde o duchovno, tam se ale Jakl dokonale orientuje a poetika rockera v&nbsp;n\u011bm o\u017e\u00edv\u00e1. Je to kr\u00e1sn\u00e1 v\u011bta, kdy\u017e t\u0159eba \u0159\u00edk\u00e1: \u201eHal\u00edk je \u010dernokn\u011b\u017en\u00edk a pat\u0159\u00ed do poh\u00e1dek, ne do politiky.\u201c<\/p>\n<p>Kdepak poh\u00e1dky, mil\u00e9 d\u011bti. Te\u010f bude pr\u00f3za jako \u0159emen. Demokratick\u00e1 a bez p\u0159\u00edvlastku.<\/p>\n<p><a href=\"http:\/\/forum24.cz\/z-myslenkovych-hlubin-cerstveho-okamurovce-ladislava-jakla\/\">Zdroj<\/a><\/p>\n","protected":false},"excerpt":{"rendered":"<p>Jako by cht\u011bl d\u00e1t Ladislav Jakl nakonec za pravdu profesoru Igoru Luke\u0161ovi, rozhodl se, \u017ee jde do toho. Bude za SPD kandidovat do sen\u00e1tu. To je samoz\u0159ejm\u011b zcela v&nbsp;po\u0159\u00e1dku, proto\u017ee se s\u00e1m za\u0159adil tam, kam d\u00e1vno pat\u0159\u00ed. Bylo by je\u0161t\u011b pot\u011b\u0161iteln\u00e9, aby se k&nbsp;n\u011bmu p\u0159idal V. Klaus junior, jen\u017ee to by nemohl pusto\u0161it ODS zevnit\u0159 [&hellip;]<\/p>\n","protected":false},"author":1,"featured_media":0,"comment_status":"open","ping_status":"open","sticky":false,"template":"","format":"standard","meta":{"ngg_post_thumbnail":0,"footnotes":""},"categories":[11],"tags":[],"class_list":["post-8881","post","type-post","status-publish","format-standard","hentry","category-ozvena"],"_links":{"self":[{"href":"https:\/\/www.ladislavjakl.cz\/index.php?rest_route=\/wp\/v2\/posts\/8881","targetHints":{"allow":["GET"]}}],"collection":[{"href":"https:\/\/www.ladislavjakl.cz\/index.php?rest_route=\/wp\/v2\/posts"}],"about":[{"href":"https:\/\/www.ladislavjakl.cz\/index.php?rest_route=\/wp\/v2\/types\/post"}],"author":[{"embeddable":true,"href":"https:\/\/www.ladislavjakl.cz\/index.php?rest_route=\/wp\/v2\/users\/1"}],"replies":[{"embeddable":true,"href":"https:\/\/www.ladislavjakl.cz\/index.php?rest_route=%2Fwp%2Fv2%2Fcomments&post=8881"}],"version-history":[{"count":1,"href":"https:\/\/www.ladislavjakl.cz\/index.php?rest_route=\/wp\/v2\/posts\/8881\/revisions"}],"predecessor-version":[{"id":8882,"href":"https:\/\/www.ladislavjakl.cz\/index.php?rest_route=\/wp\/v2\/posts\/8881\/revisions\/8882"}],"wp:attachment":[{"href":"https:\/\/www.ladislavjakl.cz\/index.php?rest_route=%2Fwp%2Fv2%2Fmedia&parent=8881"}],"wp:term":[{"taxonomy":"category","embeddable":true,"href":"https:\/\/www.ladislavjakl.cz\/index.php?rest_route=%2Fwp%2Fv2%2Fcategories&post=8881"},{"taxonomy":"post_tag","embeddable":true,"href":"https:\/\/www.ladislavjakl.cz\/index.php?rest_route=%2Fwp%2Fv2%2Ftags&post=8881"}],"curies":[{"name":"wp","href":"https:\/\/api.w.org\/{rel}","templated":true}]}}