{"id":8883,"date":"2018-08-08T09:21:33","date_gmt":"2018-08-08T07:21:33","guid":{"rendered":"http:\/\/www.ladislavjakl.cz\/?p=8883"},"modified":"2018-08-08T09:28:10","modified_gmt":"2018-08-08T07:28:10","slug":"hilser-proti-jaklovi-konvicka-versus-paroubek-pikantni-souboje-podzimu","status":"publish","type":"post","link":"https:\/\/www.ladislavjakl.cz\/?p=8883","title":{"rendered":"Hil\u0161er proti Jaklovi, Konvi\u010dka versus Paroubek. Pikantn\u00ed souboje podzimu"},"content":{"rendered":"<p>O k\u0159eslo sen\u00e1tora se na podzim utkaj\u00ed v r\u016fzn\u00fdch obvodech zn\u00e1m\u00ed expolitici, expolicista, herec, rektor \u010di pr\u00e1vn\u00edk. V Praze 2 proti sob\u011b kandiduj\u00ed n\u011bkdej\u0161\u00ed kandid\u00e1t na prezidenta Marek Hil\u0161er (nez\u00e1visl\u00fd), herec Vladim\u00edr Kratina (ODS) a b\u00fdval\u00fd \u0159editel politick\u00e9ho&nbsp;odboru kancel\u00e1\u0159e prezidenta V\u00e1clava Klause Ladislav&nbsp;Jakl (SPD). \u0160\u00e9f KDU-\u010cSL Pavel B\u011blobr\u00e1dek kandiduje v N\u00e1chod\u011b, stejn\u011b jako n\u011bkdej\u0161\u00ed policejn\u00ed prezident Martin \u010cerv\u00ed\u010dek. Exp\u0159edsedu Bloku proti Islamizaci Martina Konvi\u010dku zase vyzve v Ostrav\u011b b\u00fdval\u00fd premi\u00e9r Ji\u0159\u00ed Paroubek.<\/p>\n<p><!--more--><\/p>\n<p>Dal\u0161\u00ed&nbsp;kandid\u00e1t&nbsp;na prezidenta z lednov\u00fdch voleb Pavel&nbsp;Fischer&nbsp;(nez\u00e1visl\u00fd) m\u00e1 mezi protivn\u00edky exministra financ\u00ed Ivana Piln\u00e9ho (ANO) i kovanou komunistku a exposlankyni Martu Semelovou (KS\u010cM). Spolu s Fischerem, Semelovou a Piln\u00fdm kandiduje v Praze 12 i&nbsp;\u00fastavn\u00ed pr\u00e1vn\u00edk a prorektor Univerzity Karlovy Ale\u0161 Gerloch (nez\u00e1visl\u00fd).<\/p>\n<p>Prezidentsk\u00e9 volby se staly odrazov\u00fdm m\u016fstkem kandidatury do Sen\u00e1tu i pro Ji\u0159\u00edho Draho\u0161e (s podporou TOP 09, KDU-\u010cSL, STAN a SZ) a Petra Hanniga (Rozumn\u00ed), kte\u0159\u00ed proti sob\u011b znovu kandiduj\u00ed, tentokr\u00e1t v&nbsp;Praze 4, i pro Ji\u0159\u00edho Hynka (Realist\u00e9). Hynek se o post v horn\u00ed komo\u0159e uch\u00e1z\u00ed v Chrudimi, stejn\u011b jako exministr kultury Daniel Herman (KDU-\u010cSL).<\/p>\n<p>Do Sen\u00e1tu se hl\u00e1s\u00ed i&nbsp;n\u011bkdej\u0161\u00ed n\u00e1m\u011bstek ministra financ\u00ed Luk\u00e1\u0161 Wagenkrecht (Pir\u00e1ti) a p\u0159ekladatel Hayato Okamura (KDU-\u010cSL). Oba kandiduj\u00ed v Praze 8. Souboj o k\u0159eslo v horn\u00ed komo\u0159e svedou i n\u011bkdej\u0161\u00ed policejn\u00ed prezident Martin \u010cerv\u00ed\u010dek (ODS) a p\u0159edseda KDU-\u010cSL a poslanec Pavel B\u011blobr\u00e1dek, kandiduj\u00ed spolu s dal\u0161\u00edmi v N\u00e1chod\u011b. Pokud by mand\u00e1t z\u00edskal B\u011blobr\u00e1dek, musel by se vzd\u00e1t poslaneck\u00e9 funkce.<\/p>\n<p>Pot\u00e9, co expremi\u00e9ra Ji\u0159\u00edho Paroubka jako kandid\u00e1ta do Sen\u00e1tu neposv\u011btilo veden\u00ed \u010cSSD, se o mand\u00e1t v Ostrav\u011b uch\u00e1z\u00ed jako nez\u00e1visl\u00fd. Ve stejn\u00e9m obvod\u011b kandiduje i n\u011bkdej\u0161\u00ed p\u0159edseda Bloku proti islamizaci Martin Konvi\u010dka (nez\u00e1visl\u00fd).&nbsp;<\/p>\n<p>Rektora Masarykovy univerzity Mikul\u00e1\u0161e Beka (s podporou ODS, TOP 09, SZ a STAN) vyzve mimo jin\u00e9 i \u0159editel \u010cesk\u00e9ho rozhlasu Brno Jarom\u00edr Ostr\u00fd (ANO).<\/p>\n<p><a href=\"https:\/\/www.echo24.cz\/a\/SEg3y\/hilser-proti-jaklovi-konvicka-versus-paroubek-pikantni-souboje-podzimu\">Zdroj<\/a><\/p>\n","protected":false},"excerpt":{"rendered":"<p>O k\u0159eslo sen\u00e1tora se na podzim utkaj\u00ed v r\u016fzn\u00fdch obvodech zn\u00e1m\u00ed expolitici, expolicista, herec, rektor \u010di pr\u00e1vn\u00edk. V Praze 2 proti sob\u011b kandiduj\u00ed n\u011bkdej\u0161\u00ed kandid\u00e1t na prezidenta Marek Hil\u0161er (nez\u00e1visl\u00fd), herec Vladim\u00edr Kratina (ODS) a b\u00fdval\u00fd \u0159editel politick\u00e9ho&nbsp;odboru kancel\u00e1\u0159e prezidenta V\u00e1clava Klause Ladislav&nbsp;Jakl (SPD). \u0160\u00e9f KDU-\u010cSL Pavel B\u011blobr\u00e1dek kandiduje v N\u00e1chod\u011b, stejn\u011b jako n\u011bkdej\u0161\u00ed policejn\u00ed [&hellip;]<\/p>\n","protected":false},"author":1,"featured_media":0,"comment_status":"open","ping_status":"open","sticky":false,"template":"","format":"standard","meta":{"ngg_post_thumbnail":0,"footnotes":""},"categories":[11],"tags":[],"class_list":["post-8883","post","type-post","status-publish","format-standard","hentry","category-ozvena"],"_links":{"self":[{"href":"https:\/\/www.ladislavjakl.cz\/index.php?rest_route=\/wp\/v2\/posts\/8883","targetHints":{"allow":["GET"]}}],"collection":[{"href":"https:\/\/www.ladislavjakl.cz\/index.php?rest_route=\/wp\/v2\/posts"}],"about":[{"href":"https:\/\/www.ladislavjakl.cz\/index.php?rest_route=\/wp\/v2\/types\/post"}],"author":[{"embeddable":true,"href":"https:\/\/www.ladislavjakl.cz\/index.php?rest_route=\/wp\/v2\/users\/1"}],"replies":[{"embeddable":true,"href":"https:\/\/www.ladislavjakl.cz\/index.php?rest_route=%2Fwp%2Fv2%2Fcomments&post=8883"}],"version-history":[{"count":2,"href":"https:\/\/www.ladislavjakl.cz\/index.php?rest_route=\/wp\/v2\/posts\/8883\/revisions"}],"predecessor-version":[{"id":8885,"href":"https:\/\/www.ladislavjakl.cz\/index.php?rest_route=\/wp\/v2\/posts\/8883\/revisions\/8885"}],"wp:attachment":[{"href":"https:\/\/www.ladislavjakl.cz\/index.php?rest_route=%2Fwp%2Fv2%2Fmedia&parent=8883"}],"wp:term":[{"taxonomy":"category","embeddable":true,"href":"https:\/\/www.ladislavjakl.cz\/index.php?rest_route=%2Fwp%2Fv2%2Fcategories&post=8883"},{"taxonomy":"post_tag","embeddable":true,"href":"https:\/\/www.ladislavjakl.cz\/index.php?rest_route=%2Fwp%2Fv2%2Ftags&post=8883"}],"curies":[{"name":"wp","href":"https:\/\/api.w.org\/{rel}","templated":true}]}}