{"id":8888,"date":"2018-08-08T09:38:41","date_gmt":"2018-08-08T07:38:41","guid":{"rendered":"http:\/\/www.ladislavjakl.cz\/?p=8888"},"modified":"2018-08-08T09:38:41","modified_gmt":"2018-08-08T07:38:41","slug":"v-praze-odstartoval-boj-o-ctyri-senatorska-kresla","status":"publish","type":"post","link":"https:\/\/www.ladislavjakl.cz\/?p=8888","title":{"rendered":"V Praze odstartoval boj o \u010dty\u0159i sen\u00e1torsk\u00e1 k\u0159esla"},"content":{"rendered":"<p>Posledn\u00ed \u010dervencov\u00fd den odevzdali \u017e\u00e1dosti o&nbsp;registrace a poperou se o&nbsp;m\u00edsta v&nbsp;Sen\u00e1tu. V&nbsp;metropoli se toti\u017e v&nbsp;\u0159\u00edjnu uvoln\u00ed \u010dty\u0159i sen\u00e1torsk\u00e1 k\u0159esla. V&nbsp;ka\u017ed\u00e9m ze \u010dty\u0159 volebn\u00edch obvod\u016f se o&nbsp;n\u011b uch\u00e1z\u00ed mezi osmi\u010dkou a\u017e patn\u00e1ctkou kandid\u00e1t\u016f. Bu\u010f sami, nebo prost\u0159ednictv\u00edm politick\u00fdch&nbsp;stran.<span id=\"copylink\"><br \/>\n<\/span><\/p>\n<p><!--more--><\/p>\n<p>Obecn\u00ed \u00fa\u0159ady \u017e\u00e1dosti nyn\u00ed kontroluj\u00ed a definitivn\u011b o&nbsp;nich rozhodnou do poloviny m\u011bs\u00edce. Nejv\u011bt\u0161\u00ed pozornosti se t\u011b\u0161\u00ed trojice ne\u00fasp\u011b\u0161n\u00fdch prezidentsk\u00fdch kandid\u00e1t\u016f. Ti jdou do bitvy o&nbsp;Sen\u00e1t ve t\u0159ech obvodech a vz\u00e1jemn\u011b si tak nebudou konkurovat.<\/p>\n<p>\u201eMy jsme to spole\u010dn\u011b nekoordinovali, ale vy\u0161lo to p\u011bkn\u011b, proto\u017ee z\u0159ejm\u011b m\u00e1 ka\u017ed\u00fd z&nbsp;n\u00e1s siln\u00e9 pouto k&nbsp;jin\u00e9mu m\u00edstu. J\u00e1 pracuji v&nbsp;Praze 2&nbsp;a tak\u00e9 jsem se tam u\u017e ob\u010dansky anga\u017eoval, tak\u017ee m\u00e1 volba byla jasn\u00e1,\u201c komentoval Marek Hil\u0161er, kter\u00fd skon\u010dil v&nbsp;prezidentsk\u00fdch volb\u00e1ch p\u00e1t\u00fd.<\/p>\n<h2 class=\"pseudo-h3\">Sociolog, politik i&nbsp;herec&nbsp;<\/h2>\n<p>Pr\u00e1v\u011b v&nbsp;obvodu, kter\u00fd zahrnuje v\u011bt\u0161inu m\u011bstsk\u00e9 \u010d\u00e1sti&nbsp;Praha&nbsp;2, se r\u00fdsuje nejdramati\u010dt\u011bj\u0161\u00ed souboj. Vedle Hil\u0161era, kter\u00fd se registroval jako nez\u00e1visl\u00fd, obhajuje za Pir\u00e1ty tamn\u00ed mand\u00e1t st\u00e1vaj\u00edc\u00ed sen\u00e1tor Libor Mich\u00e1lek. Zelen\u00ed tam pos\u00edlaj\u00ed do boje zn\u00e1m\u00e9ho sociologa Ivana Gabala a ob\u010dan\u0161t\u00ed demokrat\u00e9 herce Vladim\u00edra Kratinu. Sp\u00ed\u0161 jako zaj\u00edmavost pak p\u016fsob\u00ed kandidatura Ladislava Jakla, n\u011bkdej\u0161\u00edho poradce prezidenta Klause, za krajn\u011b nacionalistickou SPD.<\/p>\n<p>V&nbsp;Praze 4&nbsp;je pozice favorita jasn\u011bj\u0161\u00ed je j\u00edm finalista prezidentsk\u00e9 volby Ji\u0159\u00ed Draho\u0161, kter\u00fd se nav\u00edc op\u00edr\u00e1 o&nbsp;podporu \u0161ir\u0161\u00ed koalice stran. Volebn\u00ed obvod v&nbsp;Praze 12&nbsp;a okol\u00ed slibuje duel mezi diplomatem Pavlem Fischerem, t\u0159et\u00edm v&nbsp;prezidentsk\u00fdch volb\u00e1ch, a exministrem financ\u00ed Ivanem Piln\u00fdm, kter\u00fd kandiduje za hnut\u00ed ANO. Na osmi\u010dce m\u016f\u017ee usp\u011bt popul\u00e1rn\u00ed teolog a p\u0159ekladatel Hayato Okamura, kandiduj\u00edc\u00ed za lidovce s&nbsp;podporou Zelen\u00fdch.<\/p>\n<p>Vyb\u00edrat sv\u00e9 z\u00e1stupce v&nbsp;Sen\u00e1tu budou n\u011bkte\u0159\u00ed Pra\u017ean\u00e9 5.&nbsp;a 6.&nbsp;\u0159\u00edjna sou\u010dasn\u011b s&nbsp;hlasov\u00e1n\u00edm v&nbsp;komun\u00e1ln\u00edch volb\u00e1ch. V&nbsp;p\u0159\u00edpad\u011b nezvolen\u00ed kandid\u00e1ta nadpolovi\u010dn\u00ed v\u011bt\u0161inou v&nbsp;prvn\u00edm&nbsp;kole&nbsp;bude o&nbsp;dva t\u00fddny pozd\u011bji n\u00e1sledovat druh\u00e9.<\/p>\n<p><span id=\"copylink\"><a href=\"https:\/\/prazsky.denik.cz\/zpravy_region\/v-praze-odstartoval-boj-o-senatorska-kresla-volit-muze-necela-polovina-prazanu-20180802.html\">Zdroj<\/a><\/span><\/p>\n<p>&nbsp;<\/p>\n","protected":false},"excerpt":{"rendered":"<p>Posledn\u00ed \u010dervencov\u00fd den odevzdali \u017e\u00e1dosti o&nbsp;registrace a poperou se o&nbsp;m\u00edsta v&nbsp;Sen\u00e1tu. V&nbsp;metropoli se toti\u017e v&nbsp;\u0159\u00edjnu uvoln\u00ed \u010dty\u0159i sen\u00e1torsk\u00e1 k\u0159esla. V&nbsp;ka\u017ed\u00e9m ze \u010dty\u0159 volebn\u00edch obvod\u016f se o&nbsp;n\u011b uch\u00e1z\u00ed mezi osmi\u010dkou a\u017e patn\u00e1ctkou kandid\u00e1t\u016f. Bu\u010f sami, nebo prost\u0159ednictv\u00edm politick\u00fdch&nbsp;stran.<\/p>\n","protected":false},"author":1,"featured_media":0,"comment_status":"open","ping_status":"open","sticky":false,"template":"","format":"standard","meta":{"ngg_post_thumbnail":0,"footnotes":""},"categories":[11],"tags":[],"class_list":["post-8888","post","type-post","status-publish","format-standard","hentry","category-ozvena"],"_links":{"self":[{"href":"https:\/\/www.ladislavjakl.cz\/index.php?rest_route=\/wp\/v2\/posts\/8888","targetHints":{"allow":["GET"]}}],"collection":[{"href":"https:\/\/www.ladislavjakl.cz\/index.php?rest_route=\/wp\/v2\/posts"}],"about":[{"href":"https:\/\/www.ladislavjakl.cz\/index.php?rest_route=\/wp\/v2\/types\/post"}],"author":[{"embeddable":true,"href":"https:\/\/www.ladislavjakl.cz\/index.php?rest_route=\/wp\/v2\/users\/1"}],"replies":[{"embeddable":true,"href":"https:\/\/www.ladislavjakl.cz\/index.php?rest_route=%2Fwp%2Fv2%2Fcomments&post=8888"}],"version-history":[{"count":1,"href":"https:\/\/www.ladislavjakl.cz\/index.php?rest_route=\/wp\/v2\/posts\/8888\/revisions"}],"predecessor-version":[{"id":8889,"href":"https:\/\/www.ladislavjakl.cz\/index.php?rest_route=\/wp\/v2\/posts\/8888\/revisions\/8889"}],"wp:attachment":[{"href":"https:\/\/www.ladislavjakl.cz\/index.php?rest_route=%2Fwp%2Fv2%2Fmedia&parent=8888"}],"wp:term":[{"taxonomy":"category","embeddable":true,"href":"https:\/\/www.ladislavjakl.cz\/index.php?rest_route=%2Fwp%2Fv2%2Fcategories&post=8888"},{"taxonomy":"post_tag","embeddable":true,"href":"https:\/\/www.ladislavjakl.cz\/index.php?rest_route=%2Fwp%2Fv2%2Ftags&post=8888"}],"curies":[{"name":"wp","href":"https:\/\/api.w.org\/{rel}","templated":true}]}}