{"id":8890,"date":"2018-08-08T09:39:56","date_gmt":"2018-08-08T07:39:56","guid":{"rendered":"http:\/\/www.ladislavjakl.cz\/?p=8890"},"modified":"2018-08-08T09:39:56","modified_gmt":"2018-08-08T07:39:56","slug":"zdenek-lanz-pokrokari-vsech-druhu-stydte-se","status":"publish","type":"post","link":"https:\/\/www.ladislavjakl.cz\/?p=8890","title":{"rendered":"Zden\u011bk Lanz: Pokrok\u00e1\u0159i v\u0161ech druh\u016f, sty\u010fte se!"},"content":{"rendered":"<p>Sv\u011bt se, na\u0161t\u011bst\u00ed, nevyv\u00edj\u00ed \u00fapln\u011b tak, jak by si na\u0161i i sv\u011btov\u00ed pokrok\u00e1\u0159i v\u0161eho druhu p\u0159\u00e1li, p\u00ed\u0161e v koment\u00e1\u0159i pro Prvnizpravy.cz Zden\u011bk Lanz.<\/p>\n<p><!--more--><\/p>\n<div align=\"justify\">Tzv. migra\u010dn\u00ed krize je st\u00e1le z\u0159eteln\u011bji a hlasit\u011bji \u201eodhalov\u00e1na\u201c a pojmenov\u00e1v\u00e1na jako&nbsp; pl\u00e1novan\u00e1 a \u0159\u00edzen\u00e1 invaze bojeschopn\u00fdch a bojechtiv\u00fdch mlad\u00fdch mu\u017e\u016f do Evropy, na hranic\u00edch mezi st\u00e1ty schengensk\u00e9ho prostoru jsou zav\u00e1d\u011bny kontroly a stav\u011bny vysok\u00e9 ploty s ostnat\u00fdm dr\u00e1tem (vzhledem k ned\u00e1vn\u00fdm ud\u00e1lostem ve \u0161pan\u011blsk\u00e9 Ceut\u011b je mo\u017en\u00e1 jen ot\u00e1zkou \u010dasu, kdy budou \u201epod proudem\u201c), p\u0159\u00edmo\u0159sk\u00e9 zem\u011b (p\u0159edev\u0161\u00edm It\u00e1lie) odm\u00edtaj\u00ed p\u0159ijmout lod\u011b se \u201ezachr\u00e1n\u011bn\u00fdmi migranty\u201c.<\/p>\n<p><b>Lid\u00e9 se pomalu probouzej\u00ed z Bruselem naordinovan\u00e9ho fale\u0161n\u00e9ho snu o blahobytn\u00e9, multikulturn\u00ed a v\u0161eobecn\u011b se miluj\u00edc\u00ed Evrop\u011b pod k\u0159\u00eddly Evropsk\u00e9 unie. Je z\u0159ejm\u011b jen ot\u00e1zkou \u010dasu, kdy n\u011bkter\u00e9 st\u00e1ty po vzoru&nbsp; Velk\u00e9 Brit\u00e1nie vyhl\u00e1s\u00ed referendum o vystoupen\u00ed z EU. Lze jen doufat, \u017ee jejich \u201e\u2026exity\u201c budou \u00fasp\u011b\u0161n\u011bj\u0161\u00ed ne\u017e ten Spojen\u00e9ho kr\u00e1lovstv\u00ed.<\/b><\/p>\n<p>St\u00e1le v\u00edce realistick\u00fdch politik\u016f vol\u00e1 po zru\u0161en\u00ed sankc\u00ed a po dialogu s Ruskou federac\u00ed.<\/p>\n<p><b>Zat\u00edm posledn\u00ed \u201et\u011b\u017ekou r\u00e1nu\u201c pokrok\u00e1\u0159\u016fm&nbsp; zasadil ned\u00e1vn\u00fd summit prezident\u016f Spojen\u00fdch st\u00e1t\u016f a Ruska v Helsink\u00e1ch. Zde se se\u0161li \u201enen\u00e1vid\u011bn\u00fd\u201c prezident jinak \u201ep\u0159\u00e1telsk\u00fdch\u201c USA Donald Trump s \u201enen\u00e1vid\u011bn\u00fdm\u201c prezidentem \u201enep\u0159\u00e1telsk\u00e9\u201c Rusk\u00e9 federace Vladim\u00edrem Putinem.<\/b><\/p>\n<p>P\u00e1nb\u016fh n\u00e1s netrestej, oni spolu mluvili. Cel\u00e9 dv\u011b hodiny a mezi \u010dty\u0159ma o\u010dima. A n\u00e1sledovala dal\u0161\u00ed \u201enehor\u00e1znost\u201c. Donald Trump pozval Vladim\u00edra Putina do B\u00edl\u00e9ho domu.<\/p>\n<p>V\u0161ak u\u017e byl&nbsp; nejvy\u0161\u0161\u00ed&nbsp; \u010das, aby tito \u201eprvn\u00ed mu\u017eov\u00e9 sv\u011bta\u201c, kte\u0159\u00ed maj\u00ed na dosah to pov\u011bstn\u00e9 jadern\u00e9 tla\u010d\u00edtko, nechali sv\u00e9&nbsp; r\u00e1dce r\u00e1dci, a promluvili&nbsp; si osobn\u011b. Lze jen doufat a v\u011b\u0159it, \u017ee jejich politick\u00e1, ale i re\u00e1ln\u00e1 moc bude v\u011bt\u0161\u00ed, ne\u017e moc t\u011bch, kte\u0159\u00ed si m\u00edr nep\u0159ej\u00ed.<\/p>\n<p><b>Pod t\u00edhou dal\u0161\u00edch a dal\u0161\u00edch d\u016fkaz\u016f, \u017ee se sv\u011bt nevyv\u00edj\u00ed podle jejich p\u0159\u00e1n\u00ed, doch\u00e1zej\u00ed pokrok\u00e1\u0159\u016fm argumenty. Ztr\u00e1cej\u00ed p\u016fdu pod nohama a tak p\u0159itvrzuj\u00ed. Zat\u00edm v\u011bt\u0161inou \u201ejen\u201c verb\u00e1ln\u011b. Ale jak dlouho je\u0161t\u011b&nbsp; \u201ejen\u201c?<\/b><\/div>\n<div align=\"justify\"><b>&nbsp;<\/b><\/div>\n<div align=\"justify\"><b>Uchyluj\u00ed se k demagogii, oso\u010dov\u00e1n\u00ed n\u00e1zorov\u00fdch oponent\u016f z propagace r\u016fzn\u00fdch ism\u016f (nap\u0159. rasismu, fa\u0161ismu, nacionalismu, \u2026), xenofobie, populismus, ur\u00e1\u017eej\u00ed je kv\u016fli jejich vzhledu, sprost\u011b jim nad\u00e1vaj\u00ed, jsou vulg\u00e1rn\u00ed.<\/b><\/div>\n<div align=\"justify\">\n<span style=\"font-size: medium;\"><b>N\u011bkolik p\u0159\u00edklad\u016f z posledn\u00ed doby<\/b><\/span><\/div>\n<div align=\"justify\">&nbsp;<\/div>\n<div align=\"justify\"><span style=\"font-size: medium;\"><b>\u201eLadislav Jakl \u2013 p\u00e1n s ko\u0148sk\u00fdm ohonem na hlav\u011b\u201c<\/b><\/span><\/div>\n<div align=\"justify\">\nAsi nej\u010derstv\u011bj\u0161\u00ed p\u0159\u00edklad tohoto nebezpe\u010dn\u00e9ho a zavr\u017een\u00edhodn\u00e9ho chov\u00e1n\u00ed p\u0159edvedl v po\u0159adu \u010cT<a href=\"http:\/\/institutvk.cz\/clanky\/1168.html\" target=\"_blank\" rel=\"noopener\">&nbsp;Ud\u00e1losti, koment\u00e1\u0159e&nbsp;<\/a>(\u010dtvrtek 19. 7. 2018) Igor Luke\u0161, profesor historie a mezin\u00e1rodn\u00edch vztah\u016f Bostonsk\u00e9 university. Ten v debat\u011b prost\u0159ednictv\u00edm telemostu na t\u00e9ma Donald Trump ter\u010dem kritiky v USA, kter\u00e9 se ve studiu \u00fa\u010dastnil&nbsp; Ladislav Jakl, ztratil nervy, nebyl schopen v\u011bcn\u00e9 argumentace a uch\u00fdlil se k osobn\u00edm ur\u00e1\u017ek\u00e1m.<\/p>\n<\/div>\n<div align=\"justify\">Moder\u00e1tor Michal Kubal byl z podl\u00e9 reakce tohoto dlouhodob\u00e9ho \u201e\u010deskotelevizn\u00edho americk\u00e9ho guru\u201c zjevn\u011b zasko\u010den.<\/div>\n<div align=\"justify\">&nbsp;<\/div>\n<div align=\"justify\"><b><a href=\"http:\/\/www.prazskenovinky.cz\/language=cs\/sid=ec05a3f34dce3314da6ee63a020aee35\/zpravy\/politika\/jan-schneider-kdyz-akademik-ztrati-glanc\/preview=true\/\" target=\"_blank\" rel=\"noopener\">Jan Schneider: Kdy\u017e akademik ztrat\u00ed glanc&nbsp;<\/a><\/b><\/div>\n<div align=\"justify\">\nO tomto extempore ale bylo&nbsp; naps\u00e1no ji\u017e tolik koment\u00e1\u0159\u016f, \u017ee nebude od v\u011bci p\u0159ipomenout si n\u011bkter\u00e9 star\u0161\u00ed p\u0159\u00edklady.<\/p>\n<p><b><span style=\"font-size: medium;\">\u201eProtimerkelovsk\u00e9 koment\u00e1\u0159e \u010dasopisu ECHO 24 a nen\u00e1vist kardin\u00e1la Dominika Duky\u201c<\/span>&nbsp;<\/b><\/p>\n<p>V prvn\u00edm tabletov\u00e9m den\u00edku Dotyk z 11. 8. 2016 prezentuje v \u010dl\u00e1nku \u201e<a href=\"https:\/\/dotyk.denik.cz\/komentare\/lubos-dobrovsky-zbavme-se-strachu-zachovame-si-svobodu-volby-20160811.html\" target=\"_blank\" rel=\"noopener\">Zbavme se strachu, zachov\u00e1me si svobodu volby<\/a>\u201c sv\u00e9 n\u00e1zory Lubo\u0161 Dobrovsk\u00fd.<\/p>\n<p><b>Krom\u011b jin\u00e9ho:<\/b><br \/>\n&nbsp;<i>\u201ePro p\u0159edsedu ODS Petra Fialu a pro politiky hl\u00e1s\u00edc\u00ed se k jeho stran\u011b, je nep\u0159\u00edtelem blaha ka\u017ed\u00fd, kdo usiluje o na\u0161i hlub\u0161\u00ed integraci v r\u00e1mci Evropsk\u00e9 unie. Podobn\u011b jako V\u00e1clavu Klausovi jsou politik\u016fm ODS nositeli zla zejm\u00e9na podporovatel\u00e9 politiky n\u011bmeck\u00e9 kancl\u00e9\u0159ky Angely Merkelov\u00e9. A op\u011bt tu m\u00e1me m\u00edsto pozitivn\u00edho programu n\u00e1vrh na definici nositele zla, jeho\u017e je nutno odstranit. \u00dato\u010dn\u00fdmi protimerkelovsk\u00fdmi koment\u00e1\u0159i tohle vytv\u00e1\u0159en\u00ed nep\u0159\u00e1tel z N\u011bmc\u016f podporuj\u00ed i na str\u00e1nk\u00e1ch jinak solidn\u00edho a prodemokratick\u00e9ho Echa 24 Daniel Kaiser a Lenka Zl\u00e1malov\u00e1, oba nepochybn\u011b nadpr\u016fm\u011brn\u011b nadan\u00ed \u017eurnalist\u00e9.\u201c<\/i><\/p>\n<p><b>nebo<\/b><br \/>\n\u201e<i>Pozitivn\u00ed programov\u00e9 slovo bez definov\u00e1n\u00ed nep\u0159\u00edtele zazn\u00ed ob\u010das z \u00fast p\u0159edstavitel\u016f lidovc\u016f. U slov bez \u010din\u016f v\u0161ak z\u016fst\u00e1v\u00e1 proto, \u017ee nemohou odolat, aby se nestali vl\u00e1dn\u00edm koali\u010dn\u00edm partnerem kohokoliv, nehled\u011b na vz\u00e1jemnou neslu\u010ditelnost hodnotov\u00fdch v\u00fdchodisek politick\u00fdch program\u016f. Jejich ob\u010dasn\u00e9 pozitivn\u00ed programov\u00e9 \u00fasil\u00ed jako stran\u011b k\u0159es\u0165ansk\u00e9 kaz\u00ed sv\u00fdmi hrub\u00fdmi a ni\u010d\u00edm nepodlo\u017een\u00fdmi v\u00fdroky v\u016f\u010di jinov\u011brc\u016fm hlava katolick\u00e9 c\u00edrkve, kardin\u00e1l Dominik Duka, podporuj\u00edc\u00ed nikoliv porozum\u011bn\u00ed, jak by bylo lze u k\u0159es\u0165ana p\u0159edpokl\u00e1dat, ale nen\u00e1vist podobnou t\u00e9, kterou v\u016f\u010di k\u0159es\u0165an\u016fm sv\u00e9ho \u010dasu provokovali komunist\u00e9 nebo v\u016f\u010di \u017did\u016fm nacist\u00e9.\u201c<\/i><\/p>\n<p><span style=\"font-size: medium;\"><b>Prezident Blan\u00edk v&nbsp; 8:15 na \u010cT 1<\/b><\/span><\/div>\n<div align=\"justify\">&nbsp;<\/div>\n<div align=\"justify\">Na z\u00e1klad\u011b p\u0159e\u010dten\u00ed jak\u00e9hosi \u010dl\u00e1nku jsem si ze z\u00e1znamu pustil n\u011bkolik prvn\u00edch minut filmu&nbsp;<a href=\"https:\/\/www.youtube.com\/watch?v=FI5AlhlKYa4\" target=\"_blank\" rel=\"noopener\">Prezident Blan\u00edk<\/a>, kter\u00fd odvys\u00edlala v ned\u011bli 8. 4. 2018 ve 20:15 na prvn\u00edm programu \u010cesk\u00e1 televize. A nev\u011b\u0159il jsem vlastn\u00edm u\u0161\u00edm. Tolik vulgarit v tak kr\u00e1tk\u00e9m \u010dase, to jsem snad nesly\u0161el ani na vojn\u011b.<\/div>\n<div align=\"justify\">\n<b>Je\u0161t\u011b ten den jsem napsal&nbsp; Rad\u011b pro rozhlasov\u00e9 a televizn\u00ed vys\u00edl\u00e1n\u00ed (RRTV) st\u00ed\u017enost:<\/b><\/p>\n<p><i>Navrhuji pro\u0161et\u0159it, zda se \u010cesk\u00e1 televize odvys\u00edl\u00e1n\u00edm po\u0159adu Prezident Blan\u00edk nedopustila poru\u0161en\u00ed z\u00e1kona (viz n\u00ed\u017ee)&nbsp;<\/i><\/p>\n<p><i>Dle \u00a7 32 odst. 1 p\u00edsm. g) z\u00e1kona 231\/2001 Sb., je provozovatel vys\u00edl\u00e1n\u00ed povinen neza\u0159azovat v dob\u011b od 06.00 hodin do 22.00 hodin po\u0159ady a upout\u00e1vky, kter\u00e9 by mohly ohrozit fyzick\u00fd, psychick\u00fd nebo mravn\u00ed v\u00fdvoj d\u011bt\u00ed a mladistv\u00fdch.<\/i><\/p>\n<p><b>A odpov\u011b\u010f na sebe nenechala dlouho \u010dekat. Zde je:<\/b><\/p>\n<p><i>Rada pro rozhlasov\u00e9 a televizn\u00ed vys\u00edl\u00e1n\u00ed (d\u00e1le jen \u201eRada\u201c) projednala na sv\u00e9m 8. zased\u00e1n\u00ed, konan\u00e9m dne 24. dubna 2018, Va\u0161i st\u00ed\u017enost na provozovatele vys\u00edl\u00e1n\u00ed \u010cesk\u00e1 televize.&nbsp;<\/i><br \/>\n<i>Poukazujete na film Prezident Blan\u00edk, odvys\u00edlan\u00fd dne 8. dubna 2018 od 20.15 hodin na programu \u010cT1.&nbsp;<\/i><br \/>\n<i>Jde o celove\u010dern\u00ed film, vych\u00e1zej\u00edc\u00ed z internetov\u00e9ho seri\u00e1lu o excentrick\u00e9m lobbistovi jm\u00e9nem Tonda Blan\u00edk, intrik\u00e1novi a alkoholikovi bez \u00facty k \u010demukoli. Jeho postava je aluz\u00ed na n\u011bkter\u00e9 negativn\u00ed jevy tuzemsk\u00e9 politick\u00e9 sc\u00e9ny, p\u0159edev\u0161\u00edm z\u00e1kulisn\u00ed korupci a lobbing. D\u011bj je zalo\u017een na fikci, \u017ee Blan\u00edk se chce st\u00e1t prezidentem, kter\u00e1 je naroubov\u00e1na do re\u00e1ln\u00e9 situace ned\u00e1vno prob\u011bhnuv\u0161\u00edch prezidentsk\u00fdch voleb v \u010cR.&nbsp;<\/i><br \/>\n<i>Rada obdr\u017eela na tento po\u0159ad celou \u0159adu div\u00e1ck\u00fdch st\u00ed\u017enost\u00ed. Div\u00e1ci pova\u017euj\u00ed film obecn\u011b za nevkusn\u00fd, neuctiv\u00fd k prezidentsk\u00fdm kandid\u00e1t\u016fm atd. Z hlediska z\u00e1kona ov\u0161em nen\u00ed mo\u017eno hodnotit \u00farove\u0148 politick\u00e9 satiry (p\u0159ech\u00e1zej\u00edc\u00ed v crazy komedii). Je to tv\u016fr\u010d\u00ed styl, kter\u00fd se vyprofiloval u\u017e u internetov\u00e9 s\u00e9rie a byl jen p\u0159enesen do filmov\u00e9 podoby.<\/i><br \/>\n<i>Mimo\u0159\u00e1dn\u00e1 je ov\u0161em frekvence vulgarism\u016f, nebo\u0165 \u0159e\u010d hlavn\u00edho protagonisty se z nich prakticky v\u00fdhradn\u011b skl\u00e1d\u00e1.&nbsp;<\/i><br \/>\n<i>Rada proto v r\u00e1mci sv\u00e9 p\u016fsobnosti dan\u00e9 ustanoven\u00edm \u00a7 5 p\u00edsm. a) a f) a \u00a7 59 odst. 1\u20133 z\u00e1kona \u010d. 231\/2001 Sb., o provozov\u00e1n\u00ed rozhlasov\u00e9ho a televizn\u00edho vys\u00edl\u00e1n\u00ed a o zm\u011bn\u011b dal\u0161\u00edch z\u00e1kon\u016f (d\u00e1le jen z\u00e1kon \u010d. 231\/2001 Sb.), v platn\u00e9m zn\u011bn\u00ed, rozhodla upozornit provozovatele \u010cesk\u00e1 televize, I\u010c 00027383, se s\u00eddlem Kav\u010d\u00ed hory, Praha 4, PS\u010c 140 70, na poru\u0161en\u00ed ustanoven\u00ed \u00a7 32 odst. 1 p\u00edsm. j) z\u00e1kona \u010d. 231\/2001 Sb., kter\u00e9ho se dopustil t\u00edm, \u017ee dne 8. dubna 2018 odvys\u00edlal od 20:15 hodin na programu \u010cT1 po\u0159ad Prezident Blan\u00edk, kter\u00fd v \u010dase p\u0159ed 22. hodinou obsahoval vulgarismy a nad\u00e1vky.<\/i><\/p>\n<p>A \u201ebylo&nbsp; vymalov\u00e1no\u201c. RRTV se rozhodla upozornit provozovatele \u010cesk\u00e1 televize, \u2026.., na poru\u0161en\u00ed ustanoven\u00ed \u00a7 \u2026. .<\/p>\n<p><b>\u017d\u00e1dn\u00e1&nbsp; sankce, \u017e\u00e1dn\u00e1 pokuta.<\/b><\/p>\n<p><b>Podle m\u00e9ho n\u00e1zoru ale nemohli&nbsp; odpov\u011bdn\u00ed pracovn\u00edci v \u010cT nev\u011bd\u011bt, \u017ee uveden\u00edm&nbsp; \u201esn\u00edmku\u201c,&nbsp; kter\u00fd v \u010dase p\u0159ed 22. hodinou obsahuje vulgarismy a nad\u00e1vky toto ustanoven\u00ed poru\u0161\u00ed.<\/b><\/p>\n<p>A RRTV nemohla nev\u011bd\u011bt, \u017ee to nemohla nev\u011bd\u011bt \u010cT.<\/p>\n<p><b>Ale za pozornost stoj\u00ed i tento&nbsp;&nbsp; odstavec z vyj\u00e1d\u0159en\u00ed RRTV<\/b>.<\/p>\n<p>\u201e<i>Z hlediska z\u00e1kona ov\u0161em nen\u00ed mo\u017eno hodnotit \u00farove\u0148 politick\u00e9 satiry (p\u0159ech\u00e1zej\u00edc\u00ed v crazy komedii). Je to tv\u016fr\u010d\u00ed styl, kter\u00fd se vyprofiloval u\u017e u internetov\u00e9 s\u00e9rie a byl jen p\u0159enesen do filmov\u00e9 podoby.\u201c<\/i><\/p>\n<p>I jen z uk\u00e1zek&nbsp; lze soudit, \u017ee film zdaleka nen\u00ed nestrann\u011b satirick\u00fd na v\u0161echny strany. Zasahuje do \u017eiv\u00fdch osud\u016f \u017eiv\u00fdch lid\u00ed a je jasn\u00e9, komu z nich fand\u00ed a koho tup\u00ed. Tomu, kdo m\u00e1 stejn\u00e9 obl\u00edbence a neobl\u00edbence jako tv\u016frci filmu, to tak nep\u0159ipad\u00e1, proto\u017ee ho film hlad\u00ed po srsti.<\/p>\n<p><b>Jednozna\u010dn\u00e1 anga\u017eovanost filmu je v\u00e1\u017en\u011bj\u0161\u00ed v\u011bc\u00ed ne\u017e vulgarismy. A to nebereme v \u00favahu, \u017ee tv\u016frci filmu nev\u00e1hali zneu\u017e\u00edt i pietn\u00edho aktu na N\u00e1rodn\u00ed t\u0159\u00edd\u011b.<\/b><\/p>\n<p><span style=\"font-size: medium;\"><b>Renata Kalensk\u00e1 20. 5. 2018: &#8222;<a href=\"https:\/\/www.seznamzpravy.cz\/clanek\/cesi-si-neumi-zamest-pred-vlastnim-prahem-proto-voli-politiky-jake-mame-tvrdi-stransky-47545?seq-no=61&amp;dop-ab-variant=&amp;source=clanky-home\" target=\"_blank\" rel=\"noopener\">V\u00fdzvu Seznamu<\/a>&nbsp;p\u0159ijal spisovatel, politick\u00fd koment\u00e1tor&nbsp;<\/b><b>a b\u00fdval\u00fd politick\u00fd v\u011bze\u0148 Ji\u0159\u00ed Str\u00e1nsk\u00fd<\/b><\/span><\/p>\n<p>V sam\u00e9m z\u00e1v\u011bru cca p\u011btadvacetiminutov\u00e9ho rozhovoru do\u0161lo na posledn\u00ed ot\u00e1zku.<\/p>\n<p>Kalensk\u00e1: \u201eA m\u00e1me demokratick\u00e9ho prezidenta?\u201c<br \/>\nStr\u00e1nsk\u00fd: \u201eNo, j\u00e1 bych nejrad\u0161i odpov\u011bd\u011bl tak jak jsem V\u00e1m odpov\u011bd\u011bl v t\u00fd kn\u00ed\u017ece, ale to&nbsp;&nbsp; &nbsp;<br \/>\n&nbsp;&nbsp;&nbsp;&nbsp;&nbsp;&nbsp;&nbsp;&nbsp;&nbsp;&nbsp;&nbsp;&nbsp;&nbsp;&nbsp;&nbsp;&nbsp; se tady asi nehod\u00ed.\u201c<br \/>\nKalensk\u00e1: \u201eTe\u010f u\u017e nev\u00edm.\u201c<br \/>\nStr\u00e1nsk\u00fd: \u201eNo, vy jste se m\u011b ptala, jestli je, jestli je rasista, a co je\u0161t\u011b jste se m\u011b ptala?<br \/>\n&nbsp;&nbsp;&nbsp;&nbsp;&nbsp;&nbsp;&nbsp;&nbsp;&nbsp;&nbsp;&nbsp;&nbsp;&nbsp;&nbsp;&nbsp;&nbsp; A j\u00e1 to taky \u2026 nev\u00edm, jestli to m\u016f\u017eu? Aby v\u00e1s nezak\u00e1zali kv\u016fli \u2026\u201c<br \/>\nKalensk\u00e1: \u201eNe, pov\u00eddejte.\u201c<br \/>\nStr\u00e1nsk\u00fd: \u201eA jestli &#8230;, \u017ee byl \u2026xenofob.\u201c<br \/>\nKalensk\u00e1: \u201eXenofob, ano.\u201c<br \/>\nStr\u00e1nsk\u00fd: \u201eA j\u00e1 jsem \u0159\u00edkal, to nev\u00edm, ale jedno v\u00edm bezpe\u010dn\u011b, \u017ee to je v\u016fl.\u201c<br \/>\n&nbsp;&nbsp;&nbsp;&nbsp;&nbsp;&nbsp;&nbsp;&nbsp;&nbsp;&nbsp;&nbsp;&nbsp;&nbsp;&nbsp;&nbsp;&nbsp; Str\u00e1nsk\u00e9ho sm\u00edch.<br \/>\n&nbsp;&nbsp;&nbsp;&nbsp;&nbsp;&nbsp;&nbsp;&nbsp;&nbsp;&nbsp;&nbsp;&nbsp;&nbsp;&nbsp;&nbsp; \u201eTak, a te\u010f se s t\u00edm popasujte! Ale m\u016f\u017eete to st\u0159ihnout.\u201c<br \/>\nKalensk\u00e1: \u201eJ\u00e1 to nest\u0159ihnu a d\u011bkuji, \u017ee jste p\u0159i\u0161el.\u201c<br \/>\n&nbsp;&nbsp;&nbsp;&nbsp;&nbsp;&nbsp;&nbsp;&nbsp;&nbsp;&nbsp;&nbsp;&nbsp;&nbsp;&nbsp;&nbsp;&nbsp;&nbsp; Str\u00e1nsk\u00e9ho sm\u00edch.<br \/>\nStr\u00e1nsk\u00fd: \u201cTo je hezkej konec, co?\u201c<br \/>\nKalensk\u00e1: \u201eNo, kr\u00e1snej.\u201c<\/p>\n<p><b>O tom, \u017ee by se pokrok\u00e1\u0159i v\u0161eho druhu za sv\u00e9 chov\u00e1n\u00ed styd\u011bli, velmi pochybuji. Ale&nbsp; v\u00edm zcela jist\u011b, \u017ee bychom si na n\u011b m\u011bli d\u00e1vat dobr\u00fd pozor. Abychom se jednoho r\u00e1na neprobudili v nov\u00e9 totalit\u011b.<\/b><\/div>\n<div align=\"justify\">&nbsp;<\/div>\n<div align=\"justify\"><a href=\"http:\/\/www.prazskenovinky.cz\/zpravy\/politika\/zdenek-lanz-pokrokari-vsech-druhu-stydte-se\/\">Zdroj<\/a><\/div>\n","protected":false},"excerpt":{"rendered":"<p>Sv\u011bt se, na\u0161t\u011bst\u00ed, nevyv\u00edj\u00ed \u00fapln\u011b tak, jak by si na\u0161i i sv\u011btov\u00ed pokrok\u00e1\u0159i v\u0161eho druhu p\u0159\u00e1li, p\u00ed\u0161e v koment\u00e1\u0159i pro Prvnizpravy.cz Zden\u011bk Lanz.<\/p>\n","protected":false},"author":1,"featured_media":0,"comment_status":"open","ping_status":"open","sticky":false,"template":"","format":"standard","meta":{"ngg_post_thumbnail":0,"footnotes":""},"categories":[11],"tags":[],"class_list":["post-8890","post","type-post","status-publish","format-standard","hentry","category-ozvena"],"_links":{"self":[{"href":"https:\/\/www.ladislavjakl.cz\/index.php?rest_route=\/wp\/v2\/posts\/8890","targetHints":{"allow":["GET"]}}],"collection":[{"href":"https:\/\/www.ladislavjakl.cz\/index.php?rest_route=\/wp\/v2\/posts"}],"about":[{"href":"https:\/\/www.ladislavjakl.cz\/index.php?rest_route=\/wp\/v2\/types\/post"}],"author":[{"embeddable":true,"href":"https:\/\/www.ladislavjakl.cz\/index.php?rest_route=\/wp\/v2\/users\/1"}],"replies":[{"embeddable":true,"href":"https:\/\/www.ladislavjakl.cz\/index.php?rest_route=%2Fwp%2Fv2%2Fcomments&post=8890"}],"version-history":[{"count":1,"href":"https:\/\/www.ladislavjakl.cz\/index.php?rest_route=\/wp\/v2\/posts\/8890\/revisions"}],"predecessor-version":[{"id":8891,"href":"https:\/\/www.ladislavjakl.cz\/index.php?rest_route=\/wp\/v2\/posts\/8890\/revisions\/8891"}],"wp:attachment":[{"href":"https:\/\/www.ladislavjakl.cz\/index.php?rest_route=%2Fwp%2Fv2%2Fmedia&parent=8890"}],"wp:term":[{"taxonomy":"category","embeddable":true,"href":"https:\/\/www.ladislavjakl.cz\/index.php?rest_route=%2Fwp%2Fv2%2Fcategories&post=8890"},{"taxonomy":"post_tag","embeddable":true,"href":"https:\/\/www.ladislavjakl.cz\/index.php?rest_route=%2Fwp%2Fv2%2Ftags&post=8890"}],"curies":[{"name":"wp","href":"https:\/\/api.w.org\/{rel}","templated":true}]}}