{"id":8892,"date":"2018-08-08T09:41:48","date_gmt":"2018-08-08T07:41:48","guid":{"rendered":"http:\/\/www.ladislavjakl.cz\/?p=8892"},"modified":"2018-08-08T09:41:48","modified_gmt":"2018-08-08T07:41:48","slug":"klausuv-poskok-s-ohonem-ladislav-jakl-proridle-hrivy-se-nikdy-nevzda","status":"publish","type":"post","link":"https:\/\/www.ladislavjakl.cz\/?p=8892","title":{"rendered":"\u201eKlaus\u016fv poskok s ohonem\u201c Ladislav Jakl: Pro\u0159\u00eddl\u00e9 h\u0159\u00edvy se nikdy nevzd\u00e1!"},"content":{"rendered":"<div class=\"opener\">B\u00fdval\u00fd tajemn\u00edk prezidenta V\u00e1clava Klause Ladislav Jakl (58) chce zp\u00e1tky do politiky! Rocker t\u011blem i du\u0161\u00ed spojil sv\u00e9 s\u00edly s kontroverzn\u00ed SPD Tomia Okamury a hned si za kandidaturu do Sen\u00e1tu vyslou\u017eil po\u0159\u00e1dnou n\u00e1lo\u017e, obul se do n\u011bj nap\u0159\u00edklad kritik Jan Rej\u017eek. Ka\u017edop\u00e1dn\u011b je zvl\u00e1\u0161tn\u00ed, \u017ee \u0161pi\u010dk\u00e1m SPD, kter\u00e9 pir\u00e1t\u016fm nad\u00e1vaj\u00ed do alkoholik\u016f a fe\u0165\u00e1k\u016f, nevad\u00ed Jakl\u016fv \u201ejet\u00fd\u201c vzhled zastydl\u00e9 m\u00e1ni\u010dky.<\/div>\n<p><!--more--><\/p>\n<div id=\"art-text\" class=\"text\">\n<div class=\"bbtext\">\n<p>Fakt, \u017ee se do politiky hodl\u00e1 Ladislav Jakl vr\u00e1tit, po\u0159\u00e1dn\u011b nadzvedl ze \u017eidle kritika&nbsp;<a class=\"text-link\" href=\"https:\/\/www.expres.cz\/jan-rejzek-jachym-rejzek-nasili-d3l-\/zpravy.aspx?c=A170712_183334_dx-zpravy_beta\" target=\"_blank\" rel=\"noopener\">Jana Rej\u017eka<\/a>, kter\u00fd ostr\u00fdmi slovy rozhodn\u011b ne\u0161et\u0159il.&nbsp;<b><i>\u201eTo se dalo \u010dekat, \u017ee to z Klausova poskoka jednou vyh\u0159ezne. Ten idiot s ohonem Jakl bude kandidovat za n\u00e1cky z SPD!\u201c<\/i><\/b>&nbsp;rozohnil se. Faktem je, \u017ee kandid\u00e1t do Sen\u00e1tu o sob\u011b dal hned n\u011bkolikr\u00e1t v\u011bd\u011bt, kdy\u017e \u0159ekl v\u00edc, ne\u017e bylo t\u0159eba. Kontroverzn\u00ed v\u00fdroky jsou evidentn\u011b Jaklov\u00fdm hobby.<\/p>\n<p><i><b>\u201eJestli se m\u011b chcete zeptat, jestli si mysl\u00edm, \u017ee volebn\u00ed pr\u00e1vo&nbsp;\u017een byla chyba, tak j\u00e1 \u0159\u00edk\u00e1m ano a dod\u00e1v\u00e1m, \u017ee to nen\u00ed nic proti \u017een\u00e1m,\u201c<\/b><\/i>&nbsp;\u0159ekl b\u011bhem diskusn\u00edho ve\u010dera Hovory na pravici na t\u00e9ma Rok 2017 \u2013 rok kontrarevoluce?.&nbsp;<i><b><br \/>\n<\/b><\/i><\/p>\n<p><i><b>\u201eP\u0159edchoz\u00ed volebn\u00ed pr\u00e1vo bylo pr\u00e1vo rodiny. Rodina m\u011bla hlas, to byla ta jednotka. V okam\u017eiku, kdy rodina nebyla jednotkou v\u016f\u010di st\u00e1tu, tehdy byl zalo\u017een pr\u016f\u0161vih rodiny v dne\u0161n\u00edm slova smyslu,\u201c&nbsp;<\/b><\/i>\u0159ekl tehdy Jakl, jemu\u017e n\u011bjak\u00fd \u010das nemohlo p\u0159ij\u00edt na jm\u00e9no nejedno feministick\u00e9 hnut\u00ed.<\/p>\n<p>Krom\u011b sv\u00e9r\u00e1zn\u00fdch v\u00fdrok\u016f proslula&nbsp;<a class=\"text-link\" href=\"https:\/\/www.expres.cz\/vaclav-klaus-c9e-\/zpravy.aspx?klic=628029\" target=\"_blank\" rel=\"noopener\">Klausova<\/a>&nbsp;prav\u00e1 ruka i sv\u00fdm zjevem, kter\u00fd nezap\u0159e du\u0161i rockera.<b>&nbsp;Jaklovy vlasy sice s l\u00e9ty notn\u011b pro\u0159\u00eddly, vzd\u00e1t se jich ale nehodl\u00e1. I za cenu toho, \u017ee ho nepozvou jako hosta do televizn\u00edho po\u0159adu, proto\u017ee nakonec daj\u00ed p\u0159ednost n\u011bkomu upraven\u011bj\u0161\u00edmu a \u201eviz\u00e1\u017eov\u011b p\u0159ijateln\u011bj\u0161\u00edmu\u201c.<\/b><\/p>\n<p><a href=\"https:\/\/www.expres.cz\/ladislav-jakl-kandidatka-spd-dg0-\/zpravy.aspx?c=A180802_125354_dx-zpravy_vlt\">Zdroj<\/a><\/p>\n<\/div>\n<\/div>\n","protected":false},"excerpt":{"rendered":"<p>B\u00fdval\u00fd tajemn\u00edk prezidenta V\u00e1clava Klause Ladislav Jakl (58) chce zp\u00e1tky do politiky! Rocker t\u011blem i du\u0161\u00ed spojil sv\u00e9 s\u00edly s kontroverzn\u00ed SPD Tomia Okamury a hned si za kandidaturu do Sen\u00e1tu vyslou\u017eil po\u0159\u00e1dnou n\u00e1lo\u017e, obul se do n\u011bj nap\u0159\u00edklad kritik Jan Rej\u017eek. Ka\u017edop\u00e1dn\u011b je zvl\u00e1\u0161tn\u00ed, \u017ee \u0161pi\u010dk\u00e1m SPD, kter\u00e9 pir\u00e1t\u016fm nad\u00e1vaj\u00ed do alkoholik\u016f a fe\u0165\u00e1k\u016f, [&hellip;]<\/p>\n","protected":false},"author":1,"featured_media":0,"comment_status":"open","ping_status":"open","sticky":false,"template":"","format":"standard","meta":{"ngg_post_thumbnail":0,"footnotes":""},"categories":[11],"tags":[],"class_list":["post-8892","post","type-post","status-publish","format-standard","hentry","category-ozvena"],"_links":{"self":[{"href":"https:\/\/www.ladislavjakl.cz\/index.php?rest_route=\/wp\/v2\/posts\/8892","targetHints":{"allow":["GET"]}}],"collection":[{"href":"https:\/\/www.ladislavjakl.cz\/index.php?rest_route=\/wp\/v2\/posts"}],"about":[{"href":"https:\/\/www.ladislavjakl.cz\/index.php?rest_route=\/wp\/v2\/types\/post"}],"author":[{"embeddable":true,"href":"https:\/\/www.ladislavjakl.cz\/index.php?rest_route=\/wp\/v2\/users\/1"}],"replies":[{"embeddable":true,"href":"https:\/\/www.ladislavjakl.cz\/index.php?rest_route=%2Fwp%2Fv2%2Fcomments&post=8892"}],"version-history":[{"count":1,"href":"https:\/\/www.ladislavjakl.cz\/index.php?rest_route=\/wp\/v2\/posts\/8892\/revisions"}],"predecessor-version":[{"id":8893,"href":"https:\/\/www.ladislavjakl.cz\/index.php?rest_route=\/wp\/v2\/posts\/8892\/revisions\/8893"}],"wp:attachment":[{"href":"https:\/\/www.ladislavjakl.cz\/index.php?rest_route=%2Fwp%2Fv2%2Fmedia&parent=8892"}],"wp:term":[{"taxonomy":"category","embeddable":true,"href":"https:\/\/www.ladislavjakl.cz\/index.php?rest_route=%2Fwp%2Fv2%2Fcategories&post=8892"},{"taxonomy":"post_tag","embeddable":true,"href":"https:\/\/www.ladislavjakl.cz\/index.php?rest_route=%2Fwp%2Fv2%2Ftags&post=8892"}],"curies":[{"name":"wp","href":"https:\/\/api.w.org\/{rel}","templated":true}]}}