{"id":8894,"date":"2018-08-08T09:42:41","date_gmt":"2018-08-08T07:42:41","guid":{"rendered":"http:\/\/www.ladislavjakl.cz\/?p=8894"},"modified":"2018-08-31T12:10:07","modified_gmt":"2018-08-31T10:10:07","slug":"jakl-zasadni-je-odpor-k-migraci-program-spd-me-jinak-vubec-nezajima-migraci-organizuje-a-ridi-eu","status":"publish","type":"post","link":"https:\/\/www.ladislavjakl.cz\/?p=8894","title":{"rendered":"Jakl: Z\u00e1sadn\u00ed je odpor k migraci, program SPD m\u011b jinak v\u016fbec nezaj\u00edm\u00e1. Migraci organizuje a \u0159\u00edd\u00ed EU"},"content":{"rendered":"<p>SPD mi sl\u00edbila podporu v kampani, tato strana nejd\u016fsledn\u011bji artikuluje sv\u00e9 postoje v\u016f\u010di nejv\u011bt\u0161\u00edm probl\u00e9m\u016fm dne\u0161ka &#8211; utahov\u00e1n\u00ed \u0161roub\u016f bruselsk\u00e9 byrokracie a organizovan\u00e9 migraci. Program SPD m\u011b nezaj\u00edm\u00e1, zaj\u00edm\u00e1 m\u011b jen odpor k migraci a evropsk\u00e9 integraci. Migrace je \u0159\u00edzena org\u00e1ny EU, je to otev\u0159en\u00e1 politika o prosp\u011b\u0161nosti masov\u00e9 migrace, pod z\u00e1minkou boje proti pa\u0161er\u00e1k\u016fm se jim pom\u00e1h\u00e1, \u0159\u00edk\u00e1 Ladislav Jakl, kter\u00fd kandiduje do Sen\u00e1tu za SPD. Dod\u00e1v\u00e1, \u017ee migranti a Evropsk\u00e1 unie n\u00e1m berou na\u0161e \u010desk\u00e9 h\u0159i\u0161t\u011b a svoboda je podle n\u011bj d\u016fle\u017eit\u011bj\u0161\u00ed ne\u017e demokracie.<\/p>\n<p><!--more--><\/p>\n<p><a href=\"https:\/\/video.aktualne.cz\/dvtv\/jakl-zasadni-je-odpor-k-migraci-program-spd-me-jinak-vubec-n\/r~318ec0c8964a11e89271ac1f6b220ee8\/\">Zdroj<\/a><\/p>\n","protected":false},"excerpt":{"rendered":"<p>SPD mi sl\u00edbila podporu v kampani, tato strana nejd\u016fsledn\u011bji artikuluje sv\u00e9 postoje v\u016f\u010di nejv\u011bt\u0161\u00edm probl\u00e9m\u016fm dne\u0161ka &#8211; utahov\u00e1n\u00ed \u0161roub\u016f bruselsk\u00e9 byrokracie a organizovan\u00e9 migraci. Program SPD m\u011b nezaj\u00edm\u00e1, zaj\u00edm\u00e1 m\u011b jen odpor k migraci a evropsk\u00e9 integraci. Migrace je \u0159\u00edzena org\u00e1ny EU, je to otev\u0159en\u00e1 politika o prosp\u011b\u0161nosti masov\u00e9 migrace, pod z\u00e1minkou boje proti pa\u0161er\u00e1k\u016fm [&hellip;]<\/p>\n","protected":false},"author":1,"featured_media":0,"comment_status":"open","ping_status":"open","sticky":false,"template":"","format":"standard","meta":{"ngg_post_thumbnail":0,"footnotes":""},"categories":[22,13,12],"tags":[],"class_list":["post-8894","post","type-post","status-publish","format-standard","hentry","category-jakl-senator","category-rozhovory","category-video"],"_links":{"self":[{"href":"https:\/\/www.ladislavjakl.cz\/index.php?rest_route=\/wp\/v2\/posts\/8894","targetHints":{"allow":["GET"]}}],"collection":[{"href":"https:\/\/www.ladislavjakl.cz\/index.php?rest_route=\/wp\/v2\/posts"}],"about":[{"href":"https:\/\/www.ladislavjakl.cz\/index.php?rest_route=\/wp\/v2\/types\/post"}],"author":[{"embeddable":true,"href":"https:\/\/www.ladislavjakl.cz\/index.php?rest_route=\/wp\/v2\/users\/1"}],"replies":[{"embeddable":true,"href":"https:\/\/www.ladislavjakl.cz\/index.php?rest_route=%2Fwp%2Fv2%2Fcomments&post=8894"}],"version-history":[{"count":1,"href":"https:\/\/www.ladislavjakl.cz\/index.php?rest_route=\/wp\/v2\/posts\/8894\/revisions"}],"predecessor-version":[{"id":8895,"href":"https:\/\/www.ladislavjakl.cz\/index.php?rest_route=\/wp\/v2\/posts\/8894\/revisions\/8895"}],"wp:attachment":[{"href":"https:\/\/www.ladislavjakl.cz\/index.php?rest_route=%2Fwp%2Fv2%2Fmedia&parent=8894"}],"wp:term":[{"taxonomy":"category","embeddable":true,"href":"https:\/\/www.ladislavjakl.cz\/index.php?rest_route=%2Fwp%2Fv2%2Fcategories&post=8894"},{"taxonomy":"post_tag","embeddable":true,"href":"https:\/\/www.ladislavjakl.cz\/index.php?rest_route=%2Fwp%2Fv2%2Ftags&post=8894"}],"curies":[{"name":"wp","href":"https:\/\/api.w.org\/{rel}","templated":true}]}}