{"id":8898,"date":"2018-08-08T09:44:46","date_gmt":"2018-08-08T07:44:46","guid":{"rendered":"http:\/\/www.ladislavjakl.cz\/?p=8898"},"modified":"2018-08-08T09:44:46","modified_gmt":"2018-08-08T07:44:46","slug":"sbohem-pravice-sbohem-levice-sejdeme-se-v-spd","status":"publish","type":"post","link":"https:\/\/www.ladislavjakl.cz\/?p=8898","title":{"rendered":"Sbohem, pravice. Sbohem, levice. Sejdeme se v SPD"},"content":{"rendered":"<p class=\"article-komentar__preview\">V sen\u00e1tn\u00edch volb\u00e1ch budou v Praze za SPD kandidovat tak\u00e9 n\u011bkdej\u0161\u00ed tajemn\u00edk prezidenta V\u00e1clava Klause Ladislav Jakl a b\u00fdval\u00fd soci\u00e1ln\u011bdemokratick\u00fd ministr zdravotnictv\u00ed ve vl\u00e1d\u011b Milo\u0161e Zemana Ivan David. Pro Okamur\u016fv podnik tyto p\u0159\u00edr\u016fstky mohou znamenat drobn\u00fd pokrok na cest\u011b ke zd\u00e1n\u00ed respektability \u2013&nbsp;bude m\u00edt v \u0159ad\u00e1ch lidi s del\u0161\u00ed politickou zku\u0161enost\u00ed, nav\u00edc z t\u011bch nejvy\u0161\u0161\u00edch pater \u2013, jakkoliv hodnota t\u00e9 zku\u0161enosti m\u016f\u017ee \u010dlov\u011bku p\u0159ipadat sporn\u00e1.<\/p>\n<p><!--more--><\/p>\n<p class=\"article-komentar__preview\">Z\u00e1rove\u0148 ty kandidatury jsou dal\u0161\u00edm projevem procesu, kter\u00fd na Z\u00e1pad\u011b u\u017e n\u011bjakou dobu prob\u00edh\u00e1. Jak\u00e9hosi z\u00e1sadn\u00edho politick\u00e9ho p\u0159eskupen\u00ed, p\u0159er\u00fdsov\u00e1n\u00ed t\u011bch hlavn\u00edch rozd\u011blovac\u00edch lini\u00ed ve spole\u010dnosti i politice. Jakl a David mohli d\u0159\u00edv p\u0159edstavovat jej\u00ed opa\u010dn\u00e9 p\u00f3ly&nbsp;\u2013 Klaus\u016fv tajemn\u00edk se hl\u00e1sil k pravici, b\u00fdval\u00fd ministr zas pat\u0159il k levicov\u00e9mu k\u0159\u00eddlu soci\u00e1ln\u00ed demokracie. Dnes se se\u0161li na kandid\u00e1tce autorit\u00e1\u0159sk\u00e9 strany, je\u017e m\u00e1 v n\u00e1zvu p\u0159\u00edmou demokracii.<\/p>\n<p class=\"article-komentar__preview\">\u010casto se mluv\u00ed o tom, \u017ee d\u011blen\u00ed politiky na pravici a levici u\u017e je p\u0159ekonan\u00e9, a n\u011bkdy jsou to dost m\u011blk\u00e9 \u0159e\u010di. Ale v n\u011bjak\u00e9 m\u00ed\u0159e se to skute\u010dn\u011b d\u011bje. Je to paradox \u2013&nbsp;tradi\u010dn\u00ed, komunistick\u00e1 i nekomunistick\u00e1 levice,&nbsp;stejn\u011b jako&nbsp;klausovsk\u00e1 pravice razily velmi ekonomizuj\u00edc\u00ed pohled na \u010dlov\u011bka. O pen\u00edze jde a\u017e v prvn\u00ed \u0159ad\u011b. Li\u0161ily se samoz\u0159ejm\u011b v n\u00e1zoru na to, jak pen\u00edze p\u0159erozd\u011blovat \u010di nep\u0159erozd\u011blovat, jak ekonomiku regulovat nebo neregulovat a tak d\u00e1le. Zd\u00e1 se, \u017ee jim historie \u2013&nbsp;alespo\u0148 v tomhle ohledu \u2013&nbsp;ned\u00e1v\u00e1 za pravdu. To nejd\u016fle\u017eit\u011bj\u0161\u00ed d\u011bl\u00edtko dne\u0161ka je nakonec v \u0161ir\u0161\u00edm slova smyslu kulturn\u00ed.<\/p>\n<p><a href=\"https:\/\/echo24.cz\/a\/SRvnP\/sbohem-pravice-sbohem-levice-sejdeme-se-v-spd\">Zdroj<\/a><\/p>\n","protected":false},"excerpt":{"rendered":"<p>V sen\u00e1tn\u00edch volb\u00e1ch budou v Praze za SPD kandidovat tak\u00e9 n\u011bkdej\u0161\u00ed tajemn\u00edk prezidenta V\u00e1clava Klause Ladislav Jakl a b\u00fdval\u00fd soci\u00e1ln\u011bdemokratick\u00fd ministr zdravotnictv\u00ed ve vl\u00e1d\u011b Milo\u0161e Zemana Ivan David. Pro Okamur\u016fv podnik tyto p\u0159\u00edr\u016fstky mohou znamenat drobn\u00fd pokrok na cest\u011b ke zd\u00e1n\u00ed respektability \u2013&nbsp;bude m\u00edt v \u0159ad\u00e1ch lidi s del\u0161\u00ed politickou zku\u0161enost\u00ed, nav\u00edc z t\u011bch nejvy\u0161\u0161\u00edch [&hellip;]<\/p>\n","protected":false},"author":1,"featured_media":0,"comment_status":"open","ping_status":"open","sticky":false,"template":"","format":"standard","meta":{"ngg_post_thumbnail":0,"footnotes":""},"categories":[11],"tags":[],"class_list":["post-8898","post","type-post","status-publish","format-standard","hentry","category-ozvena"],"_links":{"self":[{"href":"https:\/\/www.ladislavjakl.cz\/index.php?rest_route=\/wp\/v2\/posts\/8898","targetHints":{"allow":["GET"]}}],"collection":[{"href":"https:\/\/www.ladislavjakl.cz\/index.php?rest_route=\/wp\/v2\/posts"}],"about":[{"href":"https:\/\/www.ladislavjakl.cz\/index.php?rest_route=\/wp\/v2\/types\/post"}],"author":[{"embeddable":true,"href":"https:\/\/www.ladislavjakl.cz\/index.php?rest_route=\/wp\/v2\/users\/1"}],"replies":[{"embeddable":true,"href":"https:\/\/www.ladislavjakl.cz\/index.php?rest_route=%2Fwp%2Fv2%2Fcomments&post=8898"}],"version-history":[{"count":1,"href":"https:\/\/www.ladislavjakl.cz\/index.php?rest_route=\/wp\/v2\/posts\/8898\/revisions"}],"predecessor-version":[{"id":8899,"href":"https:\/\/www.ladislavjakl.cz\/index.php?rest_route=\/wp\/v2\/posts\/8898\/revisions\/8899"}],"wp:attachment":[{"href":"https:\/\/www.ladislavjakl.cz\/index.php?rest_route=%2Fwp%2Fv2%2Fmedia&parent=8898"}],"wp:term":[{"taxonomy":"category","embeddable":true,"href":"https:\/\/www.ladislavjakl.cz\/index.php?rest_route=%2Fwp%2Fv2%2Fcategories&post=8898"},{"taxonomy":"post_tag","embeddable":true,"href":"https:\/\/www.ladislavjakl.cz\/index.php?rest_route=%2Fwp%2Fv2%2Ftags&post=8898"}],"curies":[{"name":"wp","href":"https:\/\/api.w.org\/{rel}","templated":true}]}}