{"id":8902,"date":"2018-08-09T09:27:24","date_gmt":"2018-08-09T07:27:24","guid":{"rendered":"http:\/\/www.ladislavjakl.cz\/?p=8902"},"modified":"2018-08-09T09:27:24","modified_gmt":"2018-08-09T07:27:24","slug":"jakl-na-dvtv-migrace-a-bruselska-centralizace-jsou-dulezitejsi-nez-nejake-programove-rozdily","status":"publish","type":"post","link":"https:\/\/www.ladislavjakl.cz\/?p=8902","title":{"rendered":"Jakl na DVTV: Migrace a bruselsk\u00e1 centralizace jsou d\u016fle\u017eit\u011bj\u0161\u00ed ne\u017e n\u011bjak\u00e9 programov\u00e9 rozd\u00edly"},"content":{"rendered":"<p>SPD mi sl\u00edbila podporu v kampani, tato strana nejd\u016fsledn\u011bji artikuluje sv\u00e9 postoje v\u016f\u010di nejv\u011bt\u0161\u00edm probl\u00e9m\u016fm dne\u0161ka &#8211; utahov\u00e1n\u00ed \u0161roub\u016f bruselsk\u00e9 byrokracie a organizovan\u00e9 migraci. Program SPD m\u011b nezaj\u00edm\u00e1, zaj\u00edm\u00e1 m\u011b jen odpor k migraci a evropsk\u00e9 integraci. Migrace je \u0159\u00edzena org\u00e1ny EU, je to otev\u0159en\u00e1 politika o prosp\u011b\u0161nosti masov\u00e9 migrace, pod z\u00e1minkou boje proti pa\u0161er\u00e1k\u016fm se jim pom\u00e1h\u00e1, \u0159\u00edk\u00e1 Ladislav Jakl, kter\u00fd kandiduje do Sen\u00e1tu za SPD. Dod\u00e1v\u00e1, \u017ee migranti a Evropsk\u00e1 unie n\u00e1m berou na\u0161e \u010desk\u00e9 h\u0159i\u0161t\u011b a svoboda je podle n\u011bj d\u016fle\u017eit\u011bj\u0161\u00ed ne\u017e demokracie.<\/p>\n<p><!--more--><\/p>\n<p><a href=\"https:\/\/video.aktualne.cz\/dvtv\/jakl-zasadni-je-odpor-k-migraci-program-spd-me-jinak-vubec-n\/r~318ec0c8964a11e89271ac1f6b220ee8\/?redirected=1533799603\">Video ZDE<\/a><\/p>\n","protected":false},"excerpt":{"rendered":"<p>SPD mi sl\u00edbila podporu v kampani, tato strana nejd\u016fsledn\u011bji artikuluje sv\u00e9 postoje v\u016f\u010di nejv\u011bt\u0161\u00edm probl\u00e9m\u016fm dne\u0161ka &#8211; utahov\u00e1n\u00ed \u0161roub\u016f bruselsk\u00e9 byrokracie a organizovan\u00e9 migraci. Program SPD m\u011b nezaj\u00edm\u00e1, zaj\u00edm\u00e1 m\u011b jen odpor k migraci a evropsk\u00e9 integraci. Migrace je \u0159\u00edzena org\u00e1ny EU, je to otev\u0159en\u00e1 politika o prosp\u011b\u0161nosti masov\u00e9 migrace, pod z\u00e1minkou boje proti pa\u0161er\u00e1k\u016fm [&hellip;]<\/p>\n","protected":false},"author":1,"featured_media":0,"comment_status":"open","ping_status":"open","sticky":false,"template":"","format":"standard","meta":{"ngg_post_thumbnail":0,"footnotes":""},"categories":[22,13],"tags":[],"class_list":["post-8902","post","type-post","status-publish","format-standard","hentry","category-jakl-senator","category-rozhovory"],"_links":{"self":[{"href":"https:\/\/www.ladislavjakl.cz\/index.php?rest_route=\/wp\/v2\/posts\/8902","targetHints":{"allow":["GET"]}}],"collection":[{"href":"https:\/\/www.ladislavjakl.cz\/index.php?rest_route=\/wp\/v2\/posts"}],"about":[{"href":"https:\/\/www.ladislavjakl.cz\/index.php?rest_route=\/wp\/v2\/types\/post"}],"author":[{"embeddable":true,"href":"https:\/\/www.ladislavjakl.cz\/index.php?rest_route=\/wp\/v2\/users\/1"}],"replies":[{"embeddable":true,"href":"https:\/\/www.ladislavjakl.cz\/index.php?rest_route=%2Fwp%2Fv2%2Fcomments&post=8902"}],"version-history":[{"count":1,"href":"https:\/\/www.ladislavjakl.cz\/index.php?rest_route=\/wp\/v2\/posts\/8902\/revisions"}],"predecessor-version":[{"id":8903,"href":"https:\/\/www.ladislavjakl.cz\/index.php?rest_route=\/wp\/v2\/posts\/8902\/revisions\/8903"}],"wp:attachment":[{"href":"https:\/\/www.ladislavjakl.cz\/index.php?rest_route=%2Fwp%2Fv2%2Fmedia&parent=8902"}],"wp:term":[{"taxonomy":"category","embeddable":true,"href":"https:\/\/www.ladislavjakl.cz\/index.php?rest_route=%2Fwp%2Fv2%2Fcategories&post=8902"},{"taxonomy":"post_tag","embeddable":true,"href":"https:\/\/www.ladislavjakl.cz\/index.php?rest_route=%2Fwp%2Fv2%2Ftags&post=8902"}],"curies":[{"name":"wp","href":"https:\/\/api.w.org\/{rel}","templated":true}]}}