{"id":8904,"date":"2018-08-09T09:28:41","date_gmt":"2018-08-09T07:28:41","guid":{"rendered":"http:\/\/www.ladislavjakl.cz\/?p=8904"},"modified":"2018-08-09T09:28:41","modified_gmt":"2018-08-09T07:28:41","slug":"dlouha-cesta-k-politickemu-domovu-jiri-pehe","status":"publish","type":"post","link":"https:\/\/www.ladislavjakl.cz\/?p=8904","title":{"rendered":"Dlouh\u00e1 cesta k politick\u00e9mu domovu &#8211; Ji\u0159\u00ed Pehe"},"content":{"rendered":"<p>V sen\u00e1tn\u00edch volb\u00e1ch budou za hnut\u00ed Svoboda a&nbsp;p\u0159\u00edm\u00e1 demokracie kandidovat kup\u0159\u00edkladu i&nbsp;b\u00fdval\u00fd \u0161\u00e9f politick\u00e9ho odboru prezidenta V\u00e1clava Klause Ladislav Jakl nebo b\u00fdval\u00fd ministr ve vl\u00e1d\u011b Milo\u0161e Zemana Ivan David. Je to dob\u0159e, proto\u017ee tak p\u0159estanou m\u00e1st ve\u0159ejnost ohledn\u011b toho, k\u00fdm vlastn\u011b politicky jsou.<\/p>\n<p><!--more--><\/p>\n<div class=\"pictureBox\"><img loading=\"lazy\" decoding=\"async\" id=\"gallPicture\" title=\"Ji\u0159\u00ed Pehe\" src=\"https:\/\/media.novinky.cz\/349\/463496-top_foto1-xqgtz.jpg?1533277805\" alt=\"Ji\u0159\u00ed Pehe\" width=\"600\" height=\"338\"><\/p>\n<div id=\"pictureInnerBox\" class=\"pictureZoomInButton\">\n<div id=\"gallBox\" class=\"gallBox pasive\">&nbsp;<\/div>\n<div>\n<p>Jakl se dlouhou dobu profiloval jako liber\u00e1l, kter\u00fd m\u00e1 bl\u00edzko k&nbsp;ODS. Jeho n\u00e1zory byly v\u017edy pon\u011bkud politicky \u201ezt\u0159e\u0161t\u011bn\u00e9\u201c, co\u017e se p\u0159i\u010d\u00edtalo snah\u00e1m st\u00e1le je\u0161t\u011b aktivn\u00edho rockera \u0161okovat a&nbsp;provokovat. V&nbsp;t\u00fdmu V\u00e1clava Klause ho sv\u00fdmi kontroverzn\u00edmi n\u00e1zory zast\u00ednil jen Petr H\u00e1jek, kter\u00fd by dnes byl pro SPD t\u00e9\u017e velkou posilou.<\/p>\n<p>Je ostatn\u011b zcela p\u0159\u00edpadn\u00e9, \u017ee k&nbsp;SPD gravituj\u00ed pr\u00e1v\u011b lid\u00e9 z&nbsp;okol\u00ed Klause. Ten se s\u00e1m dnes anga\u017euje v&nbsp;podpo\u0159e Alternativy pro N\u011bmecko, co\u017e je takov\u00e1 n\u011bmeck\u00e1 obdoba okamurovc\u016f. \u0160\u00e9f AFD kup\u0159\u00edkladu ned\u00e1vno prohl\u00e1sil, \u017ee nacismus je jen takov\u00e9 pta\u010d\u00ed hov\u00ednko na n\u011bmeck\u00fdch d\u011bjin\u00e1ch. I&nbsp;okamurovci obecn\u011b hl\u00e1saj\u00ed n\u00e1zory, kter\u00e9 by s\u00e1m Klaus z&nbsp;velk\u00e9 v\u011bt\u0161iny bezpochyby podepsal \u2013&nbsp;od prorusk\u00fdch postoj\u016f p\u0159es imigra\u010dn\u00ed hysterii a\u017e k&nbsp;siln\u00e9 protievropsk\u00e9 r\u00e9torice. \u263a<\/p>\n<p>Stejn\u011b jako se Jakl vcelku \u00fasp\u011b\u0161n\u011b dlouhodob\u011b vyd\u00e1val za liber\u00e1la, s&nbsp;jeho\u017e n\u00e1zory lze sice nesouhlasit, ale v&nbsp;r\u00e1mci klasick\u00e9 pravolev\u00e9 \u0161k\u00e1ly je t\u0159eba je br\u00e1t v\u00e1\u017en\u011b, Ivan David se profiloval jako soci\u00e1ln\u00ed demokrat. I&nbsp;jeho n\u00e1zory ov\u0161em byly pon\u011bkud \u201ev\u00fdst\u0159edn\u00ed\u201c. Jakmile za\u010dal komentovat cokoliv, co p\u0159esahovalo jeho odbornost, bylo z\u0159ejm\u00e9, \u017ee by mu bylo politicky mnohem l\u00e9pe v&nbsp;n\u011bjak\u00e9 krajn\u011b pravicov\u00e9 nebo krajn\u011b levicov\u00e9 formaci.<\/p>\n<p>Jakl\u016fv i&nbsp;David\u016fv politick\u00fd \u201ecoming out\u201c je tak z\u00e1slu\u017en\u00fd \u010din, proto\u017ee oba u\u017e nebudou muset extr\u00e9mn\u00ed n\u00e1zory schov\u00e1vat pod slupku n\u011bjak\u00e9 um\u00edrn\u011bn\u011bj\u0161\u00ed politick\u00e9 ideologie. Ulev\u00ed se i&nbsp;m\u00e9di\u00edm.<\/p>\n<p>\u010cesk\u00e1 televize kup\u0159\u00edkladu ned\u00e1vno pozvala Jakla do diskuzn\u00edho po\u0159adu, aby debatoval s&nbsp;respektovan\u00fdm profesorem Bostonsk\u00e9 univerzity Igorem Luke\u0161em o&nbsp;USA. Ten se coby odborn\u00edk na mezin\u00e1rodn\u00ed vztahy ohradil proti tomu, \u017ee je nucen diskutovat s&nbsp;n\u011bk\u00fdm, kdo nen\u00ed zn\u00e1m \u017e\u00e1dnou odbornost\u00ed na dan\u00e9 t\u00e9ma. Jaklovo \u201eodborn\u00e9\u201c z\u00e1zem\u00ed se nach\u00e1z\u00ed v&nbsp;ideologicky umanut\u00e9m Institutu V\u00e1clava Klause, jeho\u017e zahrani\u010dn\u011bpolitick\u00e9 pohledy se jev\u00ed jako kopie z&nbsp;kremelsk\u00e9 propagandy.<\/p>\n<p>V debat\u011b, kter\u00e1 n\u00e1sledovala, se n\u011bkte\u0159\u00ed Jakla zast\u00e1vali. M\u00e1 pr\u00fd pr\u00e1vo prezentovat svoje n\u00e1zory i&nbsp;v&nbsp;debat\u011b s&nbsp;odborn\u00edkem a&nbsp;\u010cT ve sv\u00e9m hled\u00e1n\u00ed vyv\u00e1\u017eenosti nepochybila. Jaklovo kur\u00e1\u017en\u00e9 rozhodnut\u00ed spojit se s&nbsp;SPD nyn\u00ed \u010cT jej\u00ed pon\u011bkud sv\u00e9r\u00e1zn\u00e9 hled\u00e1n\u00ed \u201evyv\u00e1\u017eenosti\u201c uleh\u010d\u00ed.<\/p>\n<p>Pozvat do studia odborn\u00edka, aby v\u00e1\u017en\u011b debatoval s&nbsp;\u010dlov\u011bkem spjat\u00fdm s&nbsp;n\u011bk\u00fdm z&nbsp;\u0159ad SPD, u\u017e toti\u017e nen\u00ed jen ot\u00e1zka vkusu. A&nbsp;to ani kdyby s\u00e1m prezident Zeman stokr\u00e1t opakoval, \u017ee se s&nbsp;n\u00e1zory SPD p\u0159ekr\u00fdvaj\u00ed i&nbsp;ty jeho, a&nbsp;i&nbsp;proto nav\u0161t\u011bvuje sjezdy tohoto hnut\u00ed.<\/p>\n<p>Jaklovi a&nbsp;Davidovi nelze ne\u017e pop\u0159\u00e1t, aby se ve sv\u00e9m nov\u00e9m politick\u00e9m domov\u011b c\u00edtili dob\u0159e. Nen\u00ed sice pravd\u011bpodobn\u00e9, \u017ee je nakonec uvid\u00edme v&nbsp;Sen\u00e1tu, ale i&nbsp;ti, kte\u0159\u00ed dosud trochu t\u00e1pali ohledn\u011b jejich politick\u00e9ho za\u0159azen\u00ed, budou m\u00edt jasn\u011bji.<\/p>\n<p>\u0160koda jen, \u017ee jejich p\u0159\u00edkladu nen\u00e1sleduj\u00ed n\u011bkte\u0159\u00ed dal\u0161\u00ed politici, pop\u0159\u00edpad\u011b stranicky anga\u017eovan\u00ed koment\u00e1to\u0159i, kte\u0159\u00ed n\u00e1zorov\u011b u\u017e n\u011bjakou dobu pat\u0159\u00ed k&nbsp;nacion\u00e1ln\u011b-populistick\u00e9mu okraji politick\u00e9ho spektra, kter\u00fd dnes SPD reprezentuje. Pokra\u010duj\u00edc\u00ed anga\u017em\u00e1 n\u011bkter\u00fdch v&nbsp;\u0159ad\u00e1ch kup\u0159\u00edkladu ODS nebo \u010cSSD d\u011bl\u00e1 vr\u00e1sky na \u010dele nejenom t\u011bmto stran\u00e1m a&nbsp;mate ve\u0159ejnost, ale mus\u00ed p\u016fsobit frustrace i&nbsp;jim samotn\u00fdm. Kdyby n\u00e1sledovali Jakla a&nbsp;Davida, politick\u00e1 mapa \u010cR by se projasnila a&nbsp;strany, v&nbsp;nich\u017e se dnes ment\u00e1ln\u00ed souputn\u00edci SPD profiluj\u00ed, by si oddechly.<\/p>\n<p><a href=\"https:\/\/www.novinky.cz\/komentare\/479619-komentar-dlouha-cesta-k-politickemu-domovu-jiri-pehe.html\">Zdroj<\/a><\/p>\n<\/div>\n<\/div>\n<\/div>\n","protected":false},"excerpt":{"rendered":"<p>V sen\u00e1tn\u00edch volb\u00e1ch budou za hnut\u00ed Svoboda a&nbsp;p\u0159\u00edm\u00e1 demokracie kandidovat kup\u0159\u00edkladu i&nbsp;b\u00fdval\u00fd \u0161\u00e9f politick\u00e9ho odboru prezidenta V\u00e1clava Klause Ladislav Jakl nebo b\u00fdval\u00fd ministr ve vl\u00e1d\u011b Milo\u0161e Zemana Ivan David. Je to dob\u0159e, proto\u017ee tak p\u0159estanou m\u00e1st ve\u0159ejnost ohledn\u011b toho, k\u00fdm vlastn\u011b politicky jsou.<\/p>\n","protected":false},"author":1,"featured_media":0,"comment_status":"open","ping_status":"open","sticky":false,"template":"","format":"standard","meta":{"ngg_post_thumbnail":0,"footnotes":""},"categories":[11],"tags":[],"class_list":["post-8904","post","type-post","status-publish","format-standard","hentry","category-ozvena"],"_links":{"self":[{"href":"https:\/\/www.ladislavjakl.cz\/index.php?rest_route=\/wp\/v2\/posts\/8904","targetHints":{"allow":["GET"]}}],"collection":[{"href":"https:\/\/www.ladislavjakl.cz\/index.php?rest_route=\/wp\/v2\/posts"}],"about":[{"href":"https:\/\/www.ladislavjakl.cz\/index.php?rest_route=\/wp\/v2\/types\/post"}],"author":[{"embeddable":true,"href":"https:\/\/www.ladislavjakl.cz\/index.php?rest_route=\/wp\/v2\/users\/1"}],"replies":[{"embeddable":true,"href":"https:\/\/www.ladislavjakl.cz\/index.php?rest_route=%2Fwp%2Fv2%2Fcomments&post=8904"}],"version-history":[{"count":1,"href":"https:\/\/www.ladislavjakl.cz\/index.php?rest_route=\/wp\/v2\/posts\/8904\/revisions"}],"predecessor-version":[{"id":8905,"href":"https:\/\/www.ladislavjakl.cz\/index.php?rest_route=\/wp\/v2\/posts\/8904\/revisions\/8905"}],"wp:attachment":[{"href":"https:\/\/www.ladislavjakl.cz\/index.php?rest_route=%2Fwp%2Fv2%2Fmedia&parent=8904"}],"wp:term":[{"taxonomy":"category","embeddable":true,"href":"https:\/\/www.ladislavjakl.cz\/index.php?rest_route=%2Fwp%2Fv2%2Fcategories&post=8904"},{"taxonomy":"post_tag","embeddable":true,"href":"https:\/\/www.ladislavjakl.cz\/index.php?rest_route=%2Fwp%2Fv2%2Ftags&post=8904"}],"curies":[{"name":"wp","href":"https:\/\/api.w.org\/{rel}","templated":true}]}}