{"id":8906,"date":"2018-08-09T09:30:09","date_gmt":"2018-08-09T07:30:09","guid":{"rendered":"http:\/\/www.ladislavjakl.cz\/?p=8906"},"modified":"2018-08-09T09:30:09","modified_gmt":"2018-08-09T07:30:09","slug":"ladislav-jakl-znovu-vystoupil-v-mediich-a-opet-krik-sef-organizace-pecujici-o-uprchliky-neudrzel-nervy-na-uzde-a-napsal","status":"publish","type":"post","link":"https:\/\/www.ladislavjakl.cz\/?p=8906","title":{"rendered":"Ladislav Jakl znovu vystoupil v m\u00e9di\u00edch a op\u011bt k\u0159ik. \u0160\u00e9f organizace pe\u010duj\u00edc\u00ed o uprchl\u00edky neudr\u017eel nervy na uzd\u011b a napsal&#8230;"},"content":{"rendered":"<p>Hostem po\u0159adu DVTV byl \u0159editel politick\u00e9ho odboru Kancel\u00e1\u0159e prezidenta republiky V\u00e1clava Klause Ladislav Jakl, kter\u00fd nyn\u00ed kandiduje za SPD do Sen\u00e1tu. Jeho vystoupen\u00ed ov\u0161em d\u016frazn\u011b odsoudil na soci\u00e1ln\u00ed s\u00edti twitter \u0159editel Organizace pro pomoc uprchl\u00edk\u016fm Martin Rozumek. Opakuje se tak trochu situace z ned\u00e1vn\u00fdch Ud\u00e1lost\u00ed, koment\u00e1\u0159\u016f v \u010cT, kde se proti Jaklov\u011b \u00fa\u010dasti ve studiu postavil profesor Igor Luke\u0161 z Bostonsk\u00e9 univerzity.<\/p>\n<p><!--more--><\/p>\n<p>Jakl v po\u0159adu mimo jin\u00e9 zd\u016fvodnil to, pro\u010d kandiduje za SPD. Podle jeho slov je pro n\u011bj z\u00e1sadn\u00ed odpor k migraci, jinak jej program SPD v\u016fbec nezaj\u00edm\u00e1. \u201eMigraci organizuje a \u0159\u00edd\u00ed EU,\u201c poznamenal tak\u00e9 Jakl. Na SPD mu je tak\u00e9 sympatick\u00e9 to, \u017ee nejd\u016fsledn\u011bji zast\u00e1v\u00e1 sv\u00e9 postoje v\u016f\u010di utahov\u00e1n\u00ed \u0161roub\u016f bruselsk\u00e9 byrokracie a organizovan\u00e9 migraci.&nbsp;<\/p>\n<p>\u201eMigranti a Evropsk\u00e1 unie n\u00e1m berou na\u0161e \u010desk\u00e9 h\u0159i\u0161t\u011b,\u201c m\u00edn\u00ed Jakl, pro n\u011bj\u017e je svoboda d\u016fle\u017eit\u011bj\u0161\u00ed ne\u017e demokracie. V po\u0159adu hovo\u0159il tak\u00e9 o hlasovac\u00edm pr\u00e1vu \u017een, o n\u011bm\u017e v minulosti hovo\u0159il jako o chyb\u011b. \u201eKdy\u017e se to bez n\u011bj da\u0159ilo ve \u0160v\u00fdcarsku, tak to zcela mo\u017en\u00e9 je,\u201c sd\u011blil Jakl.&nbsp;<\/p>\n<ul>\n<li><strong>Video najdete&nbsp;<a href=\"https:\/\/video.aktualne.cz\/dvtv\/jakl-zasadni-je-odpor-k-migraci-program-spd-me-jinak-vubec-n\/r~318ec0c8964a11e89271ac1f6b220ee8\/\" target=\"_blank\" rel=\"noopener\">ZDE<\/a><\/strong><\/li>\n<\/ul>\n<p>Na Jaklovo vystoupen\u00ed zareagoval na Twitteru \u0159editel Organizace pro pomoc uprchl\u00edk\u016fm Martin Rozumek. \u201eJakl v DVTV je degradac\u00ed cel\u00e9 DVTV. Koho zaj\u00edmaj\u00ed jeho dezinformace a n\u00e1zory? Kdo tam bude p\u0159\u00ed\u0161t\u011b? Stan\u00edk, Semelov\u00e1?\u201c napsal Rozumek.&nbsp;<\/p>\n<p>A nen\u00ed s\u00e1m, kdo v t\u011bchto dnech na Jakla reaguje. P\u0159ed \u010dtrn\u00e1cti dny Jakl v po\u0159adu Ud\u00e1losti, koment\u00e1\u0159e \u010cT24 vyto\u010dil profesora mezin\u00e1rodn\u00edch vztah\u016f z bostonsk\u00e9 univerzity Igora Luke\u0161e.&nbsp;P\u00e1nov\u00e9 m\u011bli debatovat o situaci v USA a o rusko-americk\u00fdch vztaz\u00edch, jen\u017ee to skon\u010dilo t\u00edm, \u017ee Luke\u0161 kritizoval d\u00e9lku Jaklov\u00fdch vlas\u016f.<\/p>\n<p>Moder\u00e1tor Michal Kubal se v tu chv\u00edli Jakla zastal. \u201eJ\u00e1 mysl\u00edm, \u017ee nez\u00e1le\u017e\u00ed na tom, jak kdo vypad\u00e1, poj\u010fme se bavit o tom, jak\u00e9 argumenty tady zazn\u00edvaj\u00ed,&#8220; po\u017e\u00e1dal profesora. \u201eJ\u00e1 ten ko\u0148sk\u00fd ohon nevid\u00edm a nikdy bych ho nezm\u00ednil, neb\u00fdt toho, \u017ee tady sly\u0161\u00edm ty absurdn\u00ed l\u017ei, kter\u00e9 jsou vyp\u016fj\u010den\u00e9 ze slovn\u00edku Kremlu, kter\u00fd dezinformuje div\u00e1ky pr\u00e1v\u011b t\u00edmhle zp\u016fsobem,\u201c roz\u010diloval se d\u00e1l pan profesor.<\/p>\n<p><a href=\"https:\/\/www.parlamentnilisty.cz\/arena\/monitor\/Ladislav-Jakl-znovu-vystoupil-v-mediich-a-opet-krik-Sef-organizace-pecujici-o-uprchliky-neudrzel-nervy-na-uzde-a-napsal-546427\">Zdroj<\/a><\/p>\n","protected":false},"excerpt":{"rendered":"<p>Hostem po\u0159adu DVTV byl \u0159editel politick\u00e9ho odboru Kancel\u00e1\u0159e prezidenta republiky V\u00e1clava Klause Ladislav Jakl, kter\u00fd nyn\u00ed kandiduje za SPD do Sen\u00e1tu. Jeho vystoupen\u00ed ov\u0161em d\u016frazn\u011b odsoudil na soci\u00e1ln\u00ed s\u00edti twitter \u0159editel Organizace pro pomoc uprchl\u00edk\u016fm Martin Rozumek. Opakuje se tak trochu situace z ned\u00e1vn\u00fdch Ud\u00e1lost\u00ed, koment\u00e1\u0159\u016f v \u010cT, kde se proti Jaklov\u011b \u00fa\u010dasti ve studiu [&hellip;]<\/p>\n","protected":false},"author":1,"featured_media":0,"comment_status":"open","ping_status":"open","sticky":false,"template":"","format":"standard","meta":{"ngg_post_thumbnail":0,"footnotes":""},"categories":[11],"tags":[],"class_list":["post-8906","post","type-post","status-publish","format-standard","hentry","category-ozvena"],"_links":{"self":[{"href":"https:\/\/www.ladislavjakl.cz\/index.php?rest_route=\/wp\/v2\/posts\/8906","targetHints":{"allow":["GET"]}}],"collection":[{"href":"https:\/\/www.ladislavjakl.cz\/index.php?rest_route=\/wp\/v2\/posts"}],"about":[{"href":"https:\/\/www.ladislavjakl.cz\/index.php?rest_route=\/wp\/v2\/types\/post"}],"author":[{"embeddable":true,"href":"https:\/\/www.ladislavjakl.cz\/index.php?rest_route=\/wp\/v2\/users\/1"}],"replies":[{"embeddable":true,"href":"https:\/\/www.ladislavjakl.cz\/index.php?rest_route=%2Fwp%2Fv2%2Fcomments&post=8906"}],"version-history":[{"count":1,"href":"https:\/\/www.ladislavjakl.cz\/index.php?rest_route=\/wp\/v2\/posts\/8906\/revisions"}],"predecessor-version":[{"id":8907,"href":"https:\/\/www.ladislavjakl.cz\/index.php?rest_route=\/wp\/v2\/posts\/8906\/revisions\/8907"}],"wp:attachment":[{"href":"https:\/\/www.ladislavjakl.cz\/index.php?rest_route=%2Fwp%2Fv2%2Fmedia&parent=8906"}],"wp:term":[{"taxonomy":"category","embeddable":true,"href":"https:\/\/www.ladislavjakl.cz\/index.php?rest_route=%2Fwp%2Fv2%2Fcategories&post=8906"},{"taxonomy":"post_tag","embeddable":true,"href":"https:\/\/www.ladislavjakl.cz\/index.php?rest_route=%2Fwp%2Fv2%2Ftags&post=8906"}],"curies":[{"name":"wp","href":"https:\/\/api.w.org\/{rel}","templated":true}]}}