{"id":8908,"date":"2018-08-09T09:31:24","date_gmt":"2018-08-09T07:31:24","guid":{"rendered":"http:\/\/www.ladislavjakl.cz\/?p=8908"},"modified":"2018-08-09T09:31:24","modified_gmt":"2018-08-09T07:31:24","slug":"jaklovani-v-tanecnich-pro-pokrocile","status":"publish","type":"post","link":"https:\/\/www.ladislavjakl.cz\/?p=8908","title":{"rendered":"Jaklov\u00e1n\u00ed v tane\u010dn\u00edch pro pokro\u010dil\u00e9"},"content":{"rendered":"<p>O co skute\u010dn\u011b jde sen\u00e1tn\u00edmu kandid\u00e1tovi za SPD Ladislavu Jaklovi a jak nejl\u00e9pe p\u0159istupovat k jeho snah\u00e1m \u0161okovat neomalen\u00fdmi v\u00fdroky?<\/p>\n<p><!--more--><\/p>\n<p>Sen\u00e1tn\u00ed volby v Praze roz\u010d\u00edsly dusno, ve kter\u00e9m se a\u017e dosud skv\u011ble da\u0159ilo okurk\u00e1m. Kandid\u00e1t za SPD Ladislav Jakl mus\u00ed vysv\u011btlovat, jak to p\u0159esn\u011b myslel se svou kritikou rovn\u00e9ho v\u0161eobecn\u00e9ho hlasovac\u00edho pr\u00e1va, kter\u00e9 podle jeho n\u00e1zoru po\u0161kodilo a pok\u0159ivilo ideu lidsk\u00e9 svobody, a kdyby se p\u0159ed sto lety nezavedlo, snad by n\u00e1m bylo svobodn\u011bji.<\/p>\n<p>Na rozd\u00edl od ostatn\u00edch koment\u00e1tor\u016f a politick\u00fdch protivn\u00edk\u016f Jakla nebudu reagovat na samotn\u00e9 my\u0161lenky, kter\u00e9 budouc\u00ed sen\u00e1tor prezentuje, proto\u017ee to nem\u00e1 smysl. R\u00e1d bych se sp\u00ed\u0161e kr\u00e1tce zamyslel nad t\u00edm, jak\u00fdch v\u00fdsledk\u016f se dobereme, pokud na diskusi o vhodnosti zaveden\u00ed v\u0161eobecn\u00e9ho rovn\u00e9ho hlasovac\u00edho pr\u00e1va p\u0159istoup\u00edme.<\/p>\n<div>Nejprve by bylo vhodn\u00e9, abych stru\u010dn\u011b obh\u00e1jil to, pro\u010d se nehodl\u00e1m diskuse v rovin\u011b v\u011bcn\u00e9 argumentace \u00fa\u010dastnit. Jaklova pozice v cel\u00e9 v\u011bci, a p\u0159edev\u0161\u00edm jeho kandidatura za SPD je absurdn\u00ed do t\u00e9 m\u00edry, \u017ee podle m\u00e9ho soudu v cel\u00e9 v\u011bci \u017e\u00e1dnou rozumnou polemiku ani v\u00e9st nejde. Kdy\u017e se n\u011bkoho zept\u00e1te, kolik je hodin a on v\u00e1m odpov\u00ed, \u017ee je p\u0159esn\u011b za sto \u0161vestek pomeran\u010d, nem\u00e1 cenu pt\u00e1t se d\u00e1l, proto\u017ee v\u00e1\u0161 potenci\u00e1ln\u00ed partner evidentn\u011b nem\u00e1 kapacity nebo z\u00e1jem v\u00e9st jakoukoli smysluplnou konverzaci.<\/div>\n<div>&nbsp;<\/div>\n<div><i><img decoding=\"async\" src=\"http:\/\/denikreferendum.cz\/assets\/pictures\/35442\/hp_main\/21766689_1098705113599320_3103405230025479727_n.png?1533448053\" alt=\"21766689_1098705113599320_3103405230025479727_n\">Nejde o to, kdo m\u00e1 pravdu, ale o to, kdo m\u00e1 p\u0159evahu. Foto FB L. Jakla<\/i><\/div>\n<p>Jakl se cel\u00fd sv\u016fj politick\u00fd a profesn\u00ed \u017eivot bral za p\u0159edstavu politiky, kter\u00e1 je zalo\u017eena na suver\u00e9nn\u00ed roli politika v zastupitelsk\u00e9 demokracii, jeho\u017e mohou ob\u010dan\u00e9 kontrolovat jen prost\u0159ednictv\u00edm voleb. V mezidob\u00ed m\u016f\u017ee zvolen\u00fd z\u00e1stupce podle klasick\u00e9 jaklov\u0161tiny d\u011blat prakticky cokoli \u2013 jedinou a dosta\u010duj\u00edc\u00ed legitimizac\u00ed jeho krok\u016f je mand\u00e1t vze\u0161l\u00fd z voleb. Pokud se aktivn\u00ed ob\u010dan\u00e9 sna\u017e\u00ed politiku ovliv\u0148ovat i v mezidob\u00ed, st\u00e1vaj\u00ed se pot\u00ed\u017eisty, kte\u0159\u00ed skoro ohro\u017euj\u00ed demokracii.&nbsp;<\/p>\n<p>Ob\u010dansk\u00e1 spole\u010dnost, kter\u00e1 je p\u0159edstavovan\u00e1 z\u00e1jmov\u00fdmi spolky, sdru\u017een\u00edmi a aktivisty r\u016fzn\u00e9ho ra\u017een\u00ed, je \u00fahlavn\u00edm nep\u0159\u00edtelem, kter\u00e9ho je t\u0159eba oslabit, delegitimizovat a uml\u010det. Podobn\u011b se Jakl v\u017edy stav\u011bl i k jak\u00e9mukoli n\u00e1znaku p\u0159\u00edm\u00e9 demokracie, kter\u00e1 by snad m\u011bla vytla\u010dovat suver\u00e9nn\u00ed postaven\u00ed demokracie zastupitelsk\u00e9. Nen\u00ed to tak d\u00e1vno, co bylo slovo \u201ereferendum\u201c v kruz\u00edch kolem Institutu V\u00e1clava Klause takov\u00fdm mal\u00fdm Voldemortem: nevyslovuje se.&nbsp;<\/p>\n<p>V\u011bren sv\u00fdm z\u00e1sad\u00e1m se tedy b\u00fdval\u00fd kancl\u00e9\u0159 rozhodl kandidovat v barv\u00e1ch strany, kter\u00e1 m\u00e1 p\u0159\u00edmou demokracii v n\u00e1zvu a ve sn\u011bmovn\u011b p\u0159edlo\u017eila n\u00e1vrh na zaveden\u00ed v\u0161eobecn\u00e9ho referenda v rozsahu, kter\u00fd by zastupitelskou demokracii paralyzoval a u\u010dinil zbyte\u010dnou. V&nbsp;<a href=\"https:\/\/video.aktualne.cz\/dvtv\/jakl-zasadni-je-odpor-k-migraci-program-spd-me-jinak-vubec-n\/r~318ec0c8964a11e89271ac1f6b220ee8\/\">rozhovoru s Martinem Veselovsk\u00fdm<\/a>&nbsp;Jakl tvrd\u00ed, \u017ee program SPD vlastn\u011b nezn\u00e1 a nezaj\u00edm\u00e1 ho. \u017de mu jde hlavn\u011b o odpor SPD k migraci a Evropsk\u00e9 unii. V na\u0161\u00ed politice p\u0159ece \u017e\u00e1dn\u00e1 jin\u00e1 strana proti migraci a EU nebojuje.<\/p>\n<p><b>Tane\u010dn\u00ed pro pokro\u010dil\u00e9<\/b><br \/>\nZ politologick\u00e9ho hlediska je Jaklova kandidatura takov\u00e9 contradictio in adjecto. Z politologick\u00e9ho hlediska je to v\u00fd\u0161e zm\u00edn\u011bn\u00e1 odpov\u011b\u010f \u201eza sto \u0161vestek pomeran\u010d\u201c na ot\u00e1zku \u201ekolik je hodin\u201c. Stejn\u011b je to s Jaklov\u00fdm bl\u00e1bolen\u00edm o volebn\u00edm pr\u00e1vu \u017een. Argumentace, kterou pou\u017eil u Veselovsk\u00e9ho, je absurdn\u00ed, p\u0159edev\u0161\u00edm proto, \u017ee samu sebe vyvrac\u00ed. Jak tedy sen\u00e1torstv\u00ed Jakla de\u0161ifrovat?<\/p>\n<p>Kdy\u017e jsem na st\u0159edn\u00ed \u0161kole chodil do tane\u010dn\u00edch, se\u0161lo se n\u00e1s na lekc\u00edch v\u017edy n\u011bkolik ro\u010dn\u00edk\u016f z r\u016fzn\u00fdch \u0161kol. Atmosf\u00e9ra tam byla napjat\u00e1 a nep\u0159\u00edjemn\u00e1. V jak\u00e9msi momentu, kdy\u017e tane\u010dn\u00ed mistr cosi vysv\u011btloval a v s\u00e1le bylo jinak ticho, si jeden z frekventant\u016f hlasit\u011b \u0159\u00edhnul. Cel\u00fd s\u00e1l se propadl hlasit\u00e9ho sm\u00edchu. A\u010dkoli se jednalo o dialekticky nezachytiteln\u00fd moment, nez\u00e1le\u017eelo na tom.&nbsp;<\/p>\n<p>Atmosf\u00e9ra ve\u010dera se rozbila. Autor tohoto faux pas se okam\u017eit\u011b dostal do pozornosti v\u0161ech v s\u00e1le, byl za hrdinu okam\u017eiku. Kdyby frekventant sed\u011bl jako ostatn\u00ed jako prav\u00edtko a hr\u00e1l podle pravidel jako v\u0161ichni ostatn\u00ed, nikdo by si jej nev\u0161iml. Byla to vzpoura jednak proti okam\u017eiku, jednak proti t\u011bm, kte\u0159\u00ed stejn\u011b jako ve \u0161koln\u00edch \u0161kamn\u00e1ch byli i tady dokonal\u00ed, vzorn\u00ed \u2013 prost\u011b proti \u0161prt\u016fm.<\/p>\n<p>Jaklova kandidatura za SPD nen\u00ed ni\u010d\u00edm jin\u00fdm ne\u017e takov\u00fdm politick\u00fdm \u0159\u00edhnut\u00edm. Upout\u00e1v\u00e1 na sebe pozornost, \u0161okuje a pohor\u0161uje. Najednou v\u0161ichni \u0159e\u0161\u00ed Jakla a to, jak m\u016f\u017ee b\u00fdt tak nekonzistentn\u00ed a tak bezcharaktern\u00ed, \u017ee kandiduje za absurdn\u00ed uskupen\u00ed, jako je pr\u00e1v\u011b SPD. Ze v\u0161ech nejv\u00edc se nad t\u00edm roz\u010diluj\u00ed pr\u00e1v\u011b \u201epoliti\u010dt\u00ed \u0161prti\u201c (spjat\u00ed p\u0159edev\u0161\u00edm s liber\u00e1ly ze st\u0159edn\u00ed t\u0159\u00eddy), kte\u0159\u00ed jsou c\u00edlem v\u0161ech \u201epoliticky nekorektn\u00edch\u201c kopanc\u016f a atak\u016f. A \u010d\u00edm v\u00edc se politi\u010dt\u00ed vzor\u0148\u00e1ci roz\u010diluj\u00ed nad t\u00edm, jak je Jakl drz\u00fd a prohnan\u00fd, nebo nad t\u00edm, jak hloup\u00ed a cyni\u010dt\u00ed jsou jejich spoluob\u010dan\u00e9, kdy\u017e po\u0159\u00e1d v\u011b\u0159\u00ed na uprchlick\u00e9 hordy, a\u010dkoli \u017e\u00e1dn\u00e9 fakticky nep\u0159i\u0161ly, t\u00edm v\u011bt\u0161\u00ed radost a uspokojen\u00ed z toho budouc\u00ed sen\u00e1tor i jeho voli\u010di maj\u00ed.&nbsp;<\/p>\n<p>V z\u00e1pase, kter\u00fd vedou, toti\u017e nejde o to, kdo m\u00e1 pravdu, ale o to, kdo m\u00e1 p\u0159evahu. T\u0159eba mal\u00fd L\u00e1\u010fa trh\u00e1val mouch\u00e1m no\u017ei\u010dky, a jist\u011b to ned\u011blal proto, \u017ee by s nimi cht\u011bl polemizovat nebo zjistit, jak se v\u011bci maj\u00ed a kde je pravda. D\u011blal to prost\u011b proto, \u017ee ho to bavilo a d\u00e1valo mu to pocit moci a p\u0159evahy. Kdy\u017e te\u010f obl\u00e9k\u00e1 stranick\u00e9 kimono Tomia Okamury, ned\u011bl\u00e1 to proto, \u017ee by cht\u011bl bojovat za n\u011bjak\u00e9 ideje, ale proto, \u017ee t\u00edm \u0161okuje, vzbud\u00ed pozornost, a sn\u00e1ze se tak p\u0159ibl\u00ed\u017e\u00ed k napln\u011bn\u00ed jedin\u00e9ho skute\u010dn\u00e9ho obsahu \u201eklausismu\u201c: zisku politick\u00e9 moci. Jestli chceme Jakla porazit, mus\u00edme jej p\u0159estat br\u00e1t v\u00e1\u017en\u011b.&nbsp;<\/p>\n<p><a href=\"http:\/\/denikreferendum.cz\/clanek\/28076-jaklovani-v-tanecnich-pro-pokrocile\">Zdroj<\/a><\/p>\n","protected":false},"excerpt":{"rendered":"<p>O co skute\u010dn\u011b jde sen\u00e1tn\u00edmu kandid\u00e1tovi za SPD Ladislavu Jaklovi a jak nejl\u00e9pe p\u0159istupovat k jeho snah\u00e1m \u0161okovat neomalen\u00fdmi v\u00fdroky?<\/p>\n","protected":false},"author":1,"featured_media":0,"comment_status":"open","ping_status":"open","sticky":false,"template":"","format":"standard","meta":{"ngg_post_thumbnail":0,"footnotes":""},"categories":[11],"tags":[],"class_list":["post-8908","post","type-post","status-publish","format-standard","hentry","category-ozvena"],"_links":{"self":[{"href":"https:\/\/www.ladislavjakl.cz\/index.php?rest_route=\/wp\/v2\/posts\/8908","targetHints":{"allow":["GET"]}}],"collection":[{"href":"https:\/\/www.ladislavjakl.cz\/index.php?rest_route=\/wp\/v2\/posts"}],"about":[{"href":"https:\/\/www.ladislavjakl.cz\/index.php?rest_route=\/wp\/v2\/types\/post"}],"author":[{"embeddable":true,"href":"https:\/\/www.ladislavjakl.cz\/index.php?rest_route=\/wp\/v2\/users\/1"}],"replies":[{"embeddable":true,"href":"https:\/\/www.ladislavjakl.cz\/index.php?rest_route=%2Fwp%2Fv2%2Fcomments&post=8908"}],"version-history":[{"count":1,"href":"https:\/\/www.ladislavjakl.cz\/index.php?rest_route=\/wp\/v2\/posts\/8908\/revisions"}],"predecessor-version":[{"id":8909,"href":"https:\/\/www.ladislavjakl.cz\/index.php?rest_route=\/wp\/v2\/posts\/8908\/revisions\/8909"}],"wp:attachment":[{"href":"https:\/\/www.ladislavjakl.cz\/index.php?rest_route=%2Fwp%2Fv2%2Fmedia&parent=8908"}],"wp:term":[{"taxonomy":"category","embeddable":true,"href":"https:\/\/www.ladislavjakl.cz\/index.php?rest_route=%2Fwp%2Fv2%2Fcategories&post=8908"},{"taxonomy":"post_tag","embeddable":true,"href":"https:\/\/www.ladislavjakl.cz\/index.php?rest_route=%2Fwp%2Fv2%2Ftags&post=8908"}],"curies":[{"name":"wp","href":"https:\/\/api.w.org\/{rel}","templated":true}]}}