{"id":891,"date":"2011-04-07T14:17:33","date_gmt":"2011-04-07T13:17:33","guid":{"rendered":"http:\/\/www.ladislavjakl.cz\/?p=891"},"modified":"2011-04-07T14:17:33","modified_gmt":"2011-04-07T13:17:33","slug":"klaus-a-kikina-holubova-prestrelila-prasarna-mini-jakl","status":"publish","type":"post","link":"https:\/\/www.ladislavjakl.cz\/?p=891","title":{"rendered":"Klaus a Kikina? Holubov\u00e1 p\u0159est\u0159elila. Pras\u00e1rna, m\u00edn\u00ed Jakl"},"content":{"rendered":"<p><strong>Podle Evy Holubov\u00e9 je  prezident Klaus gay. Jeho tajemn\u00edk ozna\u010duje here\u010d\u010din v\u00fdrok za  &#8222;pras\u00e1rnu&#8220;, kter\u00e1 pat\u0159\u00ed k bontonu spole\u010dnosti, v n\u00ed\u017e funguje. Sexuologa  Radima Uzla by ale podobn\u00fd v\u00fdrok neurazil. S\u00e1m by se mu pr\u00fd zasm\u00e1l.<\/strong><\/p>\n<p align=\"justify\"><!--more--><\/p>\n<p align=\"justify\">P\u0159ed\u00a0dv\u011bma lety se here\u010dka Eva Holubov\u00e1 pustila do prezidenta V\u00e1clava  Klause \u00fatokem na jeho sexu\u00e1ln\u00ed orientaci. &#8222;Cel\u00e1 Praha mluv\u00ed o tom, \u017ee  Klaus je homosexu\u00e1l,&#8220;\u00a0uvedla v\u00a0po\u0159adu televize Z1 s t\u00edm, \u017ee hlava st\u00e1tu  pr\u00fd m\u011bla v homosexu\u00e1ln\u00ed komunit\u011b p\u0159ezd\u00edvku Kikina.<\/p>\n<p align=\"justify\">A k here\u010d\u010dinu\u00a0podez\u0159en\u00ed, kter\u00e9 ve sv\u00e9 dob\u011b vzbudilo velk\u00fd\u00a0z\u00e1jem  ve\u0159ejnosti,\u00a0se po\u00a0v\u00edce ne\u017e dvou letech vr\u00e1til prezident\u016fv tajemn\u00edk  Ladislav Jakl.<\/p>\n<p><strong>Psali jsme:<\/strong><br \/>\n<a href=\"http:\/\/www.parlamentnilisty.cz\/parlament\/193070.aspx\"><span style=\"color: #993300;\"><strong>Milost st\u0159elci neovlivnila report\u00e1\u017e. Klaus neum\u00ed zapnout TV, h\u00e1j\u00ed ho Jakl<\/strong><\/span><\/a><br \/>\n<a title=\"Jakl: M\u00e9dia m\u011b a prezidentovo okol\u00ed lyn\u010duj\u00ed za na\u0161e n\u00e1zory\" href=\"http:\/\/www.parlamentnilisty.cz\/parlament\/172901.aspx\"><strong><span style=\"color: #993300;\">Jakl: M\u00e9dia m\u011b a prezidentovo okol\u00ed lyn\u010duj\u00ed za na\u0161e n\u00e1zory<\/span><\/strong><\/a><\/p>\n<p align=\"justify\"><strong>Klaus buzerant? zaj\u00edmal se Jakl<\/strong><\/p>\n<p align=\"justify\">Jakl\u00a0reagoval na\u00a0 moder\u00e1tora L. X. Vesel\u00e9ho, kter\u00e9ho zaj\u00edmalo, zda se  Klaus Holubov\u00e9 na\u0159\u010den\u00edm n\u011bjak zab\u00fdval. &#8222;\u017de je buzerant?&#8220; ujistil se Jakl  ohledn\u011b konkr\u00e9tn\u00edho v\u00fdroku v sobotn\u00edm Pressklubu Frekvence 1.<\/p>\n<p align=\"justify\">&#8222;J\u00e1 jsem k\u00a0tomu napsal blog, kde jsem psal n\u011bco v\u00a0tom smyslu ona \u017eije  v\u00a0ur\u010dit\u00fdch kruz\u00edch, kde \u0159\u00edci jakoukoliv pras\u00e1rnu na \u00fa\u010det V\u00e1clava Klause  pat\u0159\u00ed k\u00a0bontonu, ale \u017ee zat\u00edmco ostatn\u00ed v\u011bd\u00ed, \u017ee ka\u017ed\u00fd z\u00a0nich  p\u0159est\u0159eluje, p\u0159eh\u00e1n\u00ed, tak\u00a0ona jedin\u00e1 to nepochopila a \u0161la s\u00a0t\u00edm ven,&#8220;  zhodnotil posl\u00e9ze here\u010d\u010din v\u00fdrok Jakl.<\/p>\n<p align=\"justify\"><strong>Bukvice a homou\u0161i jsou pr\u00fd v m\u00f3d\u011b<\/strong><\/p>\n<p>Jakl na sv\u00e9m blogu napsal, \u017ee \u0159\u00edkat o n\u011bkom, \u017ee je homosexu\u00e1l, je  jak\u00fdmsi trendem dne\u0161n\u00ed doby. &#8222;Nejen na internetu, ale i v m\u00e9di\u00edch \u010di v  p\u00eds\u0148ov\u00fdch textech jist\u00fdch kapel je dnes skoro m\u00f3dou \u0161\u00ed\u0159it o n\u011bkter\u00fdch  lidech, \u017ee jsou bukvice, teplou\u0161i, buzeranti, homou\u0161i, buzny,&#8220;\u00a0zlobil  se\u00a0Jakl. Zaj\u00edmav\u00e9 podle n\u011bho je, \u017ee tato f\u00e1ma se \u010dasto rozvi\u0159uje  v\u00fdhradn\u011b kolem heterosexu\u00e1l\u016f.<\/p>\n<p><strong>Cel\u00fd text blogu:<\/strong><br \/>\n<a href=\"http:\/\/www.parlamentnilisty.cz\/parlament\/politici-volicum\/182799.aspx\"><strong><span style=\"color: #993300;\">Jakl: O teplou\u0161\u00edch a buzerantech<\/span><\/strong><\/a><strong><\/p>\n<p>A <\/strong><strong>j\u00e9je. Konec b\u017eundy<\/p>\n<p><\/strong>Here\u010dka Eva Holubov\u00e1 ale podle n\u011bho snahou o Klausovu  dehonestaci v r\u00e1mci informac\u00ed o tom, \u017ee je gay, p\u0159est\u0159elila &#8222;I\u00a0ti, kte\u0159\u00ed  p\u016fvodn\u011b v\u00a0soukrom\u00e9m kruhu z\u00a0toho m\u011bli b\u017eundu, si te\u010f \u0159\u00edkali j\u00e9je, tohle  u\u017e mo\u017en\u00e1 nemusela&#8230;,&#8220; vyj\u00e1d\u0159il se Jakl ke spole\u010dnosti, v n\u00ed\u017e se  Holubov\u00e1 pohybuje.<\/p>\n<p>Holubov\u00e1 m\u011bla a\u017e do sobotn\u00edho odpoledne vypnut\u00fd telefon, a tak  Parlamentn\u00edListy.cz oslovily sexuologa Radima Uzla. Zaj\u00edmal je jeho  n\u00e1zor na to, zda politika mohou zv\u011bsti o jeho sexu\u00e1ln\u00ed orientaci  po\u0161kodit, \u010di zda je toto t\u00e9ma u\u017e odtabuizovan\u00e9.<\/p>\n<p><strong>D\u00e1le \u010dt\u011bte:<br \/>\n<\/strong><a href=\"http:\/\/www.parlamentnilisty.cz\/parlament\/173426.aspx\"><span style=\"color: #993300;\"><strong>\u0160patn\u00fd gynekolog. To je pro Jakla Radim Uzel<\/strong><\/span><\/a><\/p>\n<p>&#8222;O sexu\u00e1ln\u00ed orientaci nen\u00ed mo\u017en\u00e9 se vyjad\u0159ovat jen tak, bez n\u011bjak\u00e9ho  vy\u0161et\u0159en\u00ed. Je ale l\u00e1kav\u00e9 o tom spekulovat,&#8220; komentoval Uzel pro  Parlamentn\u00edListy.cz skute\u010dnost, \u017ee sexu\u00e1ln\u00ed orientace je \u010dast\u00fdm t\u00e9matem  hovoru o politic\u00edch \u010di celebrit\u00e1ch.<\/p>\n<p><strong>Homosexu\u00e1l Uzel? S\u00e1m by se pr\u00fd sm\u00e1l<\/p>\n<p><\/strong>Pokud by v\u0161ak podobn\u00fd v\u00fdrok vynesl n\u011bkdo na adresu jeho  samotn\u00e9ho, t\u011b\u017ekou hlavu by mu neud\u011blal. &#8222;Mn\u011b by to nevadilo, j\u00e1 bych se  tomu zasm\u00e1l,&#8220; uvedl sexuolog s t\u00edm, \u017ee &#8222;norm\u00e1ln\u00ed \u010dlov\u011bk&#8220; nem\u016f\u017ee podobn\u00e9  na\u0159\u010den\u00ed pova\u017eovat za ur\u00e1\u017eku.<\/p>\n<p>P\u0159\u00edpadnou homosexualitu nav\u00edc podle n\u011bho v dne\u0161n\u00ed dob\u011b nen\u00ed t\u0159eba  skr\u00fdvat. &#8222;Za sexu\u00e1ln\u00ed orientaci se dnes nikdo nemus\u00ed styd\u011bt, nen\u00ed nijak  zapov\u011bzen\u00e1,&#8220; uvedl Uzel. Zopakoval ale, \u017ee \u0159\u00edkat o n\u011bkom, \u017ee je gay, bez  d\u016fkaz\u016f, nen\u00ed zrovna vhodn\u00e9. &#8222;Db\u00e1t na pov\u011bsti \u010di zpr\u00e1vy z druh\u00e9 ruky je  nesmysln\u00e9,&#8220; narazil Uzel na nepodlo\u017een\u00e9 v\u00fdroky Holubov\u00e9.<\/p>\n<p><a href=\"http:\/\/www.parlamentnilisty.cz\/parlament\/193101.aspx\" target=\"_blank\">Zdroj<\/a><\/p>\n","protected":false},"excerpt":{"rendered":"<p>Podle Evy Holubov\u00e9 je prezident Klaus gay. Jeho tajemn\u00edk ozna\u010duje here\u010d\u010din v\u00fdrok za &#8222;pras\u00e1rnu&#8220;, kter\u00e1 pat\u0159\u00ed k bontonu spole\u010dnosti, v n\u00ed\u017e funguje. Sexuologa Radima Uzla by ale podobn\u00fd v\u00fdrok neurazil. S\u00e1m by se mu pr\u00fd zasm\u00e1l.<\/p>\n","protected":false},"author":1,"featured_media":0,"comment_status":"open","ping_status":"open","sticky":false,"template":"","format":"standard","meta":{"ngg_post_thumbnail":0,"footnotes":""},"categories":[11],"tags":[],"class_list":["post-891","post","type-post","status-publish","format-standard","hentry","category-ozvena"],"_links":{"self":[{"href":"https:\/\/www.ladislavjakl.cz\/index.php?rest_route=\/wp\/v2\/posts\/891","targetHints":{"allow":["GET"]}}],"collection":[{"href":"https:\/\/www.ladislavjakl.cz\/index.php?rest_route=\/wp\/v2\/posts"}],"about":[{"href":"https:\/\/www.ladislavjakl.cz\/index.php?rest_route=\/wp\/v2\/types\/post"}],"author":[{"embeddable":true,"href":"https:\/\/www.ladislavjakl.cz\/index.php?rest_route=\/wp\/v2\/users\/1"}],"replies":[{"embeddable":true,"href":"https:\/\/www.ladislavjakl.cz\/index.php?rest_route=%2Fwp%2Fv2%2Fcomments&post=891"}],"version-history":[{"count":1,"href":"https:\/\/www.ladislavjakl.cz\/index.php?rest_route=\/wp\/v2\/posts\/891\/revisions"}],"predecessor-version":[{"id":892,"href":"https:\/\/www.ladislavjakl.cz\/index.php?rest_route=\/wp\/v2\/posts\/891\/revisions\/892"}],"wp:attachment":[{"href":"https:\/\/www.ladislavjakl.cz\/index.php?rest_route=%2Fwp%2Fv2%2Fmedia&parent=891"}],"wp:term":[{"taxonomy":"category","embeddable":true,"href":"https:\/\/www.ladislavjakl.cz\/index.php?rest_route=%2Fwp%2Fv2%2Fcategories&post=891"},{"taxonomy":"post_tag","embeddable":true,"href":"https:\/\/www.ladislavjakl.cz\/index.php?rest_route=%2Fwp%2Fv2%2Ftags&post=891"}],"curies":[{"name":"wp","href":"https:\/\/api.w.org\/{rel}","templated":true}]}}