{"id":8910,"date":"2018-08-09T09:33:19","date_gmt":"2018-08-09T07:33:19","guid":{"rendered":"http:\/\/www.ladislavjakl.cz\/?p=8910"},"modified":"2018-08-09T09:33:19","modified_gmt":"2018-08-09T07:33:19","slug":"pripad-jakl-klausuv-spolupracovnik-kandiduje-do-senatu-s-podporou-spd-hehe-mu-vyhlasilo-zakaz-vstupu-do-ct-lzi-strazcu-fake-news-rovne-podminky-pro-vsechny-kavarna-uz-ani-nepredstira-cirkus-bude","status":"publish","type":"post","link":"https:\/\/www.ladislavjakl.cz\/?p=8910","title":{"rendered":"P\u0159\u00edpad Jakl: Klaus\u016fv spolupracovn\u00edk kandiduje do sen\u00e1tu s podporou SPD. Hehe mu vyhl\u00e1silo z\u00e1kaz vstupu do \u010cT. L\u017ei str\u00e1\u017ec\u016f fake news. Rovn\u00e9 podm\u00ednky pro v\u0161echny kav\u00e1rna u\u017e ani nep\u0159edst\u00edr\u00e1. Cirkus bude!"},"content":{"rendered":"<p>Podzimn\u00ed komun\u00e1ln\u00ed a sen\u00e1tn\u00ed volby se bl\u00ed\u017e\u00ed. Navzdory kr\u00e1sn\u00e9mu hork\u00e9mu l\u00e9tu, v&nbsp;n\u011bm\u017e jako by se zastavilo obvykl\u00e9 proud\u011bn\u00ed vzduchu od oce\u00e1nu, tak\u017ee je tak\u00e9 bohu\u017eel pom\u011brn\u011b sucho, proudy na dom\u00e1c\u00ed politick\u00e9 sc\u00e9n\u011b se naopak d\u00e1vaj\u00ed do pohybu. A s&nbsp;nimi m\u00e9dia, pro kter\u00e1 je to v&nbsp;okurkov\u00e9 sez\u00f3n\u011b blahod\u00e1rn\u00fd v\u00fdtrysk \u017eiv\u00e9 vody. Bez ohledu na to, \u017ee v\u011bt\u0161ina t\u011bch, o n\u011b\u017e se hraje \u2013 voli\u010di \u2013 jsou v\u011bt\u0161inou na dovolen\u00fdch \u010di tr\u00e1v\u00ed \u010das rozumn\u011bji ne\u017e \u010dten\u00edm \u010di sledov\u00e1n\u00edm obvykl\u00fdch politick\u00fdch manipulac\u00ed v&nbsp;mainstreamov\u00fdch m\u00e9di\u00edch.&nbsp;<\/p>\n<p><!--more--><\/p>\n<p>Le\u010d na\u0161i medi\u00e1ln\u00ed \u00fadern\u00edci si nemohou pomoci. Strach a vyd\u011b\u0161en\u00ed&nbsp;obyvatel vysychaj\u00edc\u00edch ba\u017ein z patrn\u011b ji\u017e nevratn\u00fdch posun\u016f voli\u010dsk\u00fdch preferenc\u00ed, kter\u00e9 signalizovaly parlamentn\u00ed a prezidentsk\u00e9 volby, n\u00e1sob\u00ed varovn\u011b vzty\u010den\u00fd slune\u010dn\u00ed prst. Zve\u0159ejn\u011bn\u00ed kandid\u00e1t\u016f do sen\u00e1tu bylo pro tyto nevolen\u00e9 medi\u00e1ln\u00ed politiky mocn\u00fdm impulzem k&nbsp;trouben\u00ed do \u00fatoku, i kdy\u017e st\u00e1lic\u00ed nen\u00e1vistn\u00fdch kreac\u00ed pra\u017esk\u00e9 a brn\u011bnsk\u00e9 kav\u00e1rny z\u016fst\u00e1v\u00e1 samoz\u0159ejm\u011b nad\u00e1le p\u0159edev\u0161\u00edm Andrej Babi\u0161.&nbsp;<\/p>\n<p>Takov\u00e1 Daniela (P\u00edsa\u0159ovicov\u00e1 a spol.) z&nbsp;\u010cT p\u0159ed p\u00e1r dny n\u00e1zorn\u011b p\u0159edvedla, \u017ee nemo\u017en\u00e9 je op\u011bt skute\u010dnost\u00ed: nov\u00e1 sestava politruk\u016f z Ud\u00e1lost\u00ed a koment\u00e1\u0159\u016f je dokonce je\u0161t\u011b hloup\u011bj\u0161\u00ed ne\u017e grupa Daniel (Tak\u00e1\u010d a spol.), kterou vyst\u0159\u00eddala. Premi\u00e9r \u010dn\u011bl nad jej\u00ed trapnou, hysterickou a arogantn\u00ed snahou jej \u201eve\u0159ejnopr\u00e1vn\u011b likvidovat\u201c jako \u201eklidn\u00e1 s\u00edla\u201c, kter\u00e1 snad opravdu autenticky chce zabr\u00e1nit p\u0159elivu migrantsk\u00e9 invaze do na\u0161\u00ed zem\u011b. Kdyby byly druh\u00fd den volby, snad bych mu to tam i j\u00e1 hodil. A zcela jist\u011b nikoli s\u00e1m. Dobr\u00e1 pr\u00e1ce! Jen\u017ee zve\u0159ejn\u011bn\u00ed jmen kandid\u00e1t\u016f do sen\u00e1tu uvedlo do chodu i dal\u0161\u00ed sl\u00e1bnouc\u00ed mloky pra\u017esk\u00fdch ba\u017ein.&nbsp;<\/p>\n<h2>Okamura boduje<\/h2>\n<p>Politruky p\u0159edev\u0161\u00edm vystra\u0161ilo, \u017ee hned na startu zabodoval Tomio Okamura (SPD) \u2013 vedle Babi\u0161e nejv\u00edce pron\u00e1sledovan\u00fd \u201ezlo\u010dinec\u201c. To i zkrotl\u00e9 Filipovy komunisty jsou ochotni p\u0159\u00edle\u017eitostn\u011b akceptovat, proto\u017ee p\u0159ece jen jsou ov\u011b\u0159enou sou\u010d\u00e1st\u00ed syst\u00e9mu, kter\u00fd doned\u00e1vna suver\u00e9nn\u011b ovl\u00e1dal motory i kormidla moci. Okamurova formace je v\u0161ak otev\u0159en\u00fdm partnerem \u201eneba\u017einn\u00fdch\u201c stran a hnut\u00ed, je\u017e (nejen) v&nbsp;Evropsk\u00e9 unii p\u0159iv\u00e1d\u011bj\u00ed probouzej\u00edc\u00ed se voli\u010di do parlament\u016f a dokonce u\u017e i vl\u00e1d. Bylo by tak i u n\u00e1s, kdyby spolupr\u00e1ci s&nbsp;Okamurou kancl\u00e9\u0159ka Merkelov\u00e1 na posledn\u00ed chv\u00edli Babi\u0161ovi nezatrhla \u2013 \u010d\u00edm\u017e odstartovala dlouhou tahanici s&nbsp;\u010cSSD. Komunist\u00e9 j\u00ed nevadili, okamurovce v\u0161ak vetovala.<\/p>\n<p>SPD p\u0159ekvapila: jednak jako jedna z&nbsp;m\u00e1la kandiduje ve v\u0161ech sedmadvaceti sen\u00e1tn\u00edch volebn\u00edch obvodech, jednak se j\u00ed poda\u0159ilo z\u00edskat na \u0159ad\u011b m\u00edst osobnosti zvu\u010dn\u00fdch jmen, kter\u00e9 se ji\u017e neb\u00e1ly p\u0159ihl\u00e1sit se ve\u0159ejn\u011b k \u201enep\u0159\u00edteli \u010d. 1\u201c. Souboj o sedmadvacet sen\u00e1torsk\u00fdch post\u016f tak r\u00e1zem z\u00edskal jinou rovinu ne\u017e dosavadn\u00ed \u201etrafikantskou\u201c. Tak vypadal, kdy\u017e n\u011bkte\u0159\u00ed ne\u00fasp\u011b\u0161n\u00ed protikandid\u00e1ti Milo\u0161e Zemana z&nbsp;prezidentsk\u00e9 volby ozn\u00e1mili, \u017ee by si r\u00e1di p\u0159ivyd\u011blali jako \u010dlenov\u00e9 horn\u00ed parlamentn\u00ed komory.&nbsp;<\/p>\n<p>Kandidatura \u0159ady zaj\u00edmav\u00fdch lid\u00ed s&nbsp;podporou SPD v\u0161ak situaci m\u011bn\u00ed. Asi poprv\u00e9 p\u016fjde i v&nbsp;t\u00e9to (jinak \u00fapln\u011b zbyte\u010dn\u00e9) instituci o politick\u00fd souboj: Kav\u00e1rna versus jej\u00ed skute\u010dn\u00ed odp\u016frci. ANO to ur\u010dit\u011b nen\u00ed. Tam jde pouze o osobn\u00ed boj proti Babi\u0161ovi, kter\u00fd si v&nbsp;dan\u00e9m syst\u00e9mu chce ukrojit v\u011bt\u0161\u00ed d\u00edl moci \u2013 a s&nbsp;jej\u00edmi dosavadn\u00edmi dr\u017eiteli se nem\u00edn\u00ed d\u011blit. Okamura je v\u0161ak n\u011bco jin\u00e9ho. Ten je ji\u017e sign\u00e1lem, \u017ee tak\u00e9 u n\u00e1s se mohou vr\u00e1tit do hry skute\u010dn\u00e9 z\u00e1jmy v\u00fdznamn\u00fdch skupin lid\u00ed, kte\u0159\u00ed na suver\u00e9nn\u00ed st\u00e1t a homogenn\u00ed n\u00e1rod nerezignovali. U\u017e t\u00edm jak\u00e9 kandid\u00e1ty postavil, \u0161\u00e9f SPD v\u00fdrazn\u011b zabodoval. Proto musela okam\u017eit\u011b p\u0159ij\u00edt reakce.<\/p>\n<h2>Jeden proti v\u0161em<\/h2>\n<p>Docela typick\u00fdm p\u0159\u00edkladem je volebn\u00ed obvod, jemu\u017e pro jednoduchost \u0159\u00edkejme Praha 2. Tady bude obhajovat sv\u016fj post Libor Mich\u00e1lek (Pir\u00e1ti). To je ten kdysi medi\u00e1ln\u011b proslaven\u00fd \u201emravn\u00fd udava\u010d\u201c, kter\u00fd nahr\u00e1vkami sv\u00fdch rozhovor\u016f s&nbsp;nad\u0159\u00edzen\u00fdm sice nic nedok\u00e1zal, ale v t\u00e9 dob\u011b (posedl\u00e9 domn\u011bl\u00fdmi korup\u010dn\u00edmi af\u00e9rami) mu to vyneslo trafiku v&nbsp;sen\u00e1tu \u2013 tehdy za Zelen\u00e9. Ti ov\u0161em u\u017e rovn\u011b\u017e nejsou v&nbsp;m\u00f3d\u011b, tak p\u0159esko\u010dil k&nbsp;jejich klonu \u2013 Pir\u00e1t\u016fm.<\/p>\n<p>Za Zelen\u00e9 bude \u201ena dvojce\u201c m\u00edsto n\u011bj kandidovat Ivan Gabal, doned\u00e1vna poslanec za lidovce, jeden z&nbsp;nejdivo\u010dej\u0161\u00edch jest\u0159\u00e1b\u016f sn\u00edc\u00edch o vyvol\u00e1n\u00ed v\u00e1lky s&nbsp;Ruskem, kter\u00e9ho nejen kv\u016fli tomu dokonce i lidove\u010dt\u00ed voli\u010di \u201evykrou\u017ekovali\u201c. Te\u010f douf\u00e1 v&nbsp;repar\u00e1t s&nbsp;pomoc\u00ed eko-terorist\u016f. Nebude chyb\u011bt ani \u201eprezidentsk\u00fd kandid\u00e1t\u201c a v\u00fdznamn\u00fd aktivista Kav\u00e1rny Marek Hil\u0161er. Fialova ODS zase p\u0159esv\u011bd\u010dila herce Vladim\u00edra Kratinu, aby se v&nbsp;jej\u00edm dresu pokusil sehr\u00e1t repr\u00edzu \u00fasp\u011b\u0161n\u00e9 fra\u0161ky jakou ne tak d\u00e1vno hr\u00e1l pro Babi\u0161e Martin Stropnick\u00fd. Jin\u00fdmi slovy \u2013 jeden vedle druh\u00e9ho Kav\u00e1rna.<\/p>\n<p>Proti nim se s&nbsp;podporou SPD postav\u00ed Ladislav Jakl, n\u011bkdej\u0161\u00ed tajemn\u00edk a \u0159editel Politick\u00e9ho odboru kancel\u00e1\u0159e prezidenta V\u00e1clava Klause, dnes \u010dlen spr\u00e1vn\u00ed rady jeho institutu. P\u016fjde o zaj\u00edmav\u00fd test. Ti prvn\u011b jmenovan\u00ed se mezi sebou poperou o hlasy pro \u201eba\u017einy\u201c, kter\u00e9 maj\u00ed v&nbsp;hlavn\u00edm m\u011bst\u011b odcizen\u00e9m zbytku zem\u011b svou posledn\u00ed ba\u0161tu. Tak\u017ee pro Jakla budou hlasovat \u2013 no prost\u011b v\u0161ichni ti zb\u00fdvaj\u00edc\u00ed. Poprv\u00e9 m\u00e1 \u201eml\u010d\u00edc\u00ed v\u011bt\u0161ina\u201c Prahy 2 skute\u010dnou alternativu. Uvid\u00edme, kolik jich bude, a jak ji vyu\u017eij\u00ed. Jen\u017ee nejprve se o sv\u00e9m alternativn\u00edm kandid\u00e1tovi musej\u00ed dozv\u011bd\u011bt. A to m\u016f\u017ee b\u00fdt o\u0159\u00ed\u0161ek.<\/p>\n<h2>Hehe<\/h2>\n<p>Tak zn\u00ed lidov\u00e1 p\u0159ezd\u00edvka Ji\u0159\u00edho Pehe, jednoho z&nbsp;hlavn\u00edch ideolog\u016f \u201eba\u017ein\u201c. Jeho kolegov\u00e9 z&nbsp;\u010cT, od Bakaly a spol., se zat\u00edm sna\u017e\u00ed p\u0159edst\u00edrat, \u017ee Ladislav Jakl v Praze 2 nekandiduje, proto\u017ee \u017e\u00e1dn\u00e1 kav\u00e1rensk\u00e1 autorita je\u0161t\u011b \u201eneudala t\u00f3n\u201c pro spole\u010dnou sborovou p\u00edse\u0148. Ujal se toho tedy Pehe. Napsal do novinek.cz koment\u00e1\u0159, kter\u00fd krom\u011b zm\u00edn\u011bn\u00e9ho pokynu \u201ejak na to\u201c, mimo\u0159\u00e1dn\u011b p\u0159esv\u011bd\u010div\u011b ilustruje i metodu, kterou postupuj\u00ed \u201estr\u00e1\u017eci pravdy a objektivity\u201c v&nbsp;\u010dase \u201edezinformac\u00ed a fake news\u201c. Krom\u011b jin\u00e9ho p\u00ed\u0161e:<\/p>\n<p><em>\u201eJakl se dlouhou dobu profiloval jako liber\u00e1l, kter\u00fd m\u00e1 bl\u00edzko k&nbsp;ODS<\/em>.\u201c<\/p>\n<p>(Proto\u017ee Ladislava Jakla dlouhou dobu zn\u00e1m, v\u00edm, \u017ee je sp\u00ed\u0161e konzervativec, kter\u00fd m\u011bl naposledy bl\u00edzko k&nbsp;libertari\u00e1n\u016fm Svobodn\u00fdm \u2013 p\u0159edev\u0161\u00edm kv\u016fli&nbsp;jejich odporu k EU.)<\/p>\n<p><em>\u201eJeho n\u00e1zory byly v\u017edy pon\u011bkud politicky \u201ezt\u0159e\u0161t\u011bn\u00e9\u201c, co\u017e se p\u0159i\u010d\u00edtalo snah\u00e1m st\u00e1le je\u0161t\u011b aktivn\u00edho rockera \u0161okovat a&nbsp;provokovat. V&nbsp;t\u00fdmu V\u00e1clava Klause ho sv\u00fdmi kontroverzn\u00edmi n\u00e1zory zast\u00ednil jen Petr H\u00e1jek, kter\u00fd by dnes byl pro SPD t\u00e9\u017e velkou posilou<\/em>.\u201c<\/p>\n<p>(Jak\u00e9 \u201epoliticky zt\u0159e\u0161t\u011bn\u00e9\u201c n\u00e1zory zast\u00e1val? Nesouhlas s&nbsp;Lisabonskou smlouvou, boj s&nbsp;eko-teroristy? Pehe neuvede jedin\u00fd p\u0159\u00edklad typu \u201e&#8230;t\u0159eba t\u00edm, \u017ee&#8230;\u201c, aby s&nbsp;n\u00edm \u0161lo polemizovat. Je to prost\u011b jen tvrzen\u00ed-n\u00e1lepka. Stejn\u00fdm zp\u016fsobem se p\u0159i tom ze zvyku ot\u0159el tak\u00e9 o autora tohoto \u010dl\u00e1nku, a\u010d rovn\u011b\u017e neuvede jedin\u00fd p\u0159\u00edklad m\u00fdch \u201ekontroverzn\u00edch\u201c n\u00e1zor\u016f: 11. z\u00e1\u0159\u00ed?, boj s&nbsp;darwinismem?, s&nbsp;havlismem? V&nbsp;\u010dem bych m\u011bl b\u00fdt pro SPD \u201eposilou\u201c? T\u00edm, \u017ee jsem nikdy nebyl v&nbsp;\u017e\u00e1dn\u00e9 stran\u011b, nikam jsem nikdy nekandidoval a kandidovat nem\u00edn\u00edm?)<\/p>\n<p><em>\u201eJe ostatn\u011b zcela p\u0159\u00edpadn\u00e9, \u017ee k&nbsp;SPD gravituj\u00ed pr\u00e1v\u011b lid\u00e9 z&nbsp;okol\u00ed Klause. Ten se s\u00e1m dnes anga\u017euje v&nbsp;podpo\u0159e Alternativy pro N\u011bmecko, co\u017e je takov\u00e1 n\u011bmeck\u00e1 obdoba okamurovc\u016f.\u201c&nbsp;<\/em><\/p>\n<p>(Jac\u00ed lid\u00e9 z&nbsp;okol\u00ed VK \u201egravituj\u00ed\u201c k&nbsp;SPD krom\u011b L. Jakla? Ten ostatn\u011b v&nbsp;interview vysv\u011btlil svou kandidaturu tak, \u017ee je pro n\u011bj z\u00e1sadn\u00ed odpor tohoto hnut\u00ed k&nbsp;migraci: \u201eMigraci organizuje a \u0159\u00edd\u00ed EU,\u201c \u0159ekl a vysv\u011btlil, \u017ee na SPD mu je rovn\u011b\u017e sympatick\u00e9, \u017ee nejd\u016fsledn\u011bji zast\u00e1v\u00e1 ostr\u00e9 postoje v\u016f\u010di utahov\u00e1n\u00ed \u0161roub\u016f bruselsk\u00e9 byrokracie.&nbsp;\u201eMigranti a Evropsk\u00e1 unie n\u00e1m berou na\u0161e \u010desk\u00e9 h\u0159i\u0161t\u011b,\u201c konstatoval. O tom, se v\u0161ak od Pehe pochopiteln\u011b nedozv\u00edme ani slovo.<\/p>\n<p>V\u00e1clav Klaus se \u201eanga\u017euje v&nbsp;podpo\u0159e Alternativy pro N\u011bmecko\u201c nikoli a\u017e \u201ednes\u201c, ale dlouho p\u0159edt\u00edm, ne\u017e se v&nbsp;ned\u00e1vn\u00fdch volb\u00e1ch stala t\u0159et\u00ed nejv\u011bt\u0161\u00ed parlamentn\u00ed stranou v&nbsp;N\u011bmecku, sp\u00ed\u0161e lze \u0159\u00edci, \u017ee j\u00ed k&nbsp;jej\u00ed vysok\u00e9 a st\u00e1le rostouc\u00ed- podpo\u0159e bou\u0159\u00edc\u00ed se \u010d\u00e1sti n\u011bmeck\u00e9 ve\u0159ejnosti pomohl.)<\/p>\n<p><em>\u201eI&nbsp;okamurovci obecn\u011b hl\u00e1saj\u00ed n\u00e1zory, kter\u00e9 by s\u00e1m Klaus z&nbsp;velk\u00e9 v\u011bt\u0161iny bezpochyby podepsal \u2013&nbsp;od prorusk\u00fdch postoj\u016f p\u0159es imigra\u010dn\u00ed hysterii a\u017e k&nbsp;siln\u00e9 protievropsk\u00e9 r\u00e9torice.<\/em><em>\u201c<\/em><\/p>\n<p>(Pehe je zjevn\u011b znalec toho, co by kdo \u201epodepsal\u201c. Pokud bych postupoval Pehe-metodou, dodal bych, \u017ee s&nbsp;t\u00edm m\u00e1 z&nbsp;dob sv\u00e9ho anga\u017em\u00e1 v&nbsp;USA asi sv\u00e9 zku\u0161enosti. D\u016fkaz, \u017ee je agent CIA v&nbsp;takov\u00e9m typu kav\u00e1rensk\u00e9 \u201eargumentace\u201c net\u0159eba. V\u017edy\u0165 co jsou to t\u0159eba \u201eprorusk\u00e9 postoje\u201c? Klausovy sympatie k Donaldu Trumpovi? Obdobn\u00e9 je to s \u201emigra\u010dn\u00ed hysteri\u00ed\u201c. Jak asi se exprezidentovi projevuje? T\u00edm, \u017ee odm\u00edt\u00e1 otev\u0159\u00edt na\u0161e hranice, \u017ee nevol\u00e1 \u201ev\u00edtejte!\u201c, nebo \u201emy to zvl\u00e1dneme?\u201c Pehe nic dokazovat nemus\u00ed: jeho slova nebude mainstream podrobovat zkoum\u00e1n\u00ed jako tento \u201edezinforma\u010dn\u00ed\u201c web. ONI jsou p\u0159ece pravda!)<\/p>\n<p><em>\u201e\u010cesk\u00e1 televize kup\u0159\u00edkladu ned\u00e1vno pozvala Jakla do diskuzn\u00edho po\u0159adu, aby debatoval s&nbsp;respektovan\u00fdm profesorem Bostonsk\u00e9 univerzity Igorem Luke\u0161em o&nbsp;USA. Ten se coby odborn\u00edk na mezin\u00e1rodn\u00ed vztahy ohradil proti tomu, \u017ee je nucen diskutovat s&nbsp;n\u011bk\u00fdm, kdo nen\u00ed zn\u00e1m \u017e\u00e1dnou odbornost\u00ed na dan\u00e9 t\u00e9ma. Jaklovo \u201eodborn\u00e9\u201c z\u00e1zem\u00ed se nach\u00e1z\u00ed v&nbsp;ideologicky umanut\u00e9m Institutu V\u00e1clava Klause, jeho\u017e zahrani\u010dn\u011bpolitick\u00e9 pohledy se jev\u00ed jako kopie z&nbsp;kremelsk\u00e9 propagandy.\u201c<\/em><\/p>\n<p>(Pro koho, krom\u011b \u010cT a \u010cRo, do nich\u017e je ultralevi\u010d\u00e1k a clintonovsk\u00fd aktivista Igor Luke\u0161 pravideln\u011b zv\u00e1n \u2013 viz jeho nesl\u00fdchan\u00e9 v\u00fdroky v&nbsp;dob\u011b p\u0159edvolebn\u00ed prezidentsk\u00e9 kampan\u011b v\u016f\u010di D. Trumpovi, a pak i proti n\u011bmu jako prezidentovi \u2013 je u n\u00e1s \u201erespektovan\u00fdm odborn\u00edkem na mezin\u00e1rodn\u00ed vztahy\u201c? U Jakla to v\u00edme. Ten si \u201esv\u00e9 university\u201c absolvoval krom\u011b jin\u00e9ho v&nbsp;\u00fazk\u00e9m kontaktu s&nbsp;V\u00e1clavem Klausem coby p\u0159edsedou ODS, \u0161\u00e9fem parlamentu a kone\u010dn\u011b jednu dek\u00e1du i na Pra\u017esk\u00e9m hrad\u011b p\u0159i \u0159e\u0161en\u00ed nejslo\u017eit\u011bj\u0161\u00edch mezin\u00e1rodn\u00edch ot\u00e1zek \u2013 viz t\u0159eba pr\u00e1v\u011b doba kolem Lisabonsk\u00e9 smlouvy. O takov\u00fdch zku\u0161enostech se I. Luke\u0161ovi ani J. Pehe nem\u016f\u017ee ani zd\u00e1t.<\/p>\n<p>Nebo zase: v&nbsp;\u010dem je Institut V\u00e1clava Klause \u201eideologicky umanut\u00fd\u201c? T\u00edm, \u017ee je jedn\u00edm z&nbsp;posledn\u00edch m\u00edst, kde p\u00e1r lid\u00ed dr\u017e\u00ed vzty\u010denou vlajku autentick\u00e9 politick\u00e9 pravice i v&nbsp;dob\u011b, kdy pravice a levice ve ve\u0159ejn\u00e9m prostoru p\u0159estaly existovat? Mo\u017en\u00e1. Ale pak by to m\u011bl \u0159\u00edci. Stejn\u011b jako kter\u00e9 \u201ezahrani\u010dn\u011bpolitick\u00e9 pohledy IVK se jev\u00ed jako kopie kremelsk\u00e9 propagandy\u201c? O tom ani slovo, jen jedna pro\u0161l\u00e1 n\u00e1lepka za druhou.)<\/p>\n<p><em>\u201eV debat\u011b, kter\u00e1 n\u00e1sledovala, se n\u011bkte\u0159\u00ed Jakla zast\u00e1vali. M\u00e1 pr\u00fd pr\u00e1vo prezentovat svoje n\u00e1zory i&nbsp;v&nbsp;debat\u011b s&nbsp;odborn\u00edkem, a&nbsp;\u010cT ve sv\u00e9m hled\u00e1n\u00ed vyv\u00e1\u017eenosti nepochybila. Jaklovo kur\u00e1\u017en\u00e9 rozhodnut\u00ed spojit se s&nbsp;SPD nyn\u00ed \u010cT jej\u00ed pon\u011bkud sv\u00e9r\u00e1zn\u00e9 hled\u00e1n\u00ed \u201evyv\u00e1\u017eenosti\u201c uleh\u010d\u00ed. Pozvat do studia odborn\u00edka, aby v\u00e1\u017en\u011b debatoval s&nbsp;\u010dlov\u011bkem spjat\u00fdm s&nbsp;n\u011bk\u00fdm z&nbsp;\u0159ad SPD, u\u017e toti\u017e nen\u00ed jen ot\u00e1zka vkusu. A&nbsp;to ani kdyby s\u00e1m prezident Zeman stokr\u00e1t opakoval, \u017ee se s&nbsp;n\u00e1zory SPD p\u0159ekr\u00fdvaj\u00ed i&nbsp;ty jeho, a&nbsp;i&nbsp;proto nav\u0161t\u011bvuje sjezdy tohoto hnut\u00ed.\u201c<\/em><\/p>\n<p>(V debat\u011b, kter\u00e1 n\u00e1sledovala po fantaskn\u00edm Luke\u0161ov\u011b v\u00fdpadu proti Jaklov\u00fdm dlouh\u00fdm vlas\u016fm, j\u00edm\u017e n\u00e1m pam\u011btn\u00edk\u016fm osv\u011b\u017eil doby p\u0159ed Listopadem, se nebylo t\u0159eba Jakla zast\u00e1vat. \u201eUzn\u00e1van\u00fd odborn\u00edk\u201c toti\u017e s\u00e1m odhalil svou pravou kvalifikaci neobol\u0161evick\u00e9ho \u201e\u0159ezn\u00edka\u201c.&nbsp;<\/p>\n<p>Le\u010d teprve tady p\u0159ich\u00e1z\u00ed pointa v\u0161eobecn\u00e9ho \u017ev\u00e1st\u00e1n\u00ed: Jakla pr\u00fd podle Pehe do onoho po\u0159adu \u010cT pozvali kv\u016fli \u201evyv\u00e1\u017eenosti\u201c. Mus\u00ed v\u011bd\u011bt, je jedn\u00edm z&nbsp;extern\u00edch \u201ezam\u011bstnanc\u016f\u201c. Jakmile se v\u0161ak Jakl rozhodl kandidovat do sen\u00e1tu s&nbsp;podporou SPD, bude v&nbsp;jeho p\u0159\u00edpad\u011b i s p\u0159edst\u00edranou&nbsp;hrou na ob\u010dasn\u00e9 form\u00e1ln\u00ed \u201evyva\u017eov\u00e1n\u00ed\u201c propagandistick\u00fdch hitpar\u00e1d Kav\u00e1rny konec. Jakl prost\u011b u\u017e do \u010cT nesm\u00ed. Je p\u0159ece kandid\u00e1tem spojen\u00fdm s&nbsp;SPD, kterou si neo\u0161kliv\u00ed dokonce ani superpadouch prezident Zeman.&nbsp;<\/p>\n<p>A to u\u017e zjevn\u011b nen\u00ed ani \u201eot\u00e1zka vkusu\u201c p\u0159i \u201esv\u00e9r\u00e1zn\u00e9m hled\u00e1n\u00ed vyv\u00e1\u017eenosti\u201c. To je prost\u011b rozkaz. Teprve tady bylo Pehe kone\u010dn\u011b konkr\u00e9tn\u00ed a nezaml\u017een\u00e9. Tak p\u0159ece v&nbsp;cel\u00e9 nahot\u011b vypad\u00e1 \u201eve\u0159ejnopr\u00e1vnost\u201c jejich \u010cT, kterou plat\u00edme v\u0161ichni \u2013 v\u010detn\u011b voli\u010d\u016f Tomia Okamury. Ostatn\u011b je jich podle v\u00fdsledk\u016f voleb podstatn\u011b v\u00edc ne\u017e t\u011bch, kte\u0159\u00ed podporuj\u00ed um\u00edraj\u00edc\u00ed lidovce, posp\u00ed\u0161ilovce (kalouskovce) a podobn\u00e9 pidistrany \u2013 skute\u010dn\u00e9 majitele \u010cesk\u00e9 televize. Co\u017e u\u017e v\u016fbec nen\u00ed k&nbsp;sm\u00edchu. Hehe.)<\/p>\n<h2>Cirkus bude!<\/h2>\n<p>K&nbsp;zaj\u00edmav\u00fdm kandid\u00e1t\u016fm do sen\u00e1tu se samoz\u0159ejm\u011b v&nbsp;Protiproudu budeme vracet. K&nbsp;t\u011bm \u201ezak\u00e1zan\u00fdm\u201c o to v\u00edce. Pehe a spol. se sice navz\u00e1jem uklid\u0148uj\u00ed, \u017ee ve skute\u010dnosti nic nehroz\u00ed, jsou p\u0159esv\u011bd\u010deni, \u017ee maj\u00ed ma\u0161inu propagandy st\u00e1le stejn\u011b pevn\u011b v&nbsp;rukou, jako d\u0159\u00edve. To sice maj\u00ed, jen\u017ee tento v\u00e1le\u010dn\u00fd vlak u\u017e d\u00e1vno jede po slep\u00e9 koleji. Ukazuj\u00ed to volby jedny za druh\u00fdmi: od n\u00e1s p\u0159es celou EU a\u017e po Spojen\u00e9 st\u00e1ty.&nbsp;<\/p>\n<p>V\u0161ude tam, stejn\u011b jako u n\u00e1s, pehovci \u0159vou, maj\u00ed v&nbsp;rukou hlavn\u00ed m\u00e9dia, po\u0159\u00e1daj\u00ed hony na \u010darod\u011bjnice jako v&nbsp;pades\u00e1t\u00fdch letech za mccarthismu \u2013 a p\u0159ece je jim to st\u00e1le v\u00edc houby platn\u00e9. Lid\u00e9 se toti\u017e st\u00e1le v\u00edc za\u010d\u00ednaj\u00ed rozhodovat podle vlastn\u00edho rozumu. Maj\u00ed k&nbsp;tomu toti\u017e tak\u00e9 \u0159adu informac\u00ed z&nbsp;nez\u00e1visl\u00fdch m\u00e9di\u00ed. Jist\u011b, i n\u00e1s se brzy pokus\u00ed zav\u0159\u00edt (orwellovsk\u00fdm newspeakem \u201eomezit, regulovat\u201c). Ale ani tak nemaj\u00ed \u0161anci. Zp\u016fsob\u016f jak k&nbsp;lidem dostat pravdiv\u00e9 informace o l\u017e\u00edch sebou definovan\u00fdch str\u00e1\u017ec\u016f pravdy (a l\u00e1sky) bude v&nbsp;technologick\u00e9 epo\u0161e sp\u00ed\u0161e p\u0159ib\u00fdvat.<\/p>\n<p>Zat\u00edm je st\u00e1le je\u0161t\u011b vedro, tak\u017ee tyhle p\u0159\u00edpravn\u00e9 hr\u00e1tky na \u201ecinknut\u00fd\u201c p\u0159edvolebn\u00ed z\u00e1pas asi mnoho lid\u00ed nesleduje. Ale fale\u0161n\u00e1 konstrukce virtu\u00e1ln\u00edho \u0161apit\u00f3 pro cirkus zvan\u00fd \u201evolby podle \u010cT (\u010clov\u011bka v&nbsp;t\u00edsni atd.)\u201c je ji\u017e postavena. Obvykl\u00fd cirkus p\u0159edst\u00edraj\u00edc\u00ed demokracii a rovn\u00e9 podm\u00ednky pro v\u0161echny kandid\u00e1ty v\u0161ak st\u00e1le v\u00fdznamn\u011bj\u0161\u00ed \u010d\u00e1st ve\u0159ejnosti nebav\u00ed. Dokonce u\u017e ani v&nbsp;Praze.&nbsp;<\/p>\n<p>Jak velk\u00e1 je ta \u010d\u00e1st, se uk\u00e1\u017ee ji\u017e za p\u00e1r t\u00fddn\u016f.&nbsp;<\/p>\n<p><a href=\"http:\/\/www.protiproud.cz\/politika\/3930-pripad-jakl-klausuv-spolupracovnik-kandiduje-do-senatu-s-podporou-spd-hehe-mu-vyhlasilo-zakaz-vstupu-do-ct-lzi-strazcu-fake-news-rovne-podminky-pro-vsechny-kavarna-uz-ani-nepredstira-cirkus-bude.htm\">Zdroj<\/a><\/p>\n","protected":false},"excerpt":{"rendered":"<p>Podzimn\u00ed komun\u00e1ln\u00ed a sen\u00e1tn\u00ed volby se bl\u00ed\u017e\u00ed. Navzdory kr\u00e1sn\u00e9mu hork\u00e9mu l\u00e9tu, v&nbsp;n\u011bm\u017e jako by se zastavilo obvykl\u00e9 proud\u011bn\u00ed vzduchu od oce\u00e1nu, tak\u017ee je tak\u00e9 bohu\u017eel pom\u011brn\u011b sucho, proudy na dom\u00e1c\u00ed politick\u00e9 sc\u00e9n\u011b se naopak d\u00e1vaj\u00ed do pohybu. A s&nbsp;nimi m\u00e9dia, pro kter\u00e1 je to v&nbsp;okurkov\u00e9 sez\u00f3n\u011b blahod\u00e1rn\u00fd v\u00fdtrysk \u017eiv\u00e9 vody. Bez ohledu na to, \u017ee [&hellip;]<\/p>\n","protected":false},"author":1,"featured_media":0,"comment_status":"open","ping_status":"open","sticky":false,"template":"","format":"standard","meta":{"ngg_post_thumbnail":0,"footnotes":""},"categories":[11],"tags":[],"class_list":["post-8910","post","type-post","status-publish","format-standard","hentry","category-ozvena"],"_links":{"self":[{"href":"https:\/\/www.ladislavjakl.cz\/index.php?rest_route=\/wp\/v2\/posts\/8910","targetHints":{"allow":["GET"]}}],"collection":[{"href":"https:\/\/www.ladislavjakl.cz\/index.php?rest_route=\/wp\/v2\/posts"}],"about":[{"href":"https:\/\/www.ladislavjakl.cz\/index.php?rest_route=\/wp\/v2\/types\/post"}],"author":[{"embeddable":true,"href":"https:\/\/www.ladislavjakl.cz\/index.php?rest_route=\/wp\/v2\/users\/1"}],"replies":[{"embeddable":true,"href":"https:\/\/www.ladislavjakl.cz\/index.php?rest_route=%2Fwp%2Fv2%2Fcomments&post=8910"}],"version-history":[{"count":1,"href":"https:\/\/www.ladislavjakl.cz\/index.php?rest_route=\/wp\/v2\/posts\/8910\/revisions"}],"predecessor-version":[{"id":8911,"href":"https:\/\/www.ladislavjakl.cz\/index.php?rest_route=\/wp\/v2\/posts\/8910\/revisions\/8911"}],"wp:attachment":[{"href":"https:\/\/www.ladislavjakl.cz\/index.php?rest_route=%2Fwp%2Fv2%2Fmedia&parent=8910"}],"wp:term":[{"taxonomy":"category","embeddable":true,"href":"https:\/\/www.ladislavjakl.cz\/index.php?rest_route=%2Fwp%2Fv2%2Fcategories&post=8910"},{"taxonomy":"post_tag","embeddable":true,"href":"https:\/\/www.ladislavjakl.cz\/index.php?rest_route=%2Fwp%2Fv2%2Ftags&post=8910"}],"curies":[{"name":"wp","href":"https:\/\/api.w.org\/{rel}","templated":true}]}}