{"id":8914,"date":"2018-08-09T09:43:36","date_gmt":"2018-08-09T07:43:36","guid":{"rendered":"http:\/\/www.ladislavjakl.cz\/?p=8914"},"modified":"2018-08-09T09:43:36","modified_gmt":"2018-08-09T07:43:36","slug":"reditel-deniku-referendum-s-lidmi-jako-je-jakl-se-nediskutuje-neni-hoden-oponentury","status":"publish","type":"post","link":"https:\/\/www.ladislavjakl.cz\/?p=8914","title":{"rendered":"\u0158editel Den\u00edku Referendum: S lidmi, jako je Jakl, se nediskutuje, nen\u00ed hoden oponentury"},"content":{"rendered":"<p>N\u011bkdej\u0161\u00ed spolupracovn\u00edk exprezidenta V\u00e1clava Klause Ladislav Jakl se rozhodl kandidovat do Sen\u00e1tu. Publicista a \u0159editel Vydavatelstv\u00ed Referendum Radovan Barto\u0161ek se zam\u00fd\u0161l\u00ed nad t\u00edm, pro\u010d Jakl kandiduje za SPD Tomia Okamury. V textu pro Den\u00edk Referendum dosp\u011bl k zaj\u00edmav\u00e9mu zd\u016fvodn\u011bn\u00ed.<\/p>\n<p><!--more--><\/p>\n<p>Publicista a \u0159editel Vydavatelstv\u00ed Referendum Radovan Barto\u0161ek sepsal p\u00e1r \u0159\u00e1dek ke kandidatu\u0159e n\u011bkdej\u0161\u00edho spolupracovn\u00edka exprezidenta V\u00e1clava Klause Ladislava Jakla do Sen\u00e1tu. Za SPD Tomia Okamury. Podle Barto\u0161ka jsou Jaklovy n\u00e1zory natolik nebezpe\u010dn\u00e9, \u017ee nem\u00e1 smysl o nich diskutovat. Pokud o nich s Jaklem n\u011bkdo diskutuje, d\u00e1v\u00e1 t\u00edm najevo, \u017ee Jaklovy my\u0161lenky pova\u017euje za hodn\u00e9 oponentury. Podle Barto\u0161ka v\u0161ak tyto n\u00e1zory rozhodn\u011b nejsou hodny oponentury.<\/p>\n<p>\u201eKdy\u017e se n\u011bkoho zept\u00e1te, kolik je hodin, a on v\u00e1m odpov\u00ed, \u017ee je p\u0159esn\u011b za sto \u0161vestek pomeran\u010d, nem\u00e1 cenu pt\u00e1t se d\u00e1l, proto\u017ee v\u00e1\u0161 potenci\u00e1ln\u00ed partner evidentn\u011b nem\u00e1 kapacity nebo z\u00e1jem v\u00e9st jakoukoli smysluplnou konverzaci,\u201c poznamenal publicista.&nbsp;<\/p>\n<p>T\u011bmito slovy reagoval na Jaklovy \u00favahy o tom, \u017ee zp\u0159\u00edstupn\u011bn\u00ed volebn\u00edho pr\u00e1va \u017een\u00e1m v kone\u010dn\u00e9m d\u016fsledku po\u0161kodilo tradi\u010dn\u00ed rodinu.<\/p>\n<ul>\n<li><strong><a href=\"http:\/\/denikreferendum.cz\/clanek\/28076-jaklovani-v-tanecnich-pro-pokrocile\" target=\"_blank\" rel=\"noopener\">Cel\u00fd koment\u00e1\u0159 naleznete zde<\/a>.<\/strong><\/li>\n<\/ul>\n<p>Publicista Barto\u0161ek tak\u00e9 p\u0159ipomn\u011bl, \u017ee exprezident Klaus v\u017edy pat\u0159il mezi nejtvrd\u0161\u00ed zast\u00e1nce zastupitelsk\u00e9 demokracie. Voli\u010di si zvol\u00ed sv\u00e9 z\u00e1stupce ve volb\u00e1ch, a pokud jsou s jejich prac\u00ed nespokojen\u00ed, mohou si za \u010dty\u0159i roky zvolit n\u011bkoho jin\u00e9ho nebo kandidovat sami, pakli\u017ee v\u011b\u0159\u00ed, \u017ee by politick\u00e9 \u0159emeslo zvl\u00e1dli l\u00e9pe. Jak si tedy vysv\u011btlit, \u017ee jeden z bl\u00edzk\u00fdch spolupracovn\u00edk\u016f V\u00e1clava Klause v dob\u011b jeho prezidentstv\u00ed, Ladislav Jakl, kandiduje za hnut\u00ed Svoboda a p\u0159\u00edm\u00e1 demokracie Tomia Okamury? Barto\u0161ek m\u00e1 vysv\u011btlen\u00ed pom\u011brn\u011b jednoduch\u00e9. Jakl chce jen provokovat a \u0161tv\u00e1t sv\u00e9 n\u00e1zorov\u00e9 odp\u016frce. Proto pr\u00fd bude nejlep\u0161\u00ed na n\u011bj v\u016fbec nereagovat.<\/p>\n<p>Jaklova kandidatura za SPD nen\u00ed ni\u010d\u00edm jin\u00fdm ne\u017e takov\u00fdm politick\u00fdm \u0159\u00edhnut\u00edm. Upout\u00e1v\u00e1 na sebe pozornost, \u0161okuje a pohor\u0161uje. Najednou v\u0161ichni \u0159e\u0161\u00ed Jakla a to, jak m\u016f\u017ee b\u00fdt tak nekonzistentn\u00ed a tak bezcharaktern\u00ed, \u017ee kandiduje za absurdn\u00ed uskupen\u00ed, jako je pr\u00e1v\u011b SPD. Ze v\u0161ech nejv\u00edc se nad t\u00edm roz\u010diluj\u00ed pr\u00e1v\u011b \u201epoliti\u010dt\u00ed \u0161prti\u201c (spjat\u00ed p\u0159edev\u0161\u00edm s liber\u00e1ly ze st\u0159edn\u00ed t\u0159\u00eddy), kte\u0159\u00ed jsou c\u00edlem v\u0161ech \u201epoliticky nekorektn\u00edch\u201c kopanc\u016f a atak\u016f. A \u010d\u00edm v\u00edc se politi\u010dt\u00ed vzor\u0148\u00e1ci roz\u010diluj\u00ed nad t\u00edm, jak je Jakl drz\u00fd a prohnan\u00fd, nebo nad t\u00edm, jak hloup\u00ed a cyni\u010dt\u00ed jsou jejich spoluob\u010dan\u00e9, kdy\u017e po\u0159\u00e1d v\u011b\u0159\u00ed na uprchlick\u00e9 hordy, a\u010dkoli \u017e\u00e1dn\u00e9 fakticky nep\u0159i\u0161ly, t\u00edm v\u011bt\u0161\u00ed radost a uspokojen\u00ed z toho budouc\u00ed sen\u00e1tor i jeho voli\u010di maj\u00ed&#8230; \u201eJestli chceme Jakla porazit, mus\u00edme jej p\u0159estat br\u00e1t v\u00e1\u017en\u011b,\u201c uzav\u0159el sv\u016fj text publicista.<\/p>\n<p><a href=\"https:\/\/www.parlamentnilisty.cz\/arena\/monitor\/Reditel-Deniku-Referendum-S-lidmi-jako-je-Jakl-se-nediskutuje-neni-hoden-oponentury-546609\">Zdroj<\/a><\/p>\n<p>&nbsp;<\/p>\n","protected":false},"excerpt":{"rendered":"<p>N\u011bkdej\u0161\u00ed spolupracovn\u00edk exprezidenta V\u00e1clava Klause Ladislav Jakl se rozhodl kandidovat do Sen\u00e1tu. Publicista a \u0159editel Vydavatelstv\u00ed Referendum Radovan Barto\u0161ek se zam\u00fd\u0161l\u00ed nad t\u00edm, pro\u010d Jakl kandiduje za SPD Tomia Okamury. V textu pro Den\u00edk Referendum dosp\u011bl k zaj\u00edmav\u00e9mu zd\u016fvodn\u011bn\u00ed.<\/p>\n","protected":false},"author":1,"featured_media":0,"comment_status":"open","ping_status":"open","sticky":false,"template":"","format":"standard","meta":{"ngg_post_thumbnail":0,"footnotes":""},"categories":[11],"tags":[],"class_list":["post-8914","post","type-post","status-publish","format-standard","hentry","category-ozvena"],"_links":{"self":[{"href":"https:\/\/www.ladislavjakl.cz\/index.php?rest_route=\/wp\/v2\/posts\/8914","targetHints":{"allow":["GET"]}}],"collection":[{"href":"https:\/\/www.ladislavjakl.cz\/index.php?rest_route=\/wp\/v2\/posts"}],"about":[{"href":"https:\/\/www.ladislavjakl.cz\/index.php?rest_route=\/wp\/v2\/types\/post"}],"author":[{"embeddable":true,"href":"https:\/\/www.ladislavjakl.cz\/index.php?rest_route=\/wp\/v2\/users\/1"}],"replies":[{"embeddable":true,"href":"https:\/\/www.ladislavjakl.cz\/index.php?rest_route=%2Fwp%2Fv2%2Fcomments&post=8914"}],"version-history":[{"count":1,"href":"https:\/\/www.ladislavjakl.cz\/index.php?rest_route=\/wp\/v2\/posts\/8914\/revisions"}],"predecessor-version":[{"id":8915,"href":"https:\/\/www.ladislavjakl.cz\/index.php?rest_route=\/wp\/v2\/posts\/8914\/revisions\/8915"}],"wp:attachment":[{"href":"https:\/\/www.ladislavjakl.cz\/index.php?rest_route=%2Fwp%2Fv2%2Fmedia&parent=8914"}],"wp:term":[{"taxonomy":"category","embeddable":true,"href":"https:\/\/www.ladislavjakl.cz\/index.php?rest_route=%2Fwp%2Fv2%2Fcategories&post=8914"},{"taxonomy":"post_tag","embeddable":true,"href":"https:\/\/www.ladislavjakl.cz\/index.php?rest_route=%2Fwp%2Fv2%2Ftags&post=8914"}],"curies":[{"name":"wp","href":"https:\/\/api.w.org\/{rel}","templated":true}]}}