{"id":8927,"date":"2018-08-10T14:37:34","date_gmt":"2018-08-10T12:37:34","guid":{"rendered":"http:\/\/www.ladislavjakl.cz\/?p=8927"},"modified":"2018-08-10T14:37:34","modified_gmt":"2018-08-10T12:37:34","slug":"okamurovci-slibuji-v-praze-vznik-psich-hlidek-jakl-chce-v-senatu-resit-obri-rizenou-migraci","status":"publish","type":"post","link":"https:\/\/www.ladislavjakl.cz\/?p=8927","title":{"rendered":"Okamurovci slibuj\u00ed v Praze vznik ps\u00edch hl\u00eddek. Jakl chce v Sen\u00e1tu \u0159e\u0161it \u201eob\u0159\u00ed \u0159\u00edzenou migraci\u201c"},"content":{"rendered":"<p>Do sen\u00e1tn\u00edch voleb jdou v barv\u00e1ch Okamurovy SPD b\u00fdval\u00fd prezident\u016fv poradce Ladislav Jakl \u010di n\u011bkdej\u0161\u00ed ministr zdravotnictv\u00ed z vl\u00e1dy Milo\u0161e Zemana Ivan David.<\/p>\n<p><!--more--><\/p>\n<p>Do Sen\u00e1tu za SPD kandiduje b\u00fdval\u00fd tajemn\u00edk prezidenta V\u00e1clava Klause Ladislav Jakl. \u201eBudu proti dal\u0161\u00ed bruselsk\u00e9 centralizaci i za cenu vystoupen\u00ed z EU. Budu v\u017edy proti jak\u00fdmkoliv \u00fastupk\u016fm ve v\u011bci \u0159\u00edzen\u00e9 masov\u00e9 migrace, budu se br\u00e1nit tomu, aby se kdesi mimo na\u0161i zem rozhodovalo, kdo u n\u00e1s sm\u00ed \u017e\u00edt,\u201c vysv\u011btlil Jakl, v \u010dem se ztoto\u017e\u0148uje s hnut\u00edm Tomio Okamury.<\/p>\n<p>\u201eVyhodnocuji na\u0161i sou\u010dasnou situaci jako v\u00e1\u017enou, existen\u010dn\u00ed, jako kriticky ohro\u017euj\u00edc\u00ed pro \u010deskou st\u00e1tn\u00ed suverenitu a existenci,\u201c zm\u00ednil s t\u00edm, \u017ee podle n\u011bj m\u00e1 \u201eob\u0159\u00ed \u0159\u00edzen\u00e1 masov\u00e1 imigrace zni\u010dit \u010cesko\u201c.<\/p>\n<p>Na tato slova v TV Seznam reagoval \u0161\u00e9freport\u00e9r Jind\u0159ich \u0160\u00eddlo. \u201eZd\u00e1 se, \u017ee v \u010cesku u\u017e se \u017e\u00e1dn\u00e1 politick\u00e1 kampa\u0148 nem\u016f\u017ee bez migrace odehr\u00e1t, tak\u017ee Ladislav Jakl bude br\u00e1nit Prahu 2 p\u0159ed migranty,\u201c glosoval \u0160\u00eddlo zd\u016fvodn\u011bn\u00ed Jaklovy kandidatury.<\/p>\n<p>V\u00edce z proslovu Ladislava Jakla, stejn\u011b jako koment\u00e1\u0159 \u0161\u00e9freport\u00e9ra Seznam.cz Jind\u0159icha \u0160\u00eddla najdete ve videu v \u00favodu \u010dl\u00e1nku.<\/p>\n<p>Krom\u011b Jakla, kter\u00fd kandiduje za SPD do Sen\u00e1tu na Praze 2, bude usilovat ve stejn\u00fdch barv\u00e1ch na Praze 12 o p\u0159\u00edze\u0148 voli\u010d\u016f exministr zdravotnictv\u00ed Ivan David. Na Praze 4 pak mana\u017eer Ji\u0159\u00ed Kocman.<\/p>\n<p>Do \u010dela pra\u017esk\u00e9ho magistr\u00e1tu by cht\u011bl za hnut\u00ed usednout Hynek Beran, energetick\u00fd odborn\u00edk a b\u00fdval\u00fd \u0161\u00e9f \u010desk\u00fdch zedn\u00e1\u0159\u016f. \u201eRozvoj m\u011bsta je p\u0159edev\u0161\u00edm rozvoj \u017eivota, nen\u00ed to n\u011bjak\u00fd import ciz\u00ed civilizace, byznys developmentu, ale jsou to p\u0159edev\u0161\u00edm mlad\u00e9 rodiny. T\u011bm je pot\u0159eba za\u0159\u00eddit d\u016fstojn\u00fd \u017eivot. Ale nejen jim, ale i st\u0159edn\u00ed generaci a senior\u016fm,\u201c zazn\u011blo od Berana.<\/p>\n<p>SPD nasazuje sv\u00e9 \u010dleny i v jednotliv\u00fdch pra\u017esk\u00fdch \u010d\u00e1stech. Jej\u00ed kandid\u00e1ti cht\u011bj\u00ed nej\u010dast\u011bji \u0159e\u0161it bydlen\u00ed, dopravu a obnovu zelen\u011b.<\/p>\n<p>V n\u011bkter\u00fdch m\u011bstsk\u00fdch \u010d\u00e1stech ale navrhuj\u00ed i kuri\u00f3zn\u011bj\u0161\u00ed zm\u011bny. \u201ePro pejska\u0159e chceme ps\u00ed h\u0159i\u0161t\u011b a chceme z\u0159\u00eddit ps\u00ed hl\u00eddky nam\u00edsto nefunk\u010dn\u00ed poch\u016fzkov\u00e9 slu\u017eby st\u00e1tn\u00ed policie,\u201d slibuje v p\u0159\u00edpad\u011b zvolen\u00ed Robert Va\u0161\u00ed\u010dek, kandid\u00e1t SPD na starostu Prahy 11.<\/p>\n<p>Podle n\u011bj by lid\u00e9, kte\u0159\u00ed ven\u010d\u00ed psi, m\u011bli ve v\u011bt\u0161\u00ed m\u00ed\u0159e sledovat, co se kolem nich d\u011bje. A v p\u0159\u00edpad\u011b, \u017ee spat\u0159\u00ed \u201ekrimin\u00e1ln\u011b z\u00e1vadnou \u010dinnost\u201c, by m\u011bli zavolat policii.<\/p>\n<p>Hnut\u00ed p\u0159edstavilo l\u00eddry do podzimn\u00edch komun\u00e1ln\u00edch a sen\u00e1tn\u00edch voleb v Praze bez p\u0159\u00edtomnosti p\u0159edsedy hnut\u00ed Tomio Okamury. Ten se z akce omluvil kv\u016fli nemoci.<\/p>\n<p><a href=\"https:\/\/www.seznamzpravy.cz\/clanek\/okamurovci-slibuji-v-praze-vznik-psich-hlidek-jakl-chce-v-senatu-resit-obri-rizenou-migraci-53498\">Zdroj<\/a><\/p>\n","protected":false},"excerpt":{"rendered":"<p>Do sen\u00e1tn\u00edch voleb jdou v barv\u00e1ch Okamurovy SPD b\u00fdval\u00fd prezident\u016fv poradce Ladislav Jakl \u010di n\u011bkdej\u0161\u00ed ministr zdravotnictv\u00ed z vl\u00e1dy Milo\u0161e Zemana Ivan David.<\/p>\n","protected":false},"author":1,"featured_media":0,"comment_status":"open","ping_status":"open","sticky":false,"template":"","format":"standard","meta":{"ngg_post_thumbnail":0,"footnotes":""},"categories":[11],"tags":[],"class_list":["post-8927","post","type-post","status-publish","format-standard","hentry","category-ozvena"],"_links":{"self":[{"href":"https:\/\/www.ladislavjakl.cz\/index.php?rest_route=\/wp\/v2\/posts\/8927","targetHints":{"allow":["GET"]}}],"collection":[{"href":"https:\/\/www.ladislavjakl.cz\/index.php?rest_route=\/wp\/v2\/posts"}],"about":[{"href":"https:\/\/www.ladislavjakl.cz\/index.php?rest_route=\/wp\/v2\/types\/post"}],"author":[{"embeddable":true,"href":"https:\/\/www.ladislavjakl.cz\/index.php?rest_route=\/wp\/v2\/users\/1"}],"replies":[{"embeddable":true,"href":"https:\/\/www.ladislavjakl.cz\/index.php?rest_route=%2Fwp%2Fv2%2Fcomments&post=8927"}],"version-history":[{"count":1,"href":"https:\/\/www.ladislavjakl.cz\/index.php?rest_route=\/wp\/v2\/posts\/8927\/revisions"}],"predecessor-version":[{"id":8928,"href":"https:\/\/www.ladislavjakl.cz\/index.php?rest_route=\/wp\/v2\/posts\/8927\/revisions\/8928"}],"wp:attachment":[{"href":"https:\/\/www.ladislavjakl.cz\/index.php?rest_route=%2Fwp%2Fv2%2Fmedia&parent=8927"}],"wp:term":[{"taxonomy":"category","embeddable":true,"href":"https:\/\/www.ladislavjakl.cz\/index.php?rest_route=%2Fwp%2Fv2%2Fcategories&post=8927"},{"taxonomy":"post_tag","embeddable":true,"href":"https:\/\/www.ladislavjakl.cz\/index.php?rest_route=%2Fwp%2Fv2%2Ftags&post=8927"}],"curies":[{"name":"wp","href":"https:\/\/api.w.org\/{rel}","templated":true}]}}