{"id":893,"date":"2011-04-12T08:17:38","date_gmt":"2011-04-12T07:17:38","guid":{"rendered":"http:\/\/www.ladislavjakl.cz\/?p=893"},"modified":"2011-04-12T08:18:00","modified_gmt":"2011-04-12T07:18:00","slug":"batora-bude-pres-kritiku-radit-dobesovi-na-ministerstvu","status":"publish","type":"post","link":"https:\/\/www.ladislavjakl.cz\/?p=893","title":{"rendered":"B\u00e1tora bude p\u0159es kritiku radit Dobe\u0161ovi na ministerstvu"},"content":{"rendered":"<p><span>Ke jmenov\u00e1n\u00ed Ladislava B\u00e1tory poradcem ministra \u0161kolstv\u00ed se v  Ozv\u011bn\u00e1ch dne vyj\u00e1d\u0159ili tajemn\u00edk prezidenta Ladislav Jakl a p\u0159edseda  Strany zelen\u00fdch Ond\u0159ej Li\u0161ka.<\/span><\/p>\n<p><span><!--more--><\/span><\/p>\n<p><object classid=\"clsid:d27cdb6e-ae6d-11cf-96b8-444553540000\" width=\"280\" height=\"40\" codebase=\"http:\/\/download.macromedia.com\/pub\/shockwave\/cabs\/flash\/swflash.cab#version=6,0,40,0\"><param name=\"src\" value=\"https:\/\/www.ladislavjakl.cz\/data\/radiozurnal4_280_40.swf\" \/><embed type=\"application\/x-shockwave-flash\" width=\"280\" height=\"40\" src=\"https:\/\/www.ladislavjakl.cz\/data\/radiozurnal4_280_40.swf\"><\/embed><\/object><\/p>\n<p><span><strong>P\u0159epis rozhovoru:<\/strong><\/span><\/p>\n<p><strong>RADIO\u017dURN\u00c1L <\/strong><\/p>\n<p><strong>3.\u00a0Ladislav B\u00e1tora jako ekonomick\u00fd poradce ministra \u0161kolstv\u00ed <\/strong><\/p>\n<p><strong>Sk\u00f3re:\u00a00.89 <\/strong><\/p>\n<p><strong>N\u00e1zev:\u00a0Ladislav B\u00e1tora jako ekonomick\u00fd poradce ministra \u0161kolstv\u00ed <\/strong><\/p>\n<p><strong>Zdroj:\u00a0Radio\u017eurn\u00e1l <\/strong><\/p>\n<p><strong>Datum:\u00a004.04.2011 <\/strong><\/p>\n<p><strong>Relace:\u00a0Radiof\u00f3rum<\/strong><\/p>\n<p>Moder\u00e1tor (Jan Bumba):<br \/>\nTak\u017ee Ladislav B\u00e1tora se nakonec m\u00edsta na Ministerstvu \u0161kolstv\u00ed do\u010dkal. Bude ekonomick\u00fdm poradcem ministra Josefa Dobe\u0161e. Pan B\u00e1tora p\u0159itom vyvol\u00e1v\u00e1 u \u010d\u00e1sti ve\u0159ejnosti jist\u00e9 rozpaky. Zejm\u00e9na kv\u016fli kandidatu\u0159e do parlamentu za krajn\u011b pravicovou N\u00e1rodn\u00ed stranu v roce 2006. Ministr Dobe\u0161 ale dnes \u0159ekl, \u017ee pan B\u00e1tora nem\u00e1 extr\u00e9mistick\u00e9 n\u00e1zory a pom\u016f\u017ee mu sn\u00ed\u017eit byrokratickou a ekonomickou z\u00e1t\u011b\u017e \u00fa\u0159adu. Ladislava B\u00e1tory se u\u017e p\u0159ed \u010dasem zastal tak\u00e9 prezident <strong>V\u00e1clav<\/strong> <strong>Klaus<\/strong>. Podle m\u00e9di\u00ed si ministr Dobe\u0161 pana B\u00e1toru vybral na p\u0159\u00edm\u00e9 doporu\u010den\u00ed prezidentova poradce <strong>Petra<\/strong> <strong>H\u00e1jka<\/strong>. Na\u0161\u00edm hostem je nyn\u00ed tajemn\u00edk prezidenta republiky, <strong>Ladislav<\/strong> <strong>Jakl<\/strong>. Dobr\u00fd den.<\/p>\n<p>Host (<strong>Ladislav<\/strong> <strong>Jakl<\/strong>, tajemn\u00edk prezidenta republiky):<br \/>\nDobr\u00fd ve\u010der.<\/p>\n<p>Moder\u00e1tor (Jan Bumba):<br \/>\nD\u00e1 se tedy \u0159\u00edci, \u017ee Ladislav  B\u00e1tora jde na Ministerstvo \u0161kolstv\u00ed jaksi na podn\u011bt z Hradu?<\/p>\n<p>Host (<strong>Ladislav<\/strong> <strong>Jakl<\/strong>, tajemn\u00edk prezidenta republiky):<br \/>\nJ\u00e1 nev\u00edm. J\u00e1 jsem \u017e\u00e1dn\u00fd takov\u00fd podn\u011bt nedal. A nem\u00e1m k tomu co \u0159\u00edct.<\/p>\n<p>Moder\u00e1tor (Jan Bumba):<br \/>\nAni s panem H\u00e1jkem jste o tom nemluvil?<\/p>\n<p>Host (<strong>Ladislav<\/strong> <strong>Jakl<\/strong>, tajemn\u00edk prezidenta republiky):<br \/>\nNemluvil. J\u00e1 mluv\u00edm o v\u011bcech, o kter\u00fdch dob\u0159e v\u00edm. A o tomto nev\u00edm nic. J\u00e1 jsem u \u017e\u00e1dn\u00e9ho takov\u00e9ho vyjedn\u00e1v\u00e1n\u00ed nebyl. Pova\u017euji ale za dost mo\u017en\u00e9, \u017ee pan ministr Dobe\u0161 pot\u0159eboval pos\u00edlit sv\u016fj t\u00fdm. A tak mo\u017en\u00e1 oslovil r\u016fzn\u00e1 m\u00edsta, r\u016fzn\u00e9 lidi, jestli o n\u011bkom nev\u011bd\u00ed. Pova\u017euji to za klidn\u011b mo\u017en\u00e9. Ale u \u017e\u00e1dn\u00e9ho takov\u00e9ho jedn\u00e1n\u00ed jsem nebyl.<\/p>\n<p>Moder\u00e1tor (Jan Bumba):<br \/>\nPokud se nepletu, tak podle va\u0161eho n\u00e1zoru, pane Jakle, ve\u0161ker\u00e9 debaty o t\u011bch \u00fadajn\u011b xenofobn\u00edch postoj\u00edch pana B\u00e1tory jsou lich\u00e9. Je to tak?<\/p>\n<p>Host (<strong>Ladislav<\/strong> <strong>Jakl<\/strong>, tajemn\u00edk prezidenta republiky):<br \/>\nOny nejsou ani \u00fadajn\u011b xenofobn\u00ed. Neexistuje a j\u00e1 jsem se tou v\u011bc\u00ed tro\u0161ku zab\u00fdval, d\u00edval jsem se po internetech a tak v\u0161ude mo\u017en\u011b. J\u00e1 jsem nenalezl ani jednu, jedinou v\u011btu, jedin\u00e9 slovo, o kter\u00e9 by se ti, kte\u0159\u00ed cht\u011bj\u00ed o\u010dernit pana B\u00e1toru a p\u0159ed ve\u0159ejnost\u00ed ho vyd\u00e1vat za n\u011bjak\u00e9ho zl\u00e9ho, nen\u00e1vistn\u00e9ho \u010dlov\u011bka, o jak\u00e9 se op\u00edraj\u00ed. Takov\u00fd v\u00fdrok podle m\u011b v\u016fbec neexistuje. Proto\u017ee kdyby n\u011bjak\u00fd existoval, tak u\u017e ho d\u00e1vno maj\u00ed v\u0161ichni novin\u00e1\u0159i v \u00fastech.<\/p>\n<p>Moder\u00e1tor (Jan Bumba):<br \/>\nSamotn\u00e1 kandidatura do parlamentu za N\u00e1rodn\u00ed stranu, nen\u00ed to jist\u00fd probl\u00e9m, kter\u00fd by mohl diskvalifikovat lidi od funkc\u00ed ve st\u00e1tn\u00ed spr\u00e1v\u011b?<\/p>\n<p>Host (<strong>Ladislav<\/strong> <strong>Jakl<\/strong>, tajemn\u00edk prezidenta republiky):<br \/>\nN\u00e1rodn\u00ed strana, pokud v\u00edm, byla leg\u00e1ln\u00ed strana. ne ka\u017ed\u00fd tuto stranu m\u016f\u017ee volit a souhlasit s n\u00ed. Ne ka\u017ed\u00fd t\u0159eba souhlas\u00ed se soci\u00e1ln\u00ed demokraci\u00ed nebo s komunistickou stranou. Ale ta strana byla leg\u00e1ln\u00ed, nikdy proti nebylo vedeno \u017e\u00e1dn\u00e9 \u0159\u00edzen\u00ed kv\u016fli poru\u0161en\u00ed nebo podez\u0159en\u00ed z poru\u0161en\u00ed z\u00e1kona nebo n\u011bco podobn\u00e9ho. Ano, ta strana m\u016f\u017ee n\u011bkomu politicky vyhovovat, politicky nevyhovovat. Ale byla to leg\u00e1ln\u00ed strana. Je zvl\u00e1\u0161tn\u00ed, \u017ee, \u017ee diskvalifikace pro \u00favahy na r\u016fzn\u00e1 m\u00edsta nen\u00ed t\u0159eba kandidatura za komunisty.<\/p>\n<p>Moder\u00e1tor (Jan Bumba):<br \/>\nJ\u00e1 v\u00e1m d\u011bkuji za rozhovor, d\u011bkuji za va\u0161e vyj\u00e1d\u0159en\u00ed. Na shledanou.<\/p>\n<p>Host (<strong>Ladislav<\/strong> <strong>Jakl<\/strong>, tajemn\u00edk prezidenta republiky):<br \/>\nD\u011bkuji v\u00e1m tak\u00e9, na shledanou.<\/p>\n<p>Moder\u00e1tor (Jan Bumba):<br \/>\nMinistra Dobe\u0161e jsme samoz\u0159ejm\u011b zvali do dne\u0161n\u00edch Ozv\u011bn, omluvil se, nem\u00e1 \u010das. Proti n\u00e1stupu Ladislava B\u00e1tory na Ministerstvo \u0161kolstv\u00ed se zdvihla vlna odporu i v akademick\u00e9 obci. Odm\u00edtla jej t\u0159eba V\u011bdeck\u00e1 rada Filosofick\u00e9 fakulty Univerzity Karlovy. Rozpaky ale panuj\u00ed i v n\u011bkter\u00fdch politick\u00fdch kruz\u00edch. Na lince je te\u010f b\u00fdval\u00fd ministr \u0161kolstv\u00ed, p\u0159edseda Strany zelen\u00fdch, Ond\u0159ej Li\u0161ka. Dobr\u00fd den, v\u00edt\u00e1m v\u00e1s ve vys\u00edl\u00e1n\u00ed.<\/p>\n<p>Host (Ond\u0159ej Li\u0161ka \/SZ\/, p\u0159edseda strany a b\u00fdval\u00fd ministr \u0161kolstv\u00ed):<br \/>\nDobr\u00fd ve\u010der.<\/p>\n<p>Moder\u00e1tor (Jan Bumba):<br \/>\nVy byste si pana B\u00e1toru za sv\u00e9ho poradce evidentn\u011b nevybral?<\/p>\n<p>Host (Ond\u0159ej Li\u0161ka \/SZ\/, p\u0159edseda strany a b\u00fdval\u00fd ministr \u0161kolstv\u00ed):<br \/>\nTo jste \u0159ekl moc p\u011bkn\u011b. J\u00e1 bych ho ani nehledal v takov\u00fdchto kruz\u00edch. Proto\u017ee si mysl\u00edm, \u017ee lid\u00e9 s takov\u00fdmto rejst\u0159\u00edkem prost\u011b nepat\u0159\u00ed do nejvy\u0161\u0161\u00edch pater politiky. A u\u017e v\u016fbec ne mezi nejvy\u0161\u0161\u00ed st\u00e1tn\u00ed \u00fa\u0159edn\u00edky, poradce ministra. J\u00e1 mysl\u00edm, \u017ee jejich n\u00e1zory, jejich postoje a to, v jak\u00fdch vod\u00e1ch se pohybuj\u00ed, je diskvalifikuje pro to, aby mohli na Ministerstvu \u0161kolstv\u00ed p\u016fsobit.<\/p>\n<p>Moder\u00e1tor (Jan Bumba):<br \/>\nAle pro\u010d, pane Li\u0161ko? Proto\u017ee te\u010f jsme sly\u0161eli pana Jakla, kter\u00fd \u0159\u00edkal, \u017ee si c\u00edlen\u011b vyhled\u00e1val informace, nenalezl \u017e\u00e1dn\u00fd d\u016fkaz o tom, \u017ee by pan B\u00e1tora zast\u00e1val n\u011bjak\u00e9 xenofobn\u00ed postoje? J\u00e1 si mysl\u00edm, \u017ee z\u0159ejm\u011b nechod\u00ed na ty spr\u00e1vn\u00e9 servery. Sta\u010d\u00ed, kdy\u017e se pod\u00edv\u00e1te nap\u0159\u00edklad na romea.cz a nebo na samotn\u00e9 str\u00e1nky iniciativy d.o.s.t., DOST, kter\u00e9, jejich\u017e reprezentantem pan B\u00e1tora je. Kde je nap\u0159\u00edklad video z jejich shrom\u00e1\u017ed\u011bn\u00ed z minul\u00e9ho t\u00fddn\u011b, jeho\u017e se z\u00fa\u010dastnil jak pan B\u00e1tora, tak nap\u0159\u00edklad pan\u00ed Bobo\u0161\u00edkov\u00e1, pan Jakl a dal\u0161\u00ed. Kde d\u0161tili velmi nen\u00e1vistn\u00fdm zp\u016fsobem sv\u00e9 n\u00e1zory. J\u00e1 mysl\u00edm, \u017ee si ka\u017ed\u00fd m\u016f\u017ee ud\u011blat n\u00e1zor o tom, jestli tohle je politick\u00e1 kultura, kter\u00e1 pat\u0159\u00ed do na\u0161\u00ed politiky nebo ne. Konec konc\u016f toho shrom\u00e1\u017ed\u011bn\u00ed se z\u00fa\u010dastnili a mluvili na n\u011bm. I takov\u00ed lid\u00e9 jako nap\u0159\u00edklad zakladatel N\u00e1rodn\u00ed strany a dal\u0161\u00edch. Tak\u017ee mysl\u00edm si, \u017ee to samo sv\u011bd\u010d\u00ed o sob\u011b. Pod\u00edvejte se, na to nen\u00ed skute\u010dn\u011b \u017e\u00e1dn\u00fd z\u00e1kon. On ze z\u00e1kona se ni\u010deho \u0161patn\u00e9ho nedopustil. To, \u017ee ta strana byla pozd\u011bji zru\u0161ena jako extr\u00e9mistick\u00e1, to je faktum. Byla zru\u0161ena &#8230;<\/p>\n<p>Moder\u00e1tor (Jan Bumba):<br \/>\nPo\u010dkejte, N\u00e1rodn\u00ed strana nebyla zru\u0161ena jako extr\u00e9mistick\u00e1?<\/p>\n<p>Host (Ond\u0159ej Li\u0161ka \/SZ\/, p\u0159edseda strany a b\u00fdval\u00fd ministr \u0161kolstv\u00ed):<br \/>\nPardon, j\u00e1 se omlouv\u00e1m.Ne, ne, omlouv\u00e1m se, m\u00e1te pravdu. To, \u017ee ta N\u00e1rodn\u00ed strana, ona nebyla zru\u0161ena. Ale to, jak\u00e9 n\u00e1zory hl\u00e1sala v dob\u011b, kdy byl pan B\u00e1tora jej\u00edm kandid\u00e1tem, tak tam jednozna\u010dn\u011b najdeme n\u00e1zory, kter\u00e9 jsou, kter\u00e9 je mo\u017en\u00e9 ozna\u010dit za xenofobn\u00ed. A to je dohledateln\u00e9.<\/p>\n<p>Moder\u00e1tor (Jan Bumba):<br \/>\nNa druh\u00e9 stran\u011b, na druh\u00e9 stran\u011b je mo\u017en\u00e9 odpov\u011bd\u011bt t\u00edm, co u\u017e \u0159\u00edkal t\u0159eba tak\u00e9 pan Jakl, \u017ee prost\u011b to byla tehdy leg\u00e1ln\u00ed strana. Ale pros\u00edm je\u0161t\u011b k dal\u0161\u00ed v\u011bci. Va\u0161e v\u00fdhrady plat\u00ed, i kdy\u017e pan B\u00e1tora nem\u00e1 zast\u00e1vat \u017e\u00e1dnou, \u0159ekn\u011bme, ideologicky citlivou pozici. M\u00e1 b\u00fdt ekonomick\u00fdm poradcem ministra?<\/p>\n<p>Host (Ond\u0159ej Li\u0161ka \/SZ\/, p\u0159edseda strany a b\u00fdval\u00fd ministr \u0161kolstv\u00ed):<br \/>\nJ\u00e1 si mysl\u00edm, \u017ee to plat\u00ed i pro tento p\u0159\u00edpad. Proto\u017ee Ministerstvo \u0161kolstv\u00ed jako takov\u00e9 je jako celek zodpov\u011bdn\u00e9 za stav a kvalitu vzd\u011bl\u00e1v\u00e1n\u00ed v \u010cesk\u00e9 republice. A ta pozice, by\u0165 sice m\u00e1 b\u00fdt ekonomick\u00fdm poradcem, tak \u00fazce souvis\u00ed s celkovou n\u00e1pln\u00ed a kompetenc\u00ed toho rezortu. To znamen\u00e1, j\u00e1 si mysl\u00edm, \u017ee tam prost\u011b nem\u00e1 b\u00fdt, \u017ee to je \u0161patn\u00fd sign\u00e1l. J\u00e1 si mysl\u00edm, \u017ee to je \u0161patn\u00e1 zpr\u00e1va pro v\u0161echny u\u010ditele a rodi\u010de, kte\u0159\u00ed ka\u017ed\u00fd den vedou d\u011bti ve \u0161kol\u00e1ch \u010di v rodin\u00e1ch k toleranci, k respektu, k odli\u0161nosti. Sna\u017e\u00ed se jim vysv\u011btlit, \u017ee sv\u011bt nen\u00ed ploch\u00fd, \u017ee nen\u00ed \u010dernob\u00edl\u00fd. A proto tam lid\u00e9, kte\u0159\u00ed takov\u00e9hle ideologii propadli, tak tam prost\u011b nemaj\u00ed co d\u011blat. J\u00e1 si mysl\u00edm, \u017ee to je, \u017ee to nen\u00ed nic neleg\u00e1ln\u00edho, ale \u017ee to sp\u00ed\u0161 je ot\u00e1zka politick\u00e9 kultury, kterou nelze na\u0159\u00eddit. A proto ho kritizujeme, proto tenhle krok si mysl\u00edme, \u017ee je z\u00e1kladn\u011b \u0161patn\u00fd.<\/p>\n<p>Moder\u00e1tor (Jan Bumba):<br \/>\n\u0158\u00edk\u00e1 b\u00fdval\u00fd ministr \u0161kolstv\u00ed, p\u0159edseda Strany zelen\u00fdch, Ond\u0159ej Li\u0161ka. D\u011bkujeme i v\u00e1m za rozhovor. Na shledanou.<\/p>\n<p>Host (Ond\u0159ej Li\u0161ka \/SZ\/, p\u0159edseda strany a b\u00fdval\u00fd ministr \u0161kolstv\u00ed):<br \/>\nD\u00edky, na shledanou.<\/p>\n<p>Zpracovatel: Anopress IT a.s.<\/p>\n<p><span><a href=\"http:\/\/www.rozhlas.cz\/zpravy\/politika\/_zprava\/batora-bude-dobesovi-radit-s-hospodarenim-ministerstva--874171\" target=\"_blank\">Zdroj<\/a><br \/>\n<\/span><\/p>\n","protected":false},"excerpt":{"rendered":"<p>Ke jmenov\u00e1n\u00ed Ladislava B\u00e1tory poradcem ministra \u0161kolstv\u00ed se v Ozv\u011bn\u00e1ch dne vyj\u00e1d\u0159ili tajemn\u00edk prezidenta Ladislav Jakl a p\u0159edseda Strany zelen\u00fdch Ond\u0159ej Li\u0161ka.<\/p>\n","protected":false},"author":1,"featured_media":0,"comment_status":"open","ping_status":"open","sticky":false,"template":"","format":"standard","meta":{"ngg_post_thumbnail":0,"footnotes":""},"categories":[13],"tags":[],"class_list":["post-893","post","type-post","status-publish","format-standard","hentry","category-rozhovory"],"_links":{"self":[{"href":"https:\/\/www.ladislavjakl.cz\/index.php?rest_route=\/wp\/v2\/posts\/893","targetHints":{"allow":["GET"]}}],"collection":[{"href":"https:\/\/www.ladislavjakl.cz\/index.php?rest_route=\/wp\/v2\/posts"}],"about":[{"href":"https:\/\/www.ladislavjakl.cz\/index.php?rest_route=\/wp\/v2\/types\/post"}],"author":[{"embeddable":true,"href":"https:\/\/www.ladislavjakl.cz\/index.php?rest_route=\/wp\/v2\/users\/1"}],"replies":[{"embeddable":true,"href":"https:\/\/www.ladislavjakl.cz\/index.php?rest_route=%2Fwp%2Fv2%2Fcomments&post=893"}],"version-history":[{"count":2,"href":"https:\/\/www.ladislavjakl.cz\/index.php?rest_route=\/wp\/v2\/posts\/893\/revisions"}],"predecessor-version":[{"id":902,"href":"https:\/\/www.ladislavjakl.cz\/index.php?rest_route=\/wp\/v2\/posts\/893\/revisions\/902"}],"wp:attachment":[{"href":"https:\/\/www.ladislavjakl.cz\/index.php?rest_route=%2Fwp%2Fv2%2Fmedia&parent=893"}],"wp:term":[{"taxonomy":"category","embeddable":true,"href":"https:\/\/www.ladislavjakl.cz\/index.php?rest_route=%2Fwp%2Fv2%2Fcategories&post=893"},{"taxonomy":"post_tag","embeddable":true,"href":"https:\/\/www.ladislavjakl.cz\/index.php?rest_route=%2Fwp%2Fv2%2Ftags&post=893"}],"curies":[{"name":"wp","href":"https:\/\/api.w.org\/{rel}","templated":true}]}}