{"id":8931,"date":"2018-08-10T14:40:20","date_gmt":"2018-08-10T12:40:20","guid":{"rendered":"http:\/\/www.ladislavjakl.cz\/?p=8931"},"modified":"2018-08-10T14:40:20","modified_gmt":"2018-08-10T12:40:20","slug":"spd-se-chce-v-praze-podilet-na-vladnuti","status":"publish","type":"post","link":"https:\/\/www.ladislavjakl.cz\/?p=8931","title":{"rendered":"SPD se chce v Praze pod\u00edlet na vl\u00e1dnut\u00ed"},"content":{"rendered":"<p>Kandid\u00e1ty do zastupitelstva hlavn\u00edho m\u011bsta p\u0159edstavilo hnut\u00ed Svoboda a p\u0159\u00edm\u00e1 demokracie. L\u00eddrem hnut\u00ed a kandid\u00e1tem na prim\u00e1tora je odborn\u00edk v energetice Hynek Beran. Jak\u00e9 m\u00e1 SPD programov\u00e9 priority zji\u0161\u0165oval Luk\u00e1\u0161 Kub\u00e1t.<\/p>\n<p><!--more--><\/p>\n<p>R\u016fst m\u011bsta, starost o mlad\u00e9 rodiny, seniory a posti\u017een\u00e9, d\u00e1le pak bezpe\u010dnost a bytov\u00e1 v\u00fdstavba. To je n\u011bkolik programov\u00fdch priorit hnut\u00ed SPD pro volby na pra\u017esk\u00fd Magistr\u00e1t. Kandid\u00e1tek hnut\u00ed na prim\u00e1tora je energetik Hynek Beran.&nbsp;<\/p>\n<p>&#8222;Hodn\u011b diskutovan\u00fdm t\u00e9matem je doprava. Tam je pot\u0159eba \u0159\u00edci, \u017ee ta doprava je vlastn\u011b z minul\u00e9ho stolet\u00ed a re\u017eimu. \u010c\u00e1st toho byla sice dostav\u011bna, ale pod\u00edvejte se, \u017ee m\u00e1me t\u0159eba jen 3 linky metra. Tak\u00e9 m\u00e1me dostav\u011bnou jen p\u016flku okruhu a auta n\u00e1m jezd\u00ed po\u0159\u00e1d pod N\u00e1rodn\u00edm muzeem, to nen\u00ed v po\u0159\u00e1dku. A jak byla postavena s\u00eddli\u0161t\u011b, ta byla postavena v dob\u011b, kdy auto bylo luxus. Dnes je auto b\u011b\u017enou pot\u0159ebou ka\u017ed\u00e9 rodiny a lid\u00e9 je nemaj\u00ed kam d\u00e1vat,&#8220; \u0159ekl Hynek Beran, jedni\u010dka kandid\u00e1tky.<\/p>\n<p>Dvojkou pra\u017esk\u00e9 kandid\u00e1tky je poslanec Ji\u0159\u00ed Kobza. Ten m\u00e1 tak\u00e9 o programu jasno.&nbsp;<\/p>\n<p>&#8222;Pomoc nedobrovoln\u00fdm bezdomovc\u016fm, pomoc \u0159e\u0161en\u00ed dopravy, parkov\u00e1n\u00ed, tzn. jedna parkovac\u00ed z\u00f3na v Praze a samoz\u0159ejm\u011b bezpe\u010dnost. V\u0161echny kr\u00e1sn\u00e9 \u0159e\u010di o tom, \u017ee se vlastn\u011b nic ned\u011bje, kon\u010d\u00ed, kdy\u017e si \u010dlov\u011bk v 11 hodin ve\u010der projde V\u00e1clavsk\u00e9 n\u00e1m\u011bst\u00ed. To ho vr\u00e1t\u00ed zase do reality,&#8220; \u0159ekl Ji\u0159\u00ed Kobza, dvojka kandid\u00e1tky.&nbsp;<\/p>\n<p>Hnut\u00ed Svoboda a p\u0159\u00edm\u00e1 demokracie jde do pra\u017esk\u00fdch voleb s nemal\u00fdmi ambicemi a r\u00e1do by se v hlavn\u00edm m\u011bst\u011b pod\u00edlelo na vl\u00e1dnut\u00ed.&nbsp;<\/p>\n<p>&#8222;J\u00e1 bych r\u00e1d, abychom v\u00edcem\u00e9n\u011b zkop\u00edrovali ten volebn\u00ed v\u00fdsledek, kter\u00fd jsme m\u011bli na republice. V tom p\u0159\u00edpad\u011b se jak\u00fdmkoliv zp\u016fsobem, jakoukoliv formou aktivn\u011b z\u00fa\u010dastnit toho koali\u010dn\u00edho d\u011bn\u00ed. Rozhodn\u011b si to tam nechci odsed\u011bt ve druh\u00e9 \u0159ad\u011b. Mysl\u00edm, \u017ee jsme p\u0159ipraveni si rozum\u011bt s ka\u017ed\u00fdm, kdo to mysl\u00ed up\u0159\u00edmn\u011b, kdo chce rozvoj Prahy a komu nejde jen o n\u011bjak\u00fd zisk z ve\u0159ejn\u00fdch zak\u00e1zek,&#8220; \u0159ekl Hynek Beran.<\/p>\n<p>Krom\u011b kandid\u00e1t\u016f do k\u0159esel na Magistr\u00e1tu p\u0159edstavila SPD i l\u00eddry v jednotliv\u00fdch M\u010c a tak\u00e9 sen\u00e1tn\u00ed kandid\u00e1ty. Nejv\u00fdrazn\u011bj\u0161\u00ed osobnost pak je bezesporu Ladislav Jakl &#8211; b\u00fdval\u00fd poradce prezidenta Klause, kter\u00fd bude do Sen\u00e1tu kandidovat v Praze 2.<\/p>\n<p><a href=\"https:\/\/prahatv.eu\/zpravy\/praha\/praha\/7953\/spd-se-chce-v-praze-podilet-na-vladnuti\">Zdroj<\/a><\/p>\n","protected":false},"excerpt":{"rendered":"<p>Kandid\u00e1ty do zastupitelstva hlavn\u00edho m\u011bsta p\u0159edstavilo hnut\u00ed Svoboda a p\u0159\u00edm\u00e1 demokracie. L\u00eddrem hnut\u00ed a kandid\u00e1tem na prim\u00e1tora je odborn\u00edk v energetice Hynek Beran. Jak\u00e9 m\u00e1 SPD programov\u00e9 priority zji\u0161\u0165oval Luk\u00e1\u0161 Kub\u00e1t.<\/p>\n","protected":false},"author":1,"featured_media":0,"comment_status":"open","ping_status":"open","sticky":false,"template":"","format":"standard","meta":{"ngg_post_thumbnail":0,"footnotes":""},"categories":[11],"tags":[],"class_list":["post-8931","post","type-post","status-publish","format-standard","hentry","category-ozvena"],"_links":{"self":[{"href":"https:\/\/www.ladislavjakl.cz\/index.php?rest_route=\/wp\/v2\/posts\/8931","targetHints":{"allow":["GET"]}}],"collection":[{"href":"https:\/\/www.ladislavjakl.cz\/index.php?rest_route=\/wp\/v2\/posts"}],"about":[{"href":"https:\/\/www.ladislavjakl.cz\/index.php?rest_route=\/wp\/v2\/types\/post"}],"author":[{"embeddable":true,"href":"https:\/\/www.ladislavjakl.cz\/index.php?rest_route=\/wp\/v2\/users\/1"}],"replies":[{"embeddable":true,"href":"https:\/\/www.ladislavjakl.cz\/index.php?rest_route=%2Fwp%2Fv2%2Fcomments&post=8931"}],"version-history":[{"count":1,"href":"https:\/\/www.ladislavjakl.cz\/index.php?rest_route=\/wp\/v2\/posts\/8931\/revisions"}],"predecessor-version":[{"id":8932,"href":"https:\/\/www.ladislavjakl.cz\/index.php?rest_route=\/wp\/v2\/posts\/8931\/revisions\/8932"}],"wp:attachment":[{"href":"https:\/\/www.ladislavjakl.cz\/index.php?rest_route=%2Fwp%2Fv2%2Fmedia&parent=8931"}],"wp:term":[{"taxonomy":"category","embeddable":true,"href":"https:\/\/www.ladislavjakl.cz\/index.php?rest_route=%2Fwp%2Fv2%2Fcategories&post=8931"},{"taxonomy":"post_tag","embeddable":true,"href":"https:\/\/www.ladislavjakl.cz\/index.php?rest_route=%2Fwp%2Fv2%2Ftags&post=8931"}],"curies":[{"name":"wp","href":"https:\/\/api.w.org\/{rel}","templated":true}]}}