{"id":8935,"date":"2018-08-10T14:45:45","date_gmt":"2018-08-10T12:45:45","guid":{"rendered":"http:\/\/www.ladislavjakl.cz\/?p=8935"},"modified":"2018-08-10T14:45:45","modified_gmt":"2018-08-10T12:45:45","slug":"nekteri-kandidati-do-senatu-za-spd-by-hlasovali-pro-jeho-zruseni","status":"publish","type":"post","link":"https:\/\/www.ladislavjakl.cz\/?p=8935","title":{"rendered":"N\u011bkte\u0159\u00ed kandid\u00e1ti do Sen\u00e1tu za SPD by hlasovali pro jeho zru\u0161en\u00ed"},"content":{"rendered":"<p>L\u00eddr hnut\u00ed SPD Tomio Okamura se p\u0159ed \u010dasem nechal sly\u0161et, \u017ee by zru\u0161il Sen\u00e1t. Mnoh\u00e9 tedy p\u0159ekvapilo, \u017ee do sen\u00e1tn\u00edch voleb postavil vlastn\u00ed kandid\u00e1ty. N\u011bkte\u0159\u00ed ho v\u0161ak v jeho my\u0161lence podporuj\u00ed a v p\u0159\u00edpad\u011b, \u017ee by Sen\u00e1t projedn\u00e1val sv\u00e9 zru\u0161en\u00ed, hlasovali by pro.<\/p>\n<p><!--more--><\/p>\n<p>MAFRA<\/p>\n<p>Volby do Sen\u00e1tu se stejn\u011b jako komun\u00e1ln\u00ed volby budou konat prvn\u00ed \u0159\u00edjnov\u00fd v\u00edkend. Mnoh\u00e9 p\u0159ekvapilo, \u017ee se do boje o k\u0159esla v horn\u00ed komo\u0159e zapojilo i hnut\u00ed Svoboda a p\u0159\u00edm\u00e1 demokracie. L\u00eddr hnut\u00ed toti\u017e na podzim prohl\u00e1sil, \u017ee Sen\u00e1t je k ni\u010demu a \u017ee by ho r\u00e1d zru\u0161il.<\/p>\n<p>Podobn\u011b sm\u00fd\u0161l\u00ed i n\u011bkter\u00e9 osobnosti, kter\u00e9 za n\u011bj ve volb\u00e1ch cht\u011bj\u00ed kandidovat. \u201eO SPD se \u0159\u00edk\u00e1, \u017ee je proti Sen\u00e1tu a \u017ee ho nechce. Ale \u00dastava \u010cesk\u00e9 republiky je nastaven\u00e1 tak, \u017ee bez souhlasu Sen\u00e1tu ho nelze zru\u0161it,\u201c \u0159ekl kandid\u00e1t do Sen\u00e1tu v Praze 4 Ji\u0159\u00ed Kocman. Zm\u00ednil, \u017ee to asi nebude tak jednoduch\u00e9, proto\u017ee prvn\u00ed by bylo pot\u0159eba na n\u011bkoho p\u0159en\u00e9st povinnosti, kter\u00e9 m\u00e1 horn\u00ed komora nap\u0159\u00edklad v dob\u011b rozpu\u0161t\u011bn\u00ed Sn\u011bmovny.<\/p>\n<p>Kocman by v\u0161ak zm\u011bnu podpo\u0159il. \u201ePokud do Sen\u00e1tu dojde z\u00e1kon, kter\u00fd to bude obsahovat, v\u010detn\u011b zru\u0161en\u00ed Sen\u00e1tu, tak v\u011b\u0159te, \u017ee pro n\u011bj ochotn\u011b zvednu ruku. Mn\u011b o n\u011bjak\u00e9 \u201akor\u00fdtko\u2018 nejde. Jsem \u010dlov\u011bk z panel\u00e1ku, kter\u00fd \u017eije za pr\u016fm\u011brn\u00fd m\u011bs\u00ed\u010dn\u00ed p\u0159\u00edjem,\u201c dodal Kocman s t\u00edm, \u017ee v Sen\u00e1tu by jinak r\u00e1d h\u00e1jil z\u00e1jmy oby\u010dejn\u00fdch lid\u00ed.<\/p>\n<p>Kula: V\u011bt\u0161\u00ed bezpe\u010dnost a v\u00edce kamer<br \/>\nHlasovat pro rozpu\u0161t\u011bn\u00ed Sen\u00e1tu je p\u0159ipraven i kandid\u00e1t SPD na Praze 8 Lud\u011bk Kula. \u201eV\u00edm, \u017ee to m\u00e1 SPD ve sv\u00e9m prohl\u00e1\u0161en\u00ed. Pokud by se tedy hlasovalo o zru\u0161en\u00ed Sen\u00e1tu, tak o tom budou muset hlasovat samotn\u00ed sen\u00e1to\u0159i. A kdy\u017e tam nebudou sen\u00e1to\u0159i z SPD a p\u0159\u00edznivci, kte\u0159\u00ed cht\u011bj\u00ed hlasovat proti n\u011bmu, tak ho nikdy nezru\u0161\u00ed,\u201c zd\u016fraznil.<\/p>\n<p>S\u00e1m ale nekandiduje do horn\u00ed komory Parlamentu proto, aby ji zru\u0161il. Pokud by to bylo nutn\u00e9, tak by hlasoval pro, ale prim\u00e1rn\u011b chce pracovat. \u201eSen\u00e1t dnes pat\u0159\u00ed do cel\u00e9ho syst\u00e9mu, tak\u017ee dokud je, m\u011bl by fungovat. Proto\u017ee bez n\u011bj neschv\u00e1l\u00edte \u017e\u00e1dn\u00fd z\u00e1kon a nic neud\u011bl\u00e1te,\u201c podotkl Kula.<\/p>\n<p>Jako sen\u00e1tor by r\u00e1d prosadil v\u011bt\u0161\u00ed bezpe\u010dnost v \u010cesku, a to p\u0159edev\u0161\u00edm z d\u016fvodu rizik vypl\u00fdvaj\u00edc\u00edch z neleg\u00e1ln\u00ed migrace. Cht\u011bl by nap\u0159\u00edklad vr\u00e1tit policii lidem, tedy aby p\u0159\u00edslu\u0161n\u00edci byli v\u00edce v ulic\u00edch. Tak\u00e9 chce, aby \u0161koly, koncertn\u00ed haly a dal\u0161\u00ed m\u00edsta, kde se shroma\u017e\u010fuj\u00ed lid\u00e9, byly l\u00e9pe zabezpe\u010deny. R\u00e1d by tak\u00e9 zajistil v\u00edce kamer na ve\u0159ejn\u00e1 prostranstv\u00ed.<\/p>\n<p>Kula v sou\u010dasnosti v oblasti bezpe\u010dnosti podnik\u00e1. Je jednatelem spole\u010dnosti Indus, kter\u00e1 se nap\u0159\u00edklad star\u00e1 o ostrahu v Penny Marketu. V \u010dervnu tak\u00e9 uzav\u0159el smlouvu na zaji\u0161t\u011bn\u00ed bezpe\u010dnosti n\u011bkter\u00fdch budov v are\u00e1lu Pra\u017esk\u00e9ho hradu. Krom\u011b toho st\u0159e\u017e\u00ed N\u00e1rodn\u00ed galerii nebo ministerstvo zahrani\u010dn\u00edch v\u011bc\u00ed, jak vypl\u00fdv\u00e1 z registru smluv.<\/p>\n<p>David chce v Sen\u00e1tu brzdit \u201e\u0161kodliv\u00e9\u201c z\u00e1kony<br \/>\n\u201eTato zem\u011b m\u016f\u017ee fungovat bez Sen\u00e1tu, ale cht\u011blo by to komplexn\u00ed \u0159e\u0161en\u00ed, tak aby v\u0161echny funkce, kter\u00e9 Sen\u00e1t m\u00e1, byly nahrazeny jin\u00fdm zp\u016fsobem v p\u0159\u00edpad\u011b, \u017ee by se uva\u017eovalo o jeho zru\u0161en\u00ed,\u201c \u0159ekl iDNES.cz kandid\u00e1t do Sen\u00e1tu Ivan David.<\/p>\n<p>Nen\u00ed to ale podle n\u011bj na po\u0159adu dne. Sen\u00e1t nap\u0159\u00edklad prov\u00e1d\u00ed v\u00fdstupn\u00ed kontrolu pr\u00e1ce Sn\u011bmovny, tak\u017ee je vlastn\u011b pojistkou demokracie. S\u00e1m by tak\u00e9 v Sen\u00e1tu r\u00e1d brzdil v\u011bci, kter\u00e9 by mohly lidem \u0161kodit.<\/p>\n<p>David kandiduje za SPD v Praze 12. A\u017e do roku 2015 byl p\u0159itom \u010dlenem soci\u00e1ln\u00ed demokracie. Po odchodu z \u010cSSD sl\u00edbil, \u017ee zalo\u017e\u00ed radik\u00e1ln\u011b levicovou alternativu. Kv\u016fli migra\u010dn\u00ed krizi se v\u0161ak jeho p\u0159\u00edsp\u011bvky za\u010daly vyost\u0159ovat, a\u017e m\u011bly podobnou r\u00e9toriku, jakou pou\u017e\u00edvalo hnut\u00ed Tomia Okamury.<\/p>\n<p>Na SPD se mu l\u00edb\u00ed, \u017ee jsou nespokojen\u00ed. \u201eNespokojenost pom\u00e1h\u00e1 pokroku. Kdy\u017e hled\u00e1me probl\u00e9my a pro\u010d v\u011bci nefunguj\u00ed, tak p\u0159isp\u011bjeme k jejich \u0159e\u0161en\u00ed,\u201c shrnul David. Nav\u00edc je r\u00e1d, \u017ee v\u011bci \u0159\u00edkaj\u00ed p\u0159\u00edmo. Imponuje mu tak\u00e9 sv\u00e9bytnost n\u00e1rodn\u00ed komunity.<\/p>\n<p>Jakl program SPD ne\u010detl<br \/>\nSPD se tak\u00e9 rozhodla vsadit na zn\u00e1mou tv\u00e1\u0159, konkr\u00e9tn\u011b na b\u00fdval\u00e9ho poradce prezidenta V\u00e1clava Klause Ladislava Jakla, kter\u00fd kandiduje v Praze 2.<\/p>\n<p>\u201eVyhodnocuji na\u0161i sou\u010dasnou spole\u010denskou situaci jako v\u00e1\u017enou, existen\u010dn\u00ed, kriticky ohro\u017euj\u00edc\u00ed \u010deskou st\u00e1tn\u00ed suverenitu a n\u00e1rodn\u00ed existenci,\u201c vysv\u011btlil Jakl sv\u00e9 rozhodnut\u00ed kandidovat. M\u00e1 toti\u017e obavy, \u017ee v ohro\u017een\u00ed je st\u00e1tn\u00ed suverenita nebo \u017ee \u010cesko zni\u010d\u00ed \u201eob\u0159\u00ed soci\u00e1ln\u011b-in\u017een\u00fdrsk\u00fd nezodpov\u011bdn\u00fd experiment s rafinovan\u011b \u0159\u00edzenou masovou imigrac\u00ed, kter\u00e1 m\u00e1 rozb\u00edt \u010deskou spole\u010denskou kulturou\u201c.<\/p>\n<p>Jakl p\u0159itom je\u0161t\u011b minul\u00fd t\u00fdden nev\u011bd\u011bl, co zkratka SPD znamen\u00e1. V rozhovoru pro DVTV uvedl, \u017ee je to podle n\u011bj Strana p\u0159\u00edm\u00e9 demokracie. A\u017e dosud tak\u00e9 ne\u010detl program hnut\u00ed. \u201eMysl\u00edm, \u017ee ka\u017ed\u00fd dosp\u011bl\u00fd \u010dlov\u011bk pozn\u00e1 atmosf\u00e9ru, ducha, z\u00e1sady, principy, postupy a ideologii strany, kter\u00e1 kandiduje, a nemus\u00ed \u010d\u00edst p\u00edsmenka, kter\u00e1 m\u016f\u017ee napsat programov\u00fd mana\u017eer n\u011bkde v sekretari\u00e1tu,\u201c vysv\u011btlil Jakl sv\u00e9 postoje.<\/p>\n<p>A\u010dkoli Jakl nesouhlas\u00ed s prioritami SPD \u2013 s\u00e1m t\u0159eba nechce zav\u00e1d\u011bt p\u0159\u00edmou demokracii \u2013, situace je podle n\u011bj natolik vypjat\u00e1, \u017ee vy\u017eaduje, aby spolupracovali i lid\u00e9 r\u016fzn\u00fdch n\u00e1zor\u016f. Proto nakonec bude na jejich kandid\u00e1tce.<\/p>\n<p>N\u00e1zorov\u011b se p\u0159itom rozch\u00e1z\u00ed i co se t\u00fd\u010de zru\u0161en\u00ed Sen\u00e1tu. \u201ePro zru\u0161en\u00ed Sen\u00e1tu bych nehlasoval, proto\u017ee by se musela z\u00e1sadn\u011b p\u0159ekopat cel\u00e1 \u00dastava. Nelze z n\u00ed vyndat jednu cihli\u010dku. Ale rozum\u00edm odporu v\u016f\u010di Sen\u00e1tu. Sen\u00e1to\u0159i i Sen\u00e1t se n\u011bkdy z nedostatku v\u00e1\u017en\u011bj\u0161\u00ed pr\u00e1ce zab\u00fdvaj\u00ed okrajovostmi a margin\u00e1liemi. Ale pokud by m\u011bla existovat pojistka, aby se zastavila ma\u0161in\u00e9rie nov\u00fdch a nov\u00fdch z\u00e1kon\u016f, tak a\u0165 existuje,\u201c uvedl Jakl.<\/p>\n<p><a href=\"https:\/\/zpravy.idnes.cz\/volby-do-senatu-kandidati-spd-ladislav-jakl-tomio-okamura-ivan-david-1gg-\/domaci.aspx?c=A180807_150423_domaci_bja\">Zdroj<\/a><\/p>\n","protected":false},"excerpt":{"rendered":"<p>L\u00eddr hnut\u00ed SPD Tomio Okamura se p\u0159ed \u010dasem nechal sly\u0161et, \u017ee by zru\u0161il Sen\u00e1t. Mnoh\u00e9 tedy p\u0159ekvapilo, \u017ee do sen\u00e1tn\u00edch voleb postavil vlastn\u00ed kandid\u00e1ty. N\u011bkte\u0159\u00ed ho v\u0161ak v jeho my\u0161lence podporuj\u00ed a v p\u0159\u00edpad\u011b, \u017ee by Sen\u00e1t projedn\u00e1val sv\u00e9 zru\u0161en\u00ed, hlasovali by pro.<\/p>\n","protected":false},"author":1,"featured_media":0,"comment_status":"open","ping_status":"open","sticky":false,"template":"","format":"standard","meta":{"ngg_post_thumbnail":0,"footnotes":""},"categories":[11],"tags":[],"class_list":["post-8935","post","type-post","status-publish","format-standard","hentry","category-ozvena"],"_links":{"self":[{"href":"https:\/\/www.ladislavjakl.cz\/index.php?rest_route=\/wp\/v2\/posts\/8935","targetHints":{"allow":["GET"]}}],"collection":[{"href":"https:\/\/www.ladislavjakl.cz\/index.php?rest_route=\/wp\/v2\/posts"}],"about":[{"href":"https:\/\/www.ladislavjakl.cz\/index.php?rest_route=\/wp\/v2\/types\/post"}],"author":[{"embeddable":true,"href":"https:\/\/www.ladislavjakl.cz\/index.php?rest_route=\/wp\/v2\/users\/1"}],"replies":[{"embeddable":true,"href":"https:\/\/www.ladislavjakl.cz\/index.php?rest_route=%2Fwp%2Fv2%2Fcomments&post=8935"}],"version-history":[{"count":1,"href":"https:\/\/www.ladislavjakl.cz\/index.php?rest_route=\/wp\/v2\/posts\/8935\/revisions"}],"predecessor-version":[{"id":8936,"href":"https:\/\/www.ladislavjakl.cz\/index.php?rest_route=\/wp\/v2\/posts\/8935\/revisions\/8936"}],"wp:attachment":[{"href":"https:\/\/www.ladislavjakl.cz\/index.php?rest_route=%2Fwp%2Fv2%2Fmedia&parent=8935"}],"wp:term":[{"taxonomy":"category","embeddable":true,"href":"https:\/\/www.ladislavjakl.cz\/index.php?rest_route=%2Fwp%2Fv2%2Fcategories&post=8935"},{"taxonomy":"post_tag","embeddable":true,"href":"https:\/\/www.ladislavjakl.cz\/index.php?rest_route=%2Fwp%2Fv2%2Ftags&post=8935"}],"curies":[{"name":"wp","href":"https:\/\/api.w.org\/{rel}","templated":true}]}}