{"id":8937,"date":"2018-08-10T14:46:49","date_gmt":"2018-08-10T12:46:49","guid":{"rendered":"http:\/\/www.ladislavjakl.cz\/?p=8937"},"modified":"2018-08-10T14:46:49","modified_gmt":"2018-08-10T12:46:49","slug":"jakl-jde-do-senatnich-voleb-za-okamuru-chce-bojovat-proti-eu-a-planum-na-umele-rizenou-migraci-exprezident-klaus-jeho-rozhodnuti-chvali","status":"publish","type":"post","link":"https:\/\/www.ladislavjakl.cz\/?p=8937","title":{"rendered":"Jakl jde do sen\u00e1tn\u00edch voleb za Okamuru. Chce bojovat proti EU a &#8222;pl\u00e1n\u016fm na um\u011ble \u0159\u00edzenou migraci&#8220;. Exprezident Klaus jeho rozhodnut\u00ed chv\u00e1l\u00ed"},"content":{"rendered":"<p>Kdy\u017e se bl\u00edzk\u00fd spolupracovn\u00edk V\u00e1clava Klause Ladislav Jakl rozhodl p\u0159ijmout nab\u00eddku Tomia Okamury kandidovat do&nbsp;Sen\u00e1tu, hned poslal SMS zpr\u00e1vu pr\u00e1v\u011b exprezidentovi s&nbsp;dotazem, co tomu \u0159\u00edk\u00e1. &#8222;Odpov\u011bd\u011bl mi, \u017ee je to dob\u0159e a&nbsp;\u017ee snad zabojuji za&nbsp;spr\u00e1vnou v\u011bc,&#8220; prozradil v\u010dera Jakl pot\u00e9, co p\u0159edstavil sv\u00e9 politick\u00e9 pl\u00e1ny spole\u010dn\u011b s&nbsp;dvac\u00edtkou dal\u0161\u00edch pra\u017esk\u00fdch kandid\u00e1t\u016f SPD do&nbsp;Sen\u00e1tu a&nbsp;na&nbsp;jednotliv\u00e9 pra\u017esk\u00e9 obvody.<\/p>\n<p><!--more--><\/p>\n<p class=\"detail-odstavec\">Okamurova strana si jeho anga\u017em\u00e1 pro volebn\u00ed obvod v&nbsp;Praze 2 n\u00e1le\u017eit\u011b cen\u00ed, co\u017e bylo patrn\u00e9 i&nbsp;z&nbsp;toho, \u017ee pr\u00e1v\u011b Jakl zahajoval kole\u010dko, v&nbsp;n\u011bm\u017e se kandid\u00e1ti prezentovali. &#8222;Ani nev\u00edm, \u010d\u00edm jsem si toto \u010destn\u00e9 prvn\u00ed m\u00edsto zaslou\u017eil,&#8220; glosoval celou situaci nejzn\u00e1m\u011bj\u0161\u00ed z&nbsp;nich. &#8222;Cht\u011bl bych za&nbsp;tuto kandid\u00e1tku stran\u011b Svobody a&nbsp;p\u0159\u00edm\u00e9 demokracie pod\u011bkovat, cen\u00edm si j\u00ed. V\u00e1\u017e\u00edm si j\u00ed hlavn\u011b kv\u016fli tomu, \u017ee to pro m\u011b bylo sign\u00e1lem opravdu up\u0159\u00edmn\u00e9ho z\u00e1jmu strany o&nbsp;spolupr\u00e1ci s&nbsp;jin\u00fdmi stranami,&#8220; pokra\u010doval.<\/p>\n<div id=\"paywall-lock-screen\" class=\"paywall-type-hard\">\n<div class=\"paywall hard-paywall locked cf v3 v3-red\">\n<div class=\"pw-middle\">&nbsp;<a href=\"https:\/\/archiv.ihned.cz\/c1-66211710-jakl-jde-do-senatnich-voleb-za-okamuru-chce-bojovat-proti-eu-a-planum-na-umele-rizenou-migraci-exprezident-klaus-jeho-rozhodnuti-chvali\">Zdroj<\/a><\/div>\n<\/div>\n<\/div>\n","protected":false},"excerpt":{"rendered":"<p>Kdy\u017e se bl\u00edzk\u00fd spolupracovn\u00edk V\u00e1clava Klause Ladislav Jakl rozhodl p\u0159ijmout nab\u00eddku Tomia Okamury kandidovat do&nbsp;Sen\u00e1tu, hned poslal SMS zpr\u00e1vu pr\u00e1v\u011b exprezidentovi s&nbsp;dotazem, co tomu \u0159\u00edk\u00e1. &#8222;Odpov\u011bd\u011bl mi, \u017ee je to dob\u0159e a&nbsp;\u017ee snad zabojuji za&nbsp;spr\u00e1vnou v\u011bc,&#8220; prozradil v\u010dera Jakl pot\u00e9, co p\u0159edstavil sv\u00e9 politick\u00e9 pl\u00e1ny spole\u010dn\u011b s&nbsp;dvac\u00edtkou dal\u0161\u00edch pra\u017esk\u00fdch kandid\u00e1t\u016f SPD do&nbsp;Sen\u00e1tu a&nbsp;na&nbsp;jednotliv\u00e9 pra\u017esk\u00e9 obvody.<\/p>\n","protected":false},"author":1,"featured_media":0,"comment_status":"open","ping_status":"open","sticky":false,"template":"","format":"standard","meta":{"ngg_post_thumbnail":0,"footnotes":""},"categories":[11],"tags":[],"class_list":["post-8937","post","type-post","status-publish","format-standard","hentry","category-ozvena"],"_links":{"self":[{"href":"https:\/\/www.ladislavjakl.cz\/index.php?rest_route=\/wp\/v2\/posts\/8937","targetHints":{"allow":["GET"]}}],"collection":[{"href":"https:\/\/www.ladislavjakl.cz\/index.php?rest_route=\/wp\/v2\/posts"}],"about":[{"href":"https:\/\/www.ladislavjakl.cz\/index.php?rest_route=\/wp\/v2\/types\/post"}],"author":[{"embeddable":true,"href":"https:\/\/www.ladislavjakl.cz\/index.php?rest_route=\/wp\/v2\/users\/1"}],"replies":[{"embeddable":true,"href":"https:\/\/www.ladislavjakl.cz\/index.php?rest_route=%2Fwp%2Fv2%2Fcomments&post=8937"}],"version-history":[{"count":1,"href":"https:\/\/www.ladislavjakl.cz\/index.php?rest_route=\/wp\/v2\/posts\/8937\/revisions"}],"predecessor-version":[{"id":8938,"href":"https:\/\/www.ladislavjakl.cz\/index.php?rest_route=\/wp\/v2\/posts\/8937\/revisions\/8938"}],"wp:attachment":[{"href":"https:\/\/www.ladislavjakl.cz\/index.php?rest_route=%2Fwp%2Fv2%2Fmedia&parent=8937"}],"wp:term":[{"taxonomy":"category","embeddable":true,"href":"https:\/\/www.ladislavjakl.cz\/index.php?rest_route=%2Fwp%2Fv2%2Fcategories&post=8937"},{"taxonomy":"post_tag","embeddable":true,"href":"https:\/\/www.ladislavjakl.cz\/index.php?rest_route=%2Fwp%2Fv2%2Ftags&post=8937"}],"curies":[{"name":"wp","href":"https:\/\/api.w.org\/{rel}","templated":true}]}}