{"id":894,"date":"2011-04-11T16:02:17","date_gmt":"2011-04-11T15:02:17","guid":{"rendered":"http:\/\/www.ladislavjakl.cz\/?p=894"},"modified":"2011-04-11T16:02:17","modified_gmt":"2011-04-11T15:02:17","slug":"jsem-proti-prime-volbe-ale-mel-bych-v-ni-sanci-smeje-se-jakl","status":"publish","type":"post","link":"https:\/\/www.ladislavjakl.cz\/?p=894","title":{"rendered":"Jsem proti p\u0159\u00edm\u00e9 volb\u011b. Ale m\u011bl bych v n\u00ed \u0161anci, sm\u011bje se Jakl"},"content":{"rendered":"<p><strong>Tajemn\u00edk prezidenta republiky Ladislav Jakl se sice stav\u00ed proti p\u0159\u00edm\u00e9 volb\u011b, tvrd\u00ed ale, \u017ee on s\u00e1m by v n\u00ed m\u011bl \u0161anci na \u00fasp\u011bch. <\/strong><\/p>\n<p><strong><!--more--><\/strong><\/p>\n<p align=\"justify\">Podle tajemn\u00edka prezidenta V\u00e1clava Klause Ladislava Jakla si \u010ce\u0161i na p\u0159\u00edmou volbu hlavy st\u00e1tu je\u0161t\u011b po\u010dkaj\u00ed.<\/p>\n<p align=\"justify\">Jakl si netrouf\u00e1 ani odhadnout, zda k n\u00ed dojde v horizontu  nadch\u00e1zej\u00edc\u00edch deseti let. &#8222;To bych se neodv\u00e1\u017eil, mluv\u00ed se o n\u00ed docela  dlouho, to, \u017ee nen\u00ed, nen\u00ed o tom, \u017ee by politici byli proti, naopak, jsou  docela pro, v\u00ed, \u017ee by se t\u00edm zal\u00edbili..ale nejsou schopni se domluvit  na pravidlech, na tom syst\u00e9mu,&#8220; uvedl v sobotn\u00edm Pressklubu na Frekvenci  1.<\/p>\n<p align=\"justify\">S \u00fasm\u011bvem pak dodal, \u017ee on s\u00e1m se stav\u00ed proti p\u0159\u00edm\u00e9 volb\u011b. I p\u0159esto, \u017ee  by v n\u00ed mohl usp\u011bt. &#8222;V p\u0159\u00edm\u00e9 volb\u011b bych m\u011bl ur\u010dit\u011b v\u011bt\u0161\u00ed \u0161anci,&#8220; \u0159ekl s  nads\u00e1zkou v rozhlase Jakl.<\/p>\n<p align=\"justify\">Nast\u00ednil ale i dal\u0161\u00ed argumenty proti zaveden\u00ed p\u0159\u00edm\u00e9 volby. &#8222;Takov\u00e1 volba  favorizuje lidi, o kter\u00fdch se moc nemluv\u00ed, nebo kte\u0159\u00ed se p\u0159\u00edli\u0161  nevyjad\u0159uj\u00ed k\u00a0ve\u0159ejn\u00fdm v\u011bcem,&#8220; uvedl v rozhlase prezident\u016fv tajemn\u00edk s  t\u00edm, \u017ee v\u011bt\u0161ina \u010cech\u016f si mysl\u00ed, \u017ee d\u00edky p\u0159\u00edm\u00e9 volb\u011b by mohla ovlivnit  v\u00edc v\u011bc\u00ed.<\/p>\n<p align=\"justify\"><strong>D\u016fle\u017eit\u00e1 je pr\u00fd reklama<\/strong><\/p>\n<p align=\"justify\">&#8222;To v\u016fbec nen\u00ed pravda, nakonec rozhodne, kdo bude m\u00edt nejv\u00edc pen\u011bz na  reklamu a kdo s\u00a0k\u00fdm se dohodne t\u0159eba ve druh\u00e9m kole,&#8220; nast\u00ednil nev\u00fdhody  p\u0159\u00edm\u00e9 volby Jakl.<\/p>\n<p align=\"justify\">\n<p align=\"justify\"><a href=\"http:\/\/www.parlamentnilisty.cz\/zpravy\/193113.aspx\" target=\"_blank\">Zdroj<\/a><\/p>\n","protected":false},"excerpt":{"rendered":"<p>Tajemn\u00edk prezidenta republiky Ladislav Jakl se sice stav\u00ed proti p\u0159\u00edm\u00e9 volb\u011b, tvrd\u00ed ale, \u017ee on s\u00e1m by v n\u00ed m\u011bl \u0161anci na \u00fasp\u011bch.<\/p>\n","protected":false},"author":1,"featured_media":0,"comment_status":"open","ping_status":"open","sticky":false,"template":"","format":"standard","meta":{"ngg_post_thumbnail":0,"footnotes":""},"categories":[11],"tags":[],"class_list":["post-894","post","type-post","status-publish","format-standard","hentry","category-ozvena"],"_links":{"self":[{"href":"https:\/\/www.ladislavjakl.cz\/index.php?rest_route=\/wp\/v2\/posts\/894","targetHints":{"allow":["GET"]}}],"collection":[{"href":"https:\/\/www.ladislavjakl.cz\/index.php?rest_route=\/wp\/v2\/posts"}],"about":[{"href":"https:\/\/www.ladislavjakl.cz\/index.php?rest_route=\/wp\/v2\/types\/post"}],"author":[{"embeddable":true,"href":"https:\/\/www.ladislavjakl.cz\/index.php?rest_route=\/wp\/v2\/users\/1"}],"replies":[{"embeddable":true,"href":"https:\/\/www.ladislavjakl.cz\/index.php?rest_route=%2Fwp%2Fv2%2Fcomments&post=894"}],"version-history":[{"count":2,"href":"https:\/\/www.ladislavjakl.cz\/index.php?rest_route=\/wp\/v2\/posts\/894\/revisions"}],"predecessor-version":[{"id":896,"href":"https:\/\/www.ladislavjakl.cz\/index.php?rest_route=\/wp\/v2\/posts\/894\/revisions\/896"}],"wp:attachment":[{"href":"https:\/\/www.ladislavjakl.cz\/index.php?rest_route=%2Fwp%2Fv2%2Fmedia&parent=894"}],"wp:term":[{"taxonomy":"category","embeddable":true,"href":"https:\/\/www.ladislavjakl.cz\/index.php?rest_route=%2Fwp%2Fv2%2Fcategories&post=894"},{"taxonomy":"post_tag","embeddable":true,"href":"https:\/\/www.ladislavjakl.cz\/index.php?rest_route=%2Fwp%2Fv2%2Ftags&post=894"}],"curies":[{"name":"wp","href":"https:\/\/api.w.org\/{rel}","templated":true}]}}