{"id":8943,"date":"2018-08-13T10:55:26","date_gmt":"2018-08-13T08:55:26","guid":{"rendered":"http:\/\/www.ladislavjakl.cz\/?p=8943"},"modified":"2018-08-13T10:55:26","modified_gmt":"2018-08-13T08:55:26","slug":"senatni-kandidati-spd-v-praze-kocman-by-horni-komoru-zrusil-jakla-zase-nezajima-okamuruv-program-2","status":"publish","type":"post","link":"https:\/\/www.ladislavjakl.cz\/?p=8943","title":{"rendered":"Sen\u00e1tn\u00ed kandid\u00e1ti SPD v Praze: Kocman by horn\u00ed komoru zru\u0161il, Jakla zase nezaj\u00edm\u00e1 Okamur\u016fv program"},"content":{"rendered":"<p>Pra\u017e\u0161t\u00ed kandid\u00e1ti hnut\u00ed Svoboda a p\u0159\u00edm\u00e1 demokracie Tomia Okamury (SPD) do Sen\u00e1tu jsou zam\u011b\u0159en\u00ed zejm\u00e9na proti Evropsk\u00e9 unii. Ji\u0159\u00ed Kocman, kter\u00fd nyn\u00ed pracuje v Centru pro region\u00e1ln\u00ed rozvoj \u010cesk\u00e9 republiky, by hlasoval pro zru\u0161en\u00ed Sen\u00e1tu. Za SPD budou v hlavn\u00edm m\u011bst\u011b d\u00e1le kandidovat n\u011bkdej\u0161\u00ed \u0161\u00e9f politick\u00e9ho odboru kancel\u00e1\u0159e prezidenta V\u00e1clava Klause Ladislav Jakl, b\u00fdval\u00fd ministr zdravotnictv\u00ed z vl\u00e1dy Milo\u0161e Zemana Ivan David a b\u00fdval\u00fd gener\u00e1ln\u00ed \u0159editel V\u011bze\u0148sk\u00e9 slu\u017eby Lud\u011bk Kula. Sv\u00e9 politick\u00e9 n\u00e1zory dnes p\u0159edstavili na tiskov\u00e9 konferenci.<\/p>\n<p><!--more--><\/p>\n<p>&#8222;\u00dastava \u010cesk\u00e9 republiky je nastavena tak, \u017ee bez souhlasu Sen\u00e1tu nelze Sen\u00e1t zru\u0161it. Nen\u00ed to ur\u010dit\u011b v\u011bc \u010dernob\u00edl\u00e1, proto\u017ee zru\u0161it Sen\u00e1t znamen\u00e1 dob\u0159e vy\u0159e\u0161it ty povinnosti, kter\u00e9 dnes Sen\u00e1t m\u00e1 nap\u0159\u00edklad v dob\u011b rozpu\u0161t\u011bn\u00ed Sn\u011bmovny, ale pokud do Sen\u00e1tu dojde z\u00e1kon, kter\u00fd bude toto obsahovat v\u010detn\u011b zru\u0161en\u00ed Sen\u00e1tu, v\u011b\u0159te tomu, \u017ee ochotn\u011b zvednu ruku,&#8220; \u0159ekl Kocman, kter\u00fd kandiduje ve volebn\u00edm obvodu Praha 4.<\/p>\n<p>Kandid\u00e1ti SPD pro \u010dty\u0159i sen\u00e1tn\u00ed obvody, v nich\u017e se letos vol\u00ed nov\u00fd sen\u00e1tor, se vymezuj\u00ed zejm\u00e9na proti Evropsk\u00e9 unii, zvy\u0161ov\u00e1n\u00ed byrokratick\u00e9 z\u00e1t\u011b\u017ee a omezen\u00ed svobod. &#8222;Budu v\u017edy proti podobn\u00fdm tendenc\u00edm i z dom\u00e1c\u00ed \u010desk\u00e9 d\u00edlny. Budu proti dal\u0161\u00ed bruselsk\u00e9 centralizaci i za cenu vystoupen\u00ed z EU,&#8220; uvedl Jakl s t\u00edm, \u017ee odm\u00edt\u00e1 \u00fastupky na\u0159\u00edzen\u00edm, kter\u00e1 by p\u0159ikazovala p\u0159ij\u00edm\u00e1n\u00ed migrant\u016f. Jakl je kandid\u00e1tem pro obvod Praha 2, kde bude \u010delit siln\u00e9 konkurenci \u0159ady dal\u0161\u00edch osobnost\u00ed. V uplynul\u00fdch dnech se Jakl v rozhovoru pro DVTV vyslovil v duchu, \u017ee ho program strany v\u016fbec nezaj\u00edm\u00e1 a jde v jej\u00edch barv\u00e1ch jen kv\u016fli tomu, \u017ee je v opozici k EU.<\/p>\n<p>Ivan David, kter\u00fd bude kandidovat v Praze 12, chce v Sen\u00e1tu bojovat proti n\u00edzk\u00fdm mzd\u00e1m. &#8222;Pokud budeme mont\u00e1\u017en\u00ed d\u00edlnou Evropy, pokud zde budou n\u00edzk\u00e9 platy, budou se tady tak\u00e9 vyb\u00edrat n\u00edzk\u00e9 dan\u011b, n\u00edzk\u00e9 zdravotn\u00ed a soci\u00e1ln\u00ed poji\u0161t\u011bn\u00ed a st\u00e1t nebude schopen zajistit ve\u0159ejn\u00e9 slu\u017eby, \u0161kolstv\u00ed, zdravotnictv\u00ed, soci\u00e1ln\u00ed p\u00e9\u010di, v\u00fdzkum atd. a kvalifikovan\u00ed lid\u00e9 budou je\u0161t\u011b ve v\u011bt\u0161\u00ed m\u00ed\u0159e odch\u00e1zet na z\u00e1pad, t\u00edm se bude \u00fapadek \u010cesk\u00e9 republiky prohlubovat,&#8220; \u0159ekl.<\/p>\n<p>Nastaven\u00ed soci\u00e1ln\u00edho syst\u00e9mu v \u010cesku kritizuje Lud\u011bk Kula, podle kter\u00e9ho umo\u017e\u0148uje n\u011bkter\u00fdm lidem &#8222;bezpracn\u011b parazitovat na ve\u0159ejn\u00fdch rozpo\u010dtech&#8220;. Hlavn\u00edm t\u00e9matem Kuly je bezpe\u010dnost st\u00e1tu, kter\u00e1 podle n\u011bj nen\u00ed optim\u00e1ln\u00ed. Kula je kandid\u00e1tem SPD pro Prahu 8.<\/p>\n<p>Volby do Sen\u00e1tu se uskute\u010dn\u00ed 5. a 6. \u0159\u00edjna spolu s komun\u00e1ln\u00edmi volbami.<\/p>\n<p><a href=\"https:\/\/www.info.cz\/volby\/volby-do-senatu\/senatni-kandidati-spd-v-praze-kocman-by-horni-komoru-zrusil-jakla-zase-nezajima-okamuruv-program-35210.html\">Zdroj<\/a><\/p>\n<p>&nbsp;<\/p>\n","protected":false},"excerpt":{"rendered":"<p>Pra\u017e\u0161t\u00ed kandid\u00e1ti hnut\u00ed Svoboda a p\u0159\u00edm\u00e1 demokracie Tomia Okamury (SPD) do Sen\u00e1tu jsou zam\u011b\u0159en\u00ed zejm\u00e9na proti Evropsk\u00e9 unii. Ji\u0159\u00ed Kocman, kter\u00fd nyn\u00ed pracuje v Centru pro region\u00e1ln\u00ed rozvoj \u010cesk\u00e9 republiky, by hlasoval pro zru\u0161en\u00ed Sen\u00e1tu. Za SPD budou v hlavn\u00edm m\u011bst\u011b d\u00e1le kandidovat n\u011bkdej\u0161\u00ed \u0161\u00e9f politick\u00e9ho odboru kancel\u00e1\u0159e prezidenta V\u00e1clava Klause Ladislav Jakl, b\u00fdval\u00fd ministr [&hellip;]<\/p>\n","protected":false},"author":1,"featured_media":0,"comment_status":"open","ping_status":"open","sticky":false,"template":"","format":"standard","meta":{"ngg_post_thumbnail":0,"footnotes":""},"categories":[11],"tags":[],"class_list":["post-8943","post","type-post","status-publish","format-standard","hentry","category-ozvena"],"_links":{"self":[{"href":"https:\/\/www.ladislavjakl.cz\/index.php?rest_route=\/wp\/v2\/posts\/8943","targetHints":{"allow":["GET"]}}],"collection":[{"href":"https:\/\/www.ladislavjakl.cz\/index.php?rest_route=\/wp\/v2\/posts"}],"about":[{"href":"https:\/\/www.ladislavjakl.cz\/index.php?rest_route=\/wp\/v2\/types\/post"}],"author":[{"embeddable":true,"href":"https:\/\/www.ladislavjakl.cz\/index.php?rest_route=\/wp\/v2\/users\/1"}],"replies":[{"embeddable":true,"href":"https:\/\/www.ladislavjakl.cz\/index.php?rest_route=%2Fwp%2Fv2%2Fcomments&post=8943"}],"version-history":[{"count":1,"href":"https:\/\/www.ladislavjakl.cz\/index.php?rest_route=\/wp\/v2\/posts\/8943\/revisions"}],"predecessor-version":[{"id":8944,"href":"https:\/\/www.ladislavjakl.cz\/index.php?rest_route=\/wp\/v2\/posts\/8943\/revisions\/8944"}],"wp:attachment":[{"href":"https:\/\/www.ladislavjakl.cz\/index.php?rest_route=%2Fwp%2Fv2%2Fmedia&parent=8943"}],"wp:term":[{"taxonomy":"category","embeddable":true,"href":"https:\/\/www.ladislavjakl.cz\/index.php?rest_route=%2Fwp%2Fv2%2Fcategories&post=8943"},{"taxonomy":"post_tag","embeddable":true,"href":"https:\/\/www.ladislavjakl.cz\/index.php?rest_route=%2Fwp%2Fv2%2Ftags&post=8943"}],"curies":[{"name":"wp","href":"https:\/\/api.w.org\/{rel}","templated":true}]}}