{"id":8945,"date":"2018-08-13T11:03:30","date_gmt":"2018-08-13T09:03:30","guid":{"rendered":"http:\/\/www.ladislavjakl.cz\/?p=8945"},"modified":"2018-08-13T11:03:30","modified_gmt":"2018-08-13T09:03:30","slug":"petr-holec-pisnickari-tvrdi-predvolebni-muziku-uz-chybi-jen-ortel","status":"publish","type":"post","link":"https:\/\/www.ladislavjakl.cz\/?p=8945","title":{"rendered":"Petr Holec: P\u00edsni\u010dk\u00e1\u0159i tvrd\u00ed p\u0159edvolebn\u00ed muziku. U\u017e chyb\u00ed jen Ortel"},"content":{"rendered":"<div class=\"field field-perex\">\n<p>Snad je to tropick\u00fdm p\u0159edvolebn\u00edm l\u00e9tem, \u017ee letos politickou muziku nejv\u00edc tvrd\u00ed p\u00edsni\u010dk\u00e1\u0159i. Nejd\u0159\u00edv zavelel k&nbsp;tot\u00e1ln\u00edmu bojkotu premi\u00e9ra a \u0161\u00e9fa hnut\u00ed ANO Andreje Babi\u0161e p\u00edsni\u010dk\u00e1\u0159 Tom\u00e1\u0161 Klus. Pak ve sv\u00e9 m\u00e9n\u011b poda\u0159en\u00e9 p\u00edsni Milo\u0161 a zubat\u00e1 nechal zem\u0159\u00edt prezidenta Milo\u0161e Zemana p\u00edsni\u010dk\u00e1\u0159 Jaroslav Hutka. A nakonec za SPD Tomia Okamury do Sen\u00e1tu kandiduj\u00ed hospodsk\u00fd bluesman Ladislav Jakl a folka\u0159 Pepa Nos.<\/p>\n<\/div>\n<p><!--more--><\/p>\n<div class=\"field body\">\n<p>P\u0159\u00edm\u00e9 i nep\u0159\u00edm\u00e9 politick\u00e9 anga\u017em\u00e1 muzikant\u016f samoz\u0159ejm\u011b nen\u00ed ni\u010d\u00edm nov\u00fdm. Sed\u011bli v&nbsp;parlamentu a \u010dasto zazp\u00edvaj\u00ed, jakmile za\u010dne n\u011bjak\u00fd politik zachra\u0148ovat demokracii. Mo\u017en\u00e1 je to i d\u011bdictv\u00edm listopadu 1989, jemu\u017e kdysi dali ur\u010ditou symboliku pr\u00e1v\u011b i zp\u011bv\u00e1ci.<span class=\"Apple-converted-space\">&nbsp;<\/span><\/p>\n<p>Rozd\u00edl je ale v&nbsp;tom, \u017ee zat\u00edmco tehdy bojovali za n\u011bco, dnes bojuj\u00ed proti n\u011b\u010demu. Nebo sp\u00ed\u0161 proti n\u011bkomu. Klus vyt\u00e1hl proti premi\u00e9rovi, Hutka proti prezidentovi, Jakl proti elit\u00e1m a Nos t\u00e9m\u011b\u0159 proti v\u0161em. Na hudebn\u00edm trhu tak za\u010d\u00edn\u00e1 b\u00fdt dost t\u011bsno.<span class=\"Apple-converted-space\">&nbsp; &nbsp;<\/span><\/p>\n<h2><b>Jin\u00e1 liga<\/b><\/h2>\n<p>Klus s&nbsp;Hutkou nikam nekandiduj\u00ed, nebo aspo\u0148 zat\u00edm ne. U Kluse je samoz\u0159ejm\u011b ironie, \u017ee te\u010f vyt\u00e1hl pr\u00e1v\u011b proti Babi\u0161ovi, kdy\u017e p\u0159edt\u00edm ve sv\u00e9m hitu Za co, pane Bo\u017ee, za co vyt\u00e1hl stejn\u011b jako on proti v\u0161em tradi\u010dn\u00edm politik\u016fm. A nejv\u00edc proti t\u011bm z&nbsp;ODS a TOP 09, kte\u0159\u00ed nyn\u00ed bojuj\u00ed proti Babi\u0161ovi.<span class=\"Apple-converted-space\">&nbsp;<\/span><\/p>\n<p>Po Hutkov\u011b songu Milo\u0161 a zubat\u00e1, v&nbsp;n\u011bm\u017e p\u00edsni\u010dk\u00e1\u0159 poh\u0159b\u00edv\u00e1 prezidenta, zase nejsp\u00ed\u0161 jako obvykle nejv\u00edc zbudou slova Zemanova mluv\u010d\u00edho Ji\u0159\u00edho Ov\u010d\u00e1\u010dka, \u017ee si \u201es\u00e1m podepsal sv\u016fj ortel\u201c.<span class=\"Apple-converted-space\">&nbsp;<\/span><\/p>\n<p>Jakl s&nbsp;Nosem jsou ale jin\u00e1 liga. Prvn\u011b jmenovan\u00fd je dlouholet\u00fd spolupracovn\u00edk b\u00fdval\u00e9ho premi\u00e9ra a prezidenta V\u00e1clava Klause a st\u00e1le sed\u00ed i ve spr\u00e1vn\u00ed rad\u011b Institutu V\u00e1clava Klause. Te\u010f kandiduje za populistu Okamuru. Jeho hnut\u00ed SPD ozna\u010dil exministr spravedlnosti za ANO Robert Pelik\u00e1n za \u201efa\u0161istick\u00e9\u201c, zat\u00edmco podle v\u00fdro\u010dn\u00ed zpr\u00e1vy ministerstva vnitra \u00fasp\u011b\u0161n\u011b p\u0159ebralo extremistickou agendu.<span class=\"Apple-converted-space\">&nbsp;<\/span><\/p>\n<p>A pozadu nez\u016fst\u00e1v\u00e1 ani s\u00e1m Jakl. Mimo jin\u00e9 p\u00ed\u0161e, \u017ee sou\u010dasn\u00e9 elity cht\u011bj\u00ed c\u00edlen\u011b \u0159\u00edzenou masovou migrac\u00ed, podobn\u011b jako kdysi nacisti, vytvo\u0159it \u201enov\u00e9ho \u010dlov\u011bka\u201c.<span class=\"Apple-converted-space\">&nbsp;<\/span><\/p>\n<h2><b>Chyb\u00ed jen Ortel<\/b><\/h2>\n<p>Hrd\u011b homofobn\u00ed Nos na to jde je\u0161t\u011b ost\u0159eji. Jeho vlastn\u00ed web je pln\u00fd slov o \u201e\u0161m\u00edrov\u00e1n\u00ed,\u201c \u201esl\u00edd\u011bn\u00ed,\u201c \u201evym\u00fdv\u00e1n\u00ed mozk\u016f\u201c a taky spousty nad\u00e1vek.<span class=\"Apple-converted-space\">&nbsp;<\/span><\/p>\n<p class=\"citation\"><em>Chyb\u00ed snad jen Ortel. Ne v\u0161ak ten Ov\u010d\u00e1\u010dk\u016fv, ale taky p\u00edsni\u010dk\u00e1\u0159.<\/em><strong>Petr Holec<\/strong><\/p>\n<p>Jakl s&nbsp;Nosem to samoz\u0159ejm\u011b u\u017e zkou\u0161eli i v&nbsp;jin\u00fdch volb\u00e1ch. Prvn\u011b jmenovan\u00fd cht\u011bl b\u00fdt prezidentem, nesebral ale dost podpis\u016f a z\u016fstal jen prezidentem Prvn\u00ed pivn\u00ed extraligy. Nos kandidoval nejen za Prav\u00fd blok \u010di Balb\u00ednovu poetickou stranu ve v\u0161ech mo\u017en\u00fdch volb\u00e1ch, taky ne\u00fasp\u011b\u0161n\u011b. A stejn\u011b te\u010f mo\u017en\u00e1 dopadnou i v&nbsp;sen\u00e1tn\u00edch volb\u00e1ch.<span class=\"Apple-converted-space\">&nbsp;<\/span><\/p>\n<p>U\u017e jen jejich kandidatura ale vypov\u00edd\u00e1 o d\u016fstojnosti Sen\u00e1tu. Chyb\u00ed snad jen Ortel. Ne v\u0161ak ten Ov\u010d\u00e1\u010dk\u016fv, ale taky p\u00edsni\u010dk\u00e1\u0159.<\/p>\n<p><a href=\"https:\/\/plus.rozhlas.cz\/petr-holec-pisnickari-tvrdi-predvolebni-muziku-uz-chybi-jen-ortel-7585442\">Zdroj<\/a><\/p>\n<\/div>\n","protected":false},"excerpt":{"rendered":"<p>Snad je to tropick\u00fdm p\u0159edvolebn\u00edm l\u00e9tem, \u017ee letos politickou muziku nejv\u00edc tvrd\u00ed p\u00edsni\u010dk\u00e1\u0159i. Nejd\u0159\u00edv zavelel k&nbsp;tot\u00e1ln\u00edmu bojkotu premi\u00e9ra a \u0161\u00e9fa hnut\u00ed ANO Andreje Babi\u0161e p\u00edsni\u010dk\u00e1\u0159 Tom\u00e1\u0161 Klus. Pak ve sv\u00e9 m\u00e9n\u011b poda\u0159en\u00e9 p\u00edsni Milo\u0161 a zubat\u00e1 nechal zem\u0159\u00edt prezidenta Milo\u0161e Zemana p\u00edsni\u010dk\u00e1\u0159 Jaroslav Hutka. A nakonec za SPD Tomia Okamury do Sen\u00e1tu kandiduj\u00ed hospodsk\u00fd bluesman [&hellip;]<\/p>\n","protected":false},"author":1,"featured_media":0,"comment_status":"open","ping_status":"open","sticky":false,"template":"","format":"standard","meta":{"ngg_post_thumbnail":0,"footnotes":""},"categories":[11],"tags":[],"class_list":["post-8945","post","type-post","status-publish","format-standard","hentry","category-ozvena"],"_links":{"self":[{"href":"https:\/\/www.ladislavjakl.cz\/index.php?rest_route=\/wp\/v2\/posts\/8945","targetHints":{"allow":["GET"]}}],"collection":[{"href":"https:\/\/www.ladislavjakl.cz\/index.php?rest_route=\/wp\/v2\/posts"}],"about":[{"href":"https:\/\/www.ladislavjakl.cz\/index.php?rest_route=\/wp\/v2\/types\/post"}],"author":[{"embeddable":true,"href":"https:\/\/www.ladislavjakl.cz\/index.php?rest_route=\/wp\/v2\/users\/1"}],"replies":[{"embeddable":true,"href":"https:\/\/www.ladislavjakl.cz\/index.php?rest_route=%2Fwp%2Fv2%2Fcomments&post=8945"}],"version-history":[{"count":1,"href":"https:\/\/www.ladislavjakl.cz\/index.php?rest_route=\/wp\/v2\/posts\/8945\/revisions"}],"predecessor-version":[{"id":8946,"href":"https:\/\/www.ladislavjakl.cz\/index.php?rest_route=\/wp\/v2\/posts\/8945\/revisions\/8946"}],"wp:attachment":[{"href":"https:\/\/www.ladislavjakl.cz\/index.php?rest_route=%2Fwp%2Fv2%2Fmedia&parent=8945"}],"wp:term":[{"taxonomy":"category","embeddable":true,"href":"https:\/\/www.ladislavjakl.cz\/index.php?rest_route=%2Fwp%2Fv2%2Fcategories&post=8945"},{"taxonomy":"post_tag","embeddable":true,"href":"https:\/\/www.ladislavjakl.cz\/index.php?rest_route=%2Fwp%2Fv2%2Ftags&post=8945"}],"curies":[{"name":"wp","href":"https:\/\/api.w.org\/{rel}","templated":true}]}}