{"id":8947,"date":"2018-08-13T11:04:21","date_gmt":"2018-08-13T09:04:21","guid":{"rendered":"http:\/\/www.ladislavjakl.cz\/?p=8947"},"modified":"2018-08-13T11:04:21","modified_gmt":"2018-08-13T09:04:21","slug":"chapu-jakla-ze-chce-zastavit-masovou-migraci-rekl-na-snezce-klaus","status":"publish","type":"post","link":"https:\/\/www.ladislavjakl.cz\/?p=8947","title":{"rendered":"Ch\u00e1pu Jakla, \u017ee chce zastavit masovou migraci, \u0159ekl na Sn\u011b\u017ece Klaus"},"content":{"rendered":"<div class=\"f_gi\">\n<p class=\"c_R\">Na Sn\u011b\u017eku dnes jako ka\u017ed\u00fd rok stoupal b\u00fdval\u00fd prezident V\u00e1clav Klaus. \u00da\u010dastnil se tradi\u010dn\u00ed m\u0161e, kter\u00e1 je sou\u010d\u00e1st\u00ed Svatovav\u0159ineck\u00e9 pouti. Seznam.cz vys\u00edlal Klaus\u016fv v\u00fdstup v p\u0159\u00edm\u00e9m p\u0159enosu. Exprezident na vrcholu hory vyj\u00e1d\u0159il podporu sv\u00e9mu n\u011bkdej\u0161\u00edmu bl\u00edzk\u00e9mu spolupracovn\u00edkovi Ladislavu Jaklovi, jen\u017e v Praze kandiduje za okamurovce.<\/p>\n<\/div>\n<p><!--more--><\/p>\n<div class=\"ogm-track\">N\u011bkdej\u0161\u00ed \u0161\u00e9f politick\u00e9ho odboru kancel\u00e1\u0159e prezidenta Ladislav Jakl kandiduje v Praze za SPD. Na dotaz Seznamu \u0159ekl dnes na Sn\u011b\u017ece V\u00e1clav Klaus, \u017ee Jakla ch\u00e1pe a m\u00e1 jeho sympatie. \u201eChce zvednout tu vlajku proti masov\u00e9 migraci,\u201d \u0159ekl Klaus.<\/div>\n<div class=\"f_gb\" data-e2e=\"ogm-article-layout\">\n<article class=\"f_gc\" role=\"article\" aria-labelledby=\"accessibility-article\">\n<div class=\"f_aI\" data-dot=\"ogm-article-content\">\n<div class=\"d_aJ\">\n<div class=\"d_ch\">\n<p class=\"c_R\">Na vrcholu Sn\u011b\u017eky se dnes v poledne uskute\u010dnila tradi\u010dn\u00ed m\u0161e, kter\u00e1 je sou\u010d\u00e1st\u00ed Svatovav\u0159ineck\u00e9 pouti. Ka\u017edoro\u010dn\u011b na ni m\u00ed\u0159\u00ed stovky poutn\u00edk\u016f z \u010cesk\u00e9 republiky i z Polska. Nap\u0159\u00edklad v Peci m\u011bli poutn\u00edci sraz v 8:30 na parkovi\u0161ti u kapli\u010dky, kde je p\u0159iv\u00edtal Krakono\u0161.<\/p>\n<p class=\"c_R\">Poutn\u00edci se kolem 11:00 v\u011bt\u0161inou potkaj\u00ed u Slezsk\u00e9ho domu s poutn\u00edky z Polska, m\u0161i na vrcholu slou\u017eil kr\u00e1lov\u00e9hradeck\u00fd biskup Jan Vok\u00e1l. \u201eMezi poutn\u00edky byl i b\u00fdval\u00fd prezident V\u00e1clav Klaus, kter\u00fd je tradi\u010dn\u00edm \u00fa\u010dastn\u00edkem v\u00fdstupu,\u201d uvedl Petr Macinka z Institutu V\u00e1clava Klause.<\/p>\n<p class=\"c_R\">Pou\u0165 na Sn\u011b\u017eku se kon\u00e1 ka\u017edoro\u010dn\u011b na sv\u00e1tek svat\u00e9ho Vav\u0159ince, kter\u00fd je patronem nejen kucha\u0159\u016f, cukr\u00e1\u0159\u016f, pivovarn\u00edk\u016f \u010di hostinsk\u00fdch, ale i Krkono\u0161. Jm\u00e9no svat\u00e9ho Vav\u0159ince tak\u00e9 nese kaple, kter\u00e1 stoj\u00ed na vrcholu Sn\u011b\u017eky. M\u0161e svat\u00e1 pod \u0161ir\u00fdm nebem se konala pr\u00e1v\u011b u kaple sv. Vav\u0159ince.<\/p>\n<p><a href=\"https:\/\/www.seznamzpravy.cz\/clanek\/primy-prenos-exprezident-klaus-dobyva-vrchol-snezky-53688\">Zdroj<\/a><\/p>\n<\/div>\n<\/div>\n<\/div>\n<\/article>\n<\/div>\n","protected":false},"excerpt":{"rendered":"<p>Na Sn\u011b\u017eku dnes jako ka\u017ed\u00fd rok stoupal b\u00fdval\u00fd prezident V\u00e1clav Klaus. \u00da\u010dastnil se tradi\u010dn\u00ed m\u0161e, kter\u00e1 je sou\u010d\u00e1st\u00ed Svatovav\u0159ineck\u00e9 pouti. Seznam.cz vys\u00edlal Klaus\u016fv v\u00fdstup v p\u0159\u00edm\u00e9m p\u0159enosu. Exprezident na vrcholu hory vyj\u00e1d\u0159il podporu sv\u00e9mu n\u011bkdej\u0161\u00edmu bl\u00edzk\u00e9mu spolupracovn\u00edkovi Ladislavu Jaklovi, jen\u017e v Praze kandiduje za okamurovce.<\/p>\n","protected":false},"author":1,"featured_media":0,"comment_status":"open","ping_status":"open","sticky":false,"template":"","format":"standard","meta":{"ngg_post_thumbnail":0,"footnotes":""},"categories":[11],"tags":[],"class_list":["post-8947","post","type-post","status-publish","format-standard","hentry","category-ozvena"],"_links":{"self":[{"href":"https:\/\/www.ladislavjakl.cz\/index.php?rest_route=\/wp\/v2\/posts\/8947","targetHints":{"allow":["GET"]}}],"collection":[{"href":"https:\/\/www.ladislavjakl.cz\/index.php?rest_route=\/wp\/v2\/posts"}],"about":[{"href":"https:\/\/www.ladislavjakl.cz\/index.php?rest_route=\/wp\/v2\/types\/post"}],"author":[{"embeddable":true,"href":"https:\/\/www.ladislavjakl.cz\/index.php?rest_route=\/wp\/v2\/users\/1"}],"replies":[{"embeddable":true,"href":"https:\/\/www.ladislavjakl.cz\/index.php?rest_route=%2Fwp%2Fv2%2Fcomments&post=8947"}],"version-history":[{"count":1,"href":"https:\/\/www.ladislavjakl.cz\/index.php?rest_route=\/wp\/v2\/posts\/8947\/revisions"}],"predecessor-version":[{"id":8948,"href":"https:\/\/www.ladislavjakl.cz\/index.php?rest_route=\/wp\/v2\/posts\/8947\/revisions\/8948"}],"wp:attachment":[{"href":"https:\/\/www.ladislavjakl.cz\/index.php?rest_route=%2Fwp%2Fv2%2Fmedia&parent=8947"}],"wp:term":[{"taxonomy":"category","embeddable":true,"href":"https:\/\/www.ladislavjakl.cz\/index.php?rest_route=%2Fwp%2Fv2%2Fcategories&post=8947"},{"taxonomy":"post_tag","embeddable":true,"href":"https:\/\/www.ladislavjakl.cz\/index.php?rest_route=%2Fwp%2Fv2%2Ftags&post=8947"}],"curies":[{"name":"wp","href":"https:\/\/api.w.org\/{rel}","templated":true}]}}