{"id":8949,"date":"2018-08-14T13:41:38","date_gmt":"2018-08-14T11:41:38","guid":{"rendered":"http:\/\/www.ladislavjakl.cz\/?p=8949"},"modified":"2018-08-14T13:41:38","modified_gmt":"2018-08-14T11:41:38","slug":"jakl-ma-me-sympatie-rekl-o-jeho-kandidature-za-spd-vaclav-klaus","status":"publish","type":"post","link":"https:\/\/www.ladislavjakl.cz\/?p=8949","title":{"rendered":"Jakl m\u00e1 m\u00e9 sympatie, \u0159ekl o jeho kandidatu\u0159e za SPD V\u00e1clav Klaus"},"content":{"rendered":"<p>Exprezident V\u00e1clav Klaus nem\u00e1 probl\u00e9m s t\u00edm, \u017ee jeho n\u011bkdej\u0161\u00ed tajemn\u00edk Ladislav Jakl v Praze kandiduje do sen\u00e1tn\u00edch voleb za Okamurovu SPD. Novin\u00e1\u0159\u016fm to \u0159ekl na Sn\u011b\u017ece p\u0159i Svatovav\u0159ineck\u00e9 pouti.<\/p>\n<p><!--more--><\/p>\n<p>Za z\u00e1sadn\u00ed Klaus&nbsp;pova\u017euje, \u017ee jak jeho n\u011bkdej\u0161\u00ed spolupracovn\u00edk, tak Okamurovci cht\u011bj\u00ed zastavit masovou migraci do Evropy.<\/p>\n<p>\u201eRozum\u00edm tomu, \u017ee pan Jakl souc\u00edt\u00ed se stranou, za kterou kandiduje, jednu z\u00e1sadn\u00ed v\u011bc. A sice neuv\u011b\u0159itelnou hrozbu, kterou p\u0159edstavuje masov\u00e1 migrace do Evropy a tato strana, cokoli dal\u0161\u00edho si o n\u00ed m\u016f\u017eeme myslet, je u n\u00e1s jedin\u00e1, kter\u00e1 v tomto smyslu zcela jednozna\u010dn\u00fd n\u00e1zor,\u201c sd\u011blil na vrcholu nejvy\u0161\u0161\u00ed hory V\u00e1clav Klaus.<\/p>\n<p>\u201eLadislav Jakl m\u00e1 m\u00e9 sympatie, proto\u017ee chce&nbsp;zvednout&nbsp;prapor tohoto t\u00e9matu, tedy darebnosti a nebezpe\u010dnosti masov\u00e9 migrace,\u201c dodala n\u011bkdej\u0161\u00ed hlava st\u00e1tu. B\u00fdval\u00fd \u0159editel politick\u00e9ho odboru&nbsp;kancel\u00e1\u0159e&nbsp;prezidenta bude kandidovat na Praze 2, jeho soupe\u0159i mimo jin\u00e9 budou ne\u00fasp\u011b\u0161n\u00fd prezidentsk\u00fd kandid\u00e1t Marek Hil\u0161er (Nez\u00e1visl\u00fd) nebo sen\u00e1tor za Pir\u00e1ty Libor Mich\u00e1lek.<\/p>\n<h3 id=\"--neuspeli-v-prezidentskych-volbach,-zkousi-to-niz,-mini-exprezident\" class=\"tit\">Neusp\u011bli v prezidentsk\u00fdch volb\u00e1ch, zkou\u0161\u00ed to n\u00ed\u017e, m\u00edn\u00ed exprezident<\/h3>\n<p>V\u00e1clava Klause nep\u0159ekvapuje, \u017ee do podzimn\u00edch sen\u00e1tn\u00edch voleb jde hned n\u011bkolik osobnost\u00ed, kter\u00e9 v ned\u00e1vn\u00e9m prezidentsk\u00e9m souboji vyzvaly Milo\u0161e Zemana. Krom\u011b Hil\u0161era kandidaturu ozn\u00e1mil Ji\u0159\u00ed Draho\u0161, Pavel Fischer i Ji\u0159\u00ed Hynek.<\/p>\n<p>\u201eJsou to lid\u00e9, kte\u0159\u00ed se cht\u011bj\u00ed anga\u017eovat v politice. Nevy\u0161la jim prezidentsk\u00e1 kandidatura, tak to zkou\u0161ej\u00ed o patro n\u00ed\u017e. D\u00edky prezidentsk\u00e9 kandidatu\u0159e se pro b\u011b\u017en\u00e9ho voli\u010de stali pom\u011brn\u011b zn\u00e1m\u00fdmi, tak\u017ee maj\u00ed ur\u010ditou v\u00fdhodu proti ostatn\u00edmi, jakkoliv nikdo z nich nepat\u0159\u00ed do okruhu lid\u00ed, kter\u00e9 j\u00e1 bych cht\u011bl volit,\u201c konstatoval V\u00e1clav Klaus.<\/p>\n<p>\u0158\u00edjnov\u00e9 sen\u00e1tn\u00ed a komun\u00e1ln\u00ed volby vn\u00edm\u00e1 jako souboj tradi\u010dn\u00edch stran a nov\u00fdch politick\u00fdch uskupen\u00ed, jako jsou Pir\u00e1ti, STAN \u010di TOP 09.<\/p>\n<h3 id=\"--pirati-jako-zkaza-veskere-politiky,-anarchie-a-antipolitika\" class=\"tit\">Pir\u00e1ti jako zk\u00e1za ve\u0161ker\u00e9 politiky, anarchie a antipolitika<\/h3>\n<p>\u201eP\u0159\u00e1l bych si, aby usp\u011bly v\u00edce standardn\u00ed politick\u00e9 strany. Prahu vid\u00edm beznad\u011bjn\u011b a ob\u00e1v\u00e1m se mimo\u0159\u00e1dn\u00e9ho v\u00fdsledku Pir\u00e1t\u016f, a to je zk\u00e1za ve\u0161ker\u00e9 politiky, to je anarchie a antipolitika. ODS m\u011bla unik\u00e1tn\u00ed \u0161anci do toho z\u00e1sadn\u011b promluvit, ale v\u00fdb\u011brem \u0161pi\u010dkov\u00fdch kandid\u00e1t\u016f na jedn\u00e9 stran\u011b a volbou&nbsp;hesel&nbsp;do t\u011bchto voleb na druh\u00e9 stran\u011b si pod sebou podtrhla stoli\u010dku a podle m\u00e9ho n\u00e1zoru nem\u00e1 v Praze \u0161anci,\u201c poznamenal b\u00fdval\u00fd dlouholet\u00fd p\u0159edseda pravicov\u00e9 strany.<\/p>\n<p>Pra\u017eskou ODS povede do komun\u00e1ln\u00edch voleb exprim\u00e1tor Bohuslav Svoboda.<\/p>\n<p>V\u00e1clav Klaus pat\u0159\u00ed mezi tradi\u010dn\u00ed \u00fa\u010dastn\u00edky Svatovav\u0159ineck\u00e9 pout\u011b. Stejn\u011b jako v p\u0159ede\u0161l\u00fdch letech \u0161el na Sn\u011b\u017eku v doprovodu bodyguard\u016f a \u010dlen\u016f&nbsp;rodiny&nbsp;z Lu\u010dn\u00ed boudy.<\/p>\n<p>\u201eKdy\u017e jsme r\u00e1no vych\u00e1zeli, vypadalo to hr\u016fzostra\u0161n\u011b. \u010cekali jsme, \u017ee bude pr\u0161et celou dobu. Hlavn\u00ed lij\u00e1k jsme p\u0159e\u010dkali, pak u\u017e se \u0161lo dob\u0159e,\u201c zhodnotil b\u00fdval\u00fd prezident.<\/p>\n<p><a href=\"https:\/\/hradec.idnes.cz\/klaus-cesta-na-snezku-jakl-spd-volby-d7f-\/hradec-zpravy.aspx?c=A180810_141944_hradec-zpravy_zuf\">Zdroj<\/a><\/p>\n","protected":false},"excerpt":{"rendered":"<p>Exprezident V\u00e1clav Klaus nem\u00e1 probl\u00e9m s t\u00edm, \u017ee jeho n\u011bkdej\u0161\u00ed tajemn\u00edk Ladislav Jakl v Praze kandiduje do sen\u00e1tn\u00edch voleb za Okamurovu SPD. Novin\u00e1\u0159\u016fm to \u0159ekl na Sn\u011b\u017ece p\u0159i Svatovav\u0159ineck\u00e9 pouti.<\/p>\n","protected":false},"author":1,"featured_media":0,"comment_status":"open","ping_status":"open","sticky":false,"template":"","format":"standard","meta":{"ngg_post_thumbnail":0,"footnotes":""},"categories":[11],"tags":[],"class_list":["post-8949","post","type-post","status-publish","format-standard","hentry","category-ozvena"],"_links":{"self":[{"href":"https:\/\/www.ladislavjakl.cz\/index.php?rest_route=\/wp\/v2\/posts\/8949","targetHints":{"allow":["GET"]}}],"collection":[{"href":"https:\/\/www.ladislavjakl.cz\/index.php?rest_route=\/wp\/v2\/posts"}],"about":[{"href":"https:\/\/www.ladislavjakl.cz\/index.php?rest_route=\/wp\/v2\/types\/post"}],"author":[{"embeddable":true,"href":"https:\/\/www.ladislavjakl.cz\/index.php?rest_route=\/wp\/v2\/users\/1"}],"replies":[{"embeddable":true,"href":"https:\/\/www.ladislavjakl.cz\/index.php?rest_route=%2Fwp%2Fv2%2Fcomments&post=8949"}],"version-history":[{"count":1,"href":"https:\/\/www.ladislavjakl.cz\/index.php?rest_route=\/wp\/v2\/posts\/8949\/revisions"}],"predecessor-version":[{"id":8950,"href":"https:\/\/www.ladislavjakl.cz\/index.php?rest_route=\/wp\/v2\/posts\/8949\/revisions\/8950"}],"wp:attachment":[{"href":"https:\/\/www.ladislavjakl.cz\/index.php?rest_route=%2Fwp%2Fv2%2Fmedia&parent=8949"}],"wp:term":[{"taxonomy":"category","embeddable":true,"href":"https:\/\/www.ladislavjakl.cz\/index.php?rest_route=%2Fwp%2Fv2%2Fcategories&post=8949"},{"taxonomy":"post_tag","embeddable":true,"href":"https:\/\/www.ladislavjakl.cz\/index.php?rest_route=%2Fwp%2Fv2%2Ftags&post=8949"}],"curies":[{"name":"wp","href":"https:\/\/api.w.org\/{rel}","templated":true}]}}