{"id":8951,"date":"2018-08-14T13:42:42","date_gmt":"2018-08-14T11:42:42","guid":{"rendered":"http:\/\/www.ladislavjakl.cz\/?p=8951"},"modified":"2018-08-14T13:42:42","modified_gmt":"2018-08-14T11:42:42","slug":"kopeme-stolu-z-vezeni-mini-ladislav-jakl-a-ma-plnou-pravdu","status":"publish","type":"post","link":"https:\/\/www.ladislavjakl.cz\/?p=8951","title":{"rendered":"Kopeme \u0161tolu z v\u011bzen\u00ed, m\u00edn\u00ed Ladislav Jakl a m\u00e1 plnou pravdu"},"content":{"rendered":"<p>N\u00e1\u0161 kandid\u00e1t v sen\u00e1tn\u00edch volb\u00e1ch Ladislav Jakl \u0159ekl pravdiv\u00fd p\u0159\u00edm\u011br. M\u00e1me rozd\u00edln\u00e9 n\u00e1zory, ale nyn\u00ed spole\u010dn\u011b kopeme \u0161tolu z v\u011bzen\u00ed. T\u00edm v\u011bzen\u00edm je EU. \u010cesk\u00e1 politika u\u017e se d\u00e1vno ned\u011bl\u00ed na levici a pravici a vlastn\u011b u\u017e d\u00e1vno nen\u00ed \u010desk\u00e1. Sou\u010dasn\u00e1 vl\u00e1da funguje bez ministra zahrani\u010d\u00ed a nevad\u00ed to, nebo\u0165 na\u0161e zem\u011b nem\u00e1 zahrani\u010dn\u00ed suverenitu. Rozhoduje se v Berl\u00edn\u011b a Bruselu.<\/p>\n<p><!--more--><\/p>\n<p>Strany hlavn\u00edho proudu jen imituj\u00ed demokratickou sout\u011b\u017e. Ve skute\u010dnosti sout\u011b\u017e\u00ed pouze o \u201epolitick\u00e9 trafiky\u201c bez \u0161ance na realizaci vlastn\u00edch n\u00e1rodn\u00edch politick\u00fdch program\u016f. Zahrani\u010dn\u00ed korporace ovl\u00e1dan\u00e9 glob\u00e1ln\u00edmi finan\u010dn\u00edmi spekulanty bohatnou z levn\u00e9 \u010desk\u00e9 pr\u00e1ce. Proto, aby byly je\u0161t\u011b bohat\u0161\u00ed, tak realizuj\u00ed imigra\u010dn\u00ed projekty, kter\u00e9 maj\u00ed zni\u010dit n\u00e1rody. Notuj\u00ed si v tom s neomarxisty, kte\u0159\u00ed usiluj\u00ed o absolutn\u00ed kontrolu a regulaci spole\u010dnosti a nov\u00fd sv\u011btov\u00fd \u0159\u00e1d. Pod maskou liberalismu c\u00edlen\u011b ni\u010d\u00ed rodinu a dal\u0161\u00ed p\u0159irozen\u00e9 hodnoty.<\/p>\n<p>Strany hlavn\u00edho proudu p\u0159ijaly \u00falohu politick\u00fdch poslu\u0161n\u00fdch herc\u016f na demo -demokracii v mez\u00edch budov\u00e1n\u00ed sv\u011btov\u00e9ho \u0159\u00e1du. N\u011bkter\u00e9 jako \u010cSSD si to dokonce otev\u0159en\u011b p\u00ed\u0161ou do sv\u00fdch program\u016f. Na\u0161e v\u011bzen\u00ed je zat\u00edm pohodln\u00e9. Je za\u0159\u00edzeno z dluh\u016f jednotliv\u00fdch zem\u00ed tak, aby lid\u00e9 nepochopili, do jak\u00e9ho nebezpe\u010d\u00ed se evropsk\u00e9 n\u00e1rody dostaly. Je to ale v\u011bzen\u00ed, ve kter\u00e9m jsou evropsk\u00e9 n\u00e1rody zav\u0159en\u00e9 s rozsudkem smrti. Vykon\u00e1n\u00ed rozsudku smrti hroz\u00ed nejen n\u00e1rod\u016fm, ale tak\u00e9 svobod\u011b \u010dlov\u011bka.<\/p>\n<p>Pr\u00e1v\u011b proto, kdy\u017e se vrac\u00edm ke slov\u016fm Ladislava Jakla, p\u0159i\u0161el \u010das spole\u010dn\u011b pracovat na z\u00e1chran\u011b n\u00e1roda a na z\u00e1chran\u011b svobody. Hnut\u00ed SPD tento politick\u00fd boj vede spole\u010dn\u011b s vlasteneck\u00fdmi stranami v Evrop\u011b. Z\u00e1kladn\u00ed ot\u00e1zka dnes nezn\u00ed, jestli jsme levice nebo pravice. Z\u00e1kladn\u00ed ot\u00e1zka zn\u00ed \u2013 jestli se chceme p\u0159em\u011bnit pouze v jednotky pracovn\u00ed s\u00edly a spot\u0159eby v multikulturn\u00edm glob\u00e1ln\u00edm krimin\u00e1le, kde bohem bude zisk a mor\u00e1lku bude ur\u010dovat dikt\u00e1t men\u0161in. Odpov\u011b\u010f hnut\u00ed SPD zn\u00ed jasn\u00e9 NE!<\/p>\n<p><a href=\"http:\/\/www.vlasteneckenoviny.cz\/?p=204747\">Zdroj<\/a><\/p>\n","protected":false},"excerpt":{"rendered":"<p>N\u00e1\u0161 kandid\u00e1t v sen\u00e1tn\u00edch volb\u00e1ch Ladislav Jakl \u0159ekl pravdiv\u00fd p\u0159\u00edm\u011br. M\u00e1me rozd\u00edln\u00e9 n\u00e1zory, ale nyn\u00ed spole\u010dn\u011b kopeme \u0161tolu z v\u011bzen\u00ed. T\u00edm v\u011bzen\u00edm je EU. \u010cesk\u00e1 politika u\u017e se d\u00e1vno ned\u011bl\u00ed na levici a pravici a vlastn\u011b u\u017e d\u00e1vno nen\u00ed \u010desk\u00e1. Sou\u010dasn\u00e1 vl\u00e1da funguje bez ministra zahrani\u010d\u00ed a nevad\u00ed to, nebo\u0165 na\u0161e zem\u011b nem\u00e1 zahrani\u010dn\u00ed suverenitu. [&hellip;]<\/p>\n","protected":false},"author":1,"featured_media":0,"comment_status":"open","ping_status":"open","sticky":false,"template":"","format":"standard","meta":{"ngg_post_thumbnail":0,"footnotes":""},"categories":[11],"tags":[],"class_list":["post-8951","post","type-post","status-publish","format-standard","hentry","category-ozvena"],"_links":{"self":[{"href":"https:\/\/www.ladislavjakl.cz\/index.php?rest_route=\/wp\/v2\/posts\/8951","targetHints":{"allow":["GET"]}}],"collection":[{"href":"https:\/\/www.ladislavjakl.cz\/index.php?rest_route=\/wp\/v2\/posts"}],"about":[{"href":"https:\/\/www.ladislavjakl.cz\/index.php?rest_route=\/wp\/v2\/types\/post"}],"author":[{"embeddable":true,"href":"https:\/\/www.ladislavjakl.cz\/index.php?rest_route=\/wp\/v2\/users\/1"}],"replies":[{"embeddable":true,"href":"https:\/\/www.ladislavjakl.cz\/index.php?rest_route=%2Fwp%2Fv2%2Fcomments&post=8951"}],"version-history":[{"count":1,"href":"https:\/\/www.ladislavjakl.cz\/index.php?rest_route=\/wp\/v2\/posts\/8951\/revisions"}],"predecessor-version":[{"id":8952,"href":"https:\/\/www.ladislavjakl.cz\/index.php?rest_route=\/wp\/v2\/posts\/8951\/revisions\/8952"}],"wp:attachment":[{"href":"https:\/\/www.ladislavjakl.cz\/index.php?rest_route=%2Fwp%2Fv2%2Fmedia&parent=8951"}],"wp:term":[{"taxonomy":"category","embeddable":true,"href":"https:\/\/www.ladislavjakl.cz\/index.php?rest_route=%2Fwp%2Fv2%2Fcategories&post=8951"},{"taxonomy":"post_tag","embeddable":true,"href":"https:\/\/www.ladislavjakl.cz\/index.php?rest_route=%2Fwp%2Fv2%2Ftags&post=8951"}],"curies":[{"name":"wp","href":"https:\/\/api.w.org\/{rel}","templated":true}]}}